{"id":58899,"date":"2025-05-08T00:01:00","date_gmt":"2025-05-08T06:01:00","guid":{"rendered":"https:\/\/www.opinionpublica.tv\/portada\/?p=58899"},"modified":"2025-05-07T21:37:40","modified_gmt":"2025-05-08T03:37:40","slug":"sheinbaum-reacciona-a-reto-del-ex-presidente-zedillo-para-auditar-obras-de-la-4t","status":"publish","type":"post","link":"https:\/\/www.opinionpublica.tv\/portada\/sheinbaum-reacciona-a-reto-del-ex-presidente-zedillo-para-auditar-obras-de-la-4t\/","title":{"rendered":"Sheinbaum reacciona al reto del ex presidente Zedillo para que se auditen obras de la 4T"},"content":{"rendered":"\n<figure class=\"wp-block-image size-full\"><img fetchpriority=\"high\" decoding=\"async\" width=\"1100\" height=\"666\" src=\"https:\/\/www.opinionpublica.tv\/portada\/wp-content\/uploads\/2025\/05\/Sheinbaum-reacciona-al-reto-del-ex-presidente-Zedillo-para-que-se-auditen-obras-de-la-4T.avif\" alt=\"Sheinbaum reacciona al reto del ex presidente zedillo para que se auditen obras de la 4t\" class=\"wp-image-58902\"\/><\/figure>\n\n\n\n<p class=\"wp-block-paragraph\">Luego de que el expresidente priista Ernesto Zedillo ret\u00f3 que un auditor internacional revise las obras prioritarias del gobierno de la cuarta transformaci\u00f3n como el Tren Maya, la refiner\u00eda de Dos Bocas y el aeropuerto de Texcoco, la presidenta Claudia Sheinbaum Pardo respondi\u00f3 que \u201cno se necesita\u201d.<\/p>\n\n\n\n<p class=\"wp-block-paragraph\">Sheinbaum Pardo tambi\u00e9n hizo menci\u00f3n a una auditor\u00eda de la Auditor\u00eda Superior de la Federaci\u00f3n (ASF) sobre el Fobaproa de 1998, ante el planteamiento de crear en el Congreso una Comisi\u00f3n de la Verdad para revisar el caso.<\/p>\n\n\n\n<p class=\"wp-block-paragraph\">\u201c\u00a1C\u00f3mo lo puedes comparar! Lo que pasa es que a ellos no les gusta que haya regresado la obra p\u00fablica en M\u00e9xico, no les gusta que estemos construyendo tantas carreteras con recursos p\u00fablicos, porque ellos creen que todo deber\u00eda ser privado (&#8230;).<\/p>\n\n\n\n<p class=\"wp-block-paragraph\">\u201cEllos no est\u00e1n de acuerdo a que haya un Tren Maya, dicen que son obras suntuosas, que no sirven para nada (&#8230;) No est\u00e1n de acuerdo que se haya construido un tren, que hayan regresado los trenes de pasajeros. \u00a1Pues si \u00e9l los privatiz\u00f3 y los desapareci\u00f3, c\u00f3mo va a estar de acuerdo que regresen los trenes de pasajeros!, expres\u00f3 al acusar que Zedillo quer\u00eda hasta privatizar al sector el\u00e9ctrico.<\/p>\n\n\n\n<p class=\"wp-block-paragraph\">Indic\u00f3 que estas obras prioritarias son auditadas por la ASF: \u201c\u00bfPara qu\u00e9 quiere una auditor\u00eda independiente? Lo que pasa es que \u00e9l no est\u00e1 de acuerdo en esas obras, y tiene todo el derecho de no estar de acuerdo, nada m\u00e1s que ya representa como el 20% de la poblaci\u00f3n en M\u00e9xico, porque el 80% est\u00e1 de acuerdo con nosotros\u201d.<\/p>\n\n\n\n<p class=\"wp-block-paragraph\">\u201cMuy distinto al Fobaproa, que fue convertir la deuda privada de unos cuantos en deuda p\u00fablica, que tambi\u00e9n fue auditada por la Auditor\u00eda Superior de la Federaci\u00f3n y no tiene muy buena opini\u00f3n de ese rescate, entonces son cosas muy distintas\u201d, a\u00f1adi\u00f3.<\/p>\n\n\n\n<p class=\"wp-block-paragraph\">Sheinbaum dijo que el viernes presentar\u00e1 el reporte de la Auditor\u00eda de 1998. \u201cNo present\u00e9 un informe que hay de la Auditor\u00eda Superior del caso Fobaproa, que es muy relevante en 1998 si mal no me equivoco, en donde habla justamente de la auditor\u00eda que se hizo al Fobaproa, habla que las decisiones del rescate no tuvieron una regla, sino que fueron discrecionales, lo dice como tal la Auditor\u00eda Superior y algunos otros temas que son muy relevantes\u201d, indic\u00f3.<\/p>\n\n\n\n<p class=\"wp-block-paragraph\">Destac\u00f3 que vale la pena ver qu\u00e9 fue lo que dijo la ASF y es relevante lo que dice este documento: \u201cAntes de abrir otra Comisi\u00f3n, que tiene derecho el Congreso, vale la pena que revisen qu\u00e9 fue lo que present\u00f3 la Auditor\u00eda en 1998\u201d. (El Universal)<\/p>\n","protected":false},"excerpt":{"rendered":"<p>Luego de que el expresidente priista Ernesto Zedillo ret\u00f3 que un auditor internacional revise las obras prioritarias del gobierno de la cuarta transformaci\u00f3n como el Tren Maya, la refiner\u00eda de Dos Bocas y el aeropuerto de Texcoco, la presidenta Claudia Sheinbaum Pardo respondi\u00f3 que \u201cno se necesita\u201d. Sheinbaum Pardo tambi\u00e9n hizo menci\u00f3n a una auditor\u00eda [&hellip;]<\/p>\n","protected":false},"author":6,"featured_media":58902,"comment_status":"closed","ping_status":"closed","sticky":false,"template":"","format":"standard","meta":{"_acf_changed":false,"_monsterinsights_skip_tracking":false,"slim_seo":{"title":"Sheinbaum reacciona al reto del ex presidente Zedillo para que se auditen obras de la 4T - Opini\u00f3n P\u00fablica","description":"Luego de que el expresidente priista Ernesto Zedillo ret\u00f3 que un auditor internacional revise las obras prioritarias del gobierno de la cuarta transformaci\u00f3n co"},"footnotes":""},"categories":[4],"tags":[],"class_list":["post-58899","post","type-post","status-publish","format-standard","has-post-thumbnail","hentry","category-pulsopolitico"],"acf":[],"_links":{"self":[{"href":"https:\/\/www.opinionpublica.tv\/portada\/wp-json\/wp\/v2\/posts\/58899","targetHints":{"allow":["GET"]}}],"collection":[{"href":"https:\/\/www.opinionpublica.tv\/portada\/wp-json\/wp\/v2\/posts"}],"about":[{"href":"https:\/\/www.opinionpublica.tv\/portada\/wp-json\/wp\/v2\/types\/post"}],"author":[{"embeddable":true,"href":"https:\/\/www.opinionpublica.tv\/portada\/wp-json\/wp\/v2\/users\/6"}],"replies":[{"embeddable":true,"href":"https:\/\/www.opinionpublica.tv\/portada\/wp-json\/wp\/v2\/comments?post=58899"}],"version-history":[{"count":3,"href":"https:\/\/www.opinionpublica.tv\/portada\/wp-json\/wp\/v2\/posts\/58899\/revisions"}],"predecessor-version":[{"id":58904,"href":"https:\/\/www.opinionpublica.tv\/portada\/wp-json\/wp\/v2\/posts\/58899\/revisions\/58904"}],"wp:featuredmedia":[{"embeddable":true,"href":"https:\/\/www.opinionpublica.tv\/portada\/wp-json\/wp\/v2\/media\/58902"}],"wp:attachment":[{"href":"https:\/\/www.opinionpublica.tv\/portada\/wp-json\/wp\/v2\/media?parent=58899"}],"wp:term":[{"taxonomy":"category","embeddable":true,"href":"https:\/\/www.opinionpublica.tv\/portada\/wp-json\/wp\/v2\/categories?post=58899"},{"taxonomy":"post_tag","embeddable":true,"href":"https:\/\/www.opinionpublica.tv\/portada\/wp-json\/wp\/v2\/tags?post=58899"}],"curies":[{"name":"wp","href":"https:\/\/api.w.org\/{rel}","templated":true}]}}