{"id":58890,"date":"2025-05-08T00:01:00","date_gmt":"2025-05-08T06:01:00","guid":{"rendered":"https:\/\/www.opinionpublica.tv\/portada\/?p=58890"},"modified":"2025-05-07T20:58:15","modified_gmt":"2025-05-08T02:58:15","slug":"el-necesario-trump","status":"publish","type":"post","link":"https:\/\/www.opinionpublica.tv\/portada\/el-necesario-trump\/","title":{"rendered":"\u00bfEl necesario Trump?"},"content":{"rendered":"\n<h4 class=\"wp-block-heading\">Jorge G. Casta\u00f1eda<\/h4>\n\n\n\n<p class=\"wp-block-paragraph\">___________________________<\/p>\n\n\n\n<p class=\"wp-block-paragraph\">Hace muchos a\u00f1os, en los ex\u00e1menes franceses de filosof\u00eda al final de la preparatoria (el famoso Baccalaur\u00e9at), se solicitaba a los alumnos una larga disertaci\u00f3n (tres horas de escritura) sobre la frase cl\u00e1sica de Voltaire: \u201cSi Dios no existiera, habr\u00eda que inventarlo\u201d. \u00bfQu\u00e9 quiso decir el fil\u00f3sofo sat\u00edrico del siglo dieciocho? \u00bfQu\u00e9 reflexiones pod\u00eda suscitar el comentario a prop\u00f3sito de otras creencias de la existencia humana?<\/p>\n\n\n\n<p class=\"wp-block-paragraph\">Hoy Claudia Sheinbaum seguramente se ha planteado una idea semejante: \u201cSi Trump no existiera, habr\u00eda que inventarlo\u201d. Podr\u00eda parecer parad\u00f3jica la afirmaci\u00f3n, ya que el actual presidente de Estados Unidos no le ha generado m\u00e1s que intensas jaquecas a m\u00faltiples jefes de Estado en el mundo entero.<\/p>\n\n\n\n<p class=\"wp-block-paragraph\">Pero tambi\u00e9n le ha brindado un fuerte levant\u00f3n a muchos de los colegas de la presidenta mexicana: a Zelensky y Macron en las encuestas de popularidad, a Carney y a Albanese en elecciones recientes, a Xi Jinping en el sui generis sistema pol\u00edtico chino. El caso de Claudia Sheinbaum es parecido.<\/p>\n\n\n\n<p class=\"wp-block-paragraph\">En efecto, cada nuevo frente que abre Trump en la relaci\u00f3n con M\u00e9xico constituye un poderoso ant\u00eddoto a los retos crecientes que se le presentan al gobierno de Morena en el plano interior. Los frentes con Trump son m\u00faltiples y cotidianos: fentanilo, metanfetaminas, jitomates, ganado, agua en Tijuana, agua en el R\u00edo Bravo, migraci\u00f3n, aranceles, T-MEC, China, m\u00e1s lo que se acumule. Esto sin mencionar los diferendos que no se han hecho p\u00fablicos, pero que en alg\u00fan nivel seguramente existen: Cuba, Venezuela, y dem\u00e1s.<\/p>\n\n\n\n<p class=\"wp-block-paragraph\">Todo lo cual le quita sin duda el sue\u00f1o a las autoridades mexicanas, pero a la vez implica que la mirada de la poblaci\u00f3n, de la comentocracia, de la oposici\u00f3n y hasta de la prensa extranjera, se dirija a un conjunto de temas donde la presidencia es bien vista, incluso aplaudida. Ya hemos aclarado aqu\u00ed -y algunos otros lo han subrayado tambi\u00e9n- que en realidad los aplausos no son del todo merecidos.<\/p>\n\n\n\n<p class=\"wp-block-paragraph\">B\u00e1sicamente, M\u00e9xico ha cedido en todo lo que Trump ha pedido, salvo, por ahora y aparentemente, en la presencia masiva de militares norteamericanos en M\u00e9xico. Ya si ella lo hace de buenas o de malas, o si Trump se molesta o no, es un asunto menor. Pero el hecho es que las encuestas, la comentocracia y las corresponsales lo muestran claramente: a Sheinbaum le va muy bien mientras todas las miradas est\u00e9n colocadas en Estados Unidos.<\/p>\n\n\n\n<p class=\"wp-block-paragraph\">Cada vez que Trump nos deja en paz, las cosas se complican adentro. Aparecen los campos de entrenamiento\/exterminio, los casos de corrupci\u00f3n y abuso de este gobierno o del anterior, el caos de la reforma judicial, el estancamiento econ\u00f3mico, la violencia persistente y las dudas sobre los datos oficiales de fallecimientos, las cr\u00edticas de Zedillo y de muchos m\u00e1s ante la deriva autoritaria del r\u00e9gimen, las verg\u00fcenzas de la cercan\u00eda con Cuba, la indisciplina de los morenistas en las c\u00e1maras y en las gubernaturas estatales, los intentos de censura v\u00eda nuevas leyes, m\u00e1s tambi\u00e9n lo que se acumule. Los gobernantes piden a gritos una nueva pataner\u00eda de Trump, que no suele tardar en producirse.<\/p>\n\n\n\n<p class=\"wp-block-paragraph\">Insisto: nada de esto resulta privativo de M\u00e9xico. Por su magnetismo medi\u00e1tico, el presidente norteamericano posee la capacidad de aparecer en los titulares o en las pantallas de todos los pa\u00edses del mundo, cuando habla de todo y de nada. Y se opina sobre un pa\u00eds en particular, desde Dinamarca hasta Argentina, atrae la atenci\u00f3n en dicho pa\u00eds como nadie, como nunca. Varios jefes de Estado y de gobierno han captado que esta innegable desgracia encierra tambi\u00e9n varias ventajas: el de ayer fue el primer ministro de Canad\u00e1, que sali\u00f3 bien librado del show de la Oficina Oval.<\/p>\n\n\n\n<p class=\"wp-block-paragraph\">Trump no es un distractor, porque los frentes abiertos no deben ser menospreciados: afectan a millones de personas, en decenas de pa\u00edses. Pero arrojan una sensaci\u00f3n de descanso de todos los desaf\u00edos internos: de la exigua mayor\u00eda Liberal en Canad\u00e1, de la par\u00e1lisis gubernamental en Francia, de los mediocres resultados electorales laboristas en el Reino Unido, ya sin hablar de los quejosos de siempre: Cuba, Venezuela y Nicaragua.<\/p>\n\n\n\n<p class=\"wp-block-paragraph\">En alg\u00fan momento, los ataques de Trump se volver\u00e1n m\u00e1s nocivos -como su comentario insidioso sobre el supuesto miedo de Sheinbaum a los c\u00e1rteles\u2013 y los reflectores que atraigan har\u00e1n m\u00e1s da\u00f1o que los beneficios pol\u00edticos que ahora brindan. Asimismo, los problemas internos, si todo sigue por el camino actual, ya no podr\u00e1n ser tan f\u00e1cilmente desplazados gracias al himno nacional.<\/p>\n\n\n\n<p class=\"wp-block-paragraph\">La estrategia del masiosare tiene l\u00edmites. Pero por ahora, para volver a citar al relojero de Ferney, Sheinbaum vive en el mejor de los mundos posibles.<\/p>\n","protected":false},"excerpt":{"rendered":"<p>Jorge G. Casta\u00f1eda ___________________________ Hace muchos a\u00f1os, en los ex\u00e1menes franceses de filosof\u00eda al final de la preparatoria (el famoso Baccalaur\u00e9at), se solicitaba a los alumnos una larga disertaci\u00f3n (tres horas de escritura) sobre la frase cl\u00e1sica de Voltaire: \u201cSi Dios no existiera, habr\u00eda que inventarlo\u201d. \u00bfQu\u00e9 quiso decir el fil\u00f3sofo sat\u00edrico del siglo dieciocho? [&hellip;]<\/p>\n","protected":false},"author":6,"featured_media":43385,"comment_status":"closed","ping_status":"closed","sticky":false,"template":"","format":"standard","meta":{"_acf_changed":false,"_monsterinsights_skip_tracking":false,"slim_seo":{"title":"\u00bfEl necesario Trump? - Opini\u00f3n P\u00fablica","description":"Jorge G. Casta\u00f1eda ___________________________ Hace muchos a\u00f1os, en los ex\u00e1menes franceses de filosof\u00eda al final de la preparatoria (el famoso Baccalaur\u00e9at), se"},"footnotes":""},"categories":[18],"tags":[82],"class_list":["post-58890","post","type-post","status-publish","format-standard","has-post-thumbnail","hentry","category-castaneda-opina","tag-jorge-castaneda"],"acf":[],"_links":{"self":[{"href":"https:\/\/www.opinionpublica.tv\/portada\/wp-json\/wp\/v2\/posts\/58890","targetHints":{"allow":["GET"]}}],"collection":[{"href":"https:\/\/www.opinionpublica.tv\/portada\/wp-json\/wp\/v2\/posts"}],"about":[{"href":"https:\/\/www.opinionpublica.tv\/portada\/wp-json\/wp\/v2\/types\/post"}],"author":[{"embeddable":true,"href":"https:\/\/www.opinionpublica.tv\/portada\/wp-json\/wp\/v2\/users\/6"}],"replies":[{"embeddable":true,"href":"https:\/\/www.opinionpublica.tv\/portada\/wp-json\/wp\/v2\/comments?post=58890"}],"version-history":[{"count":3,"href":"https:\/\/www.opinionpublica.tv\/portada\/wp-json\/wp\/v2\/posts\/58890\/revisions"}],"predecessor-version":[{"id":58893,"href":"https:\/\/www.opinionpublica.tv\/portada\/wp-json\/wp\/v2\/posts\/58890\/revisions\/58893"}],"wp:featuredmedia":[{"embeddable":true,"href":"https:\/\/www.opinionpublica.tv\/portada\/wp-json\/wp\/v2\/media\/43385"}],"wp:attachment":[{"href":"https:\/\/www.opinionpublica.tv\/portada\/wp-json\/wp\/v2\/media?parent=58890"}],"wp:term":[{"taxonomy":"category","embeddable":true,"href":"https:\/\/www.opinionpublica.tv\/portada\/wp-json\/wp\/v2\/categories?post=58890"},{"taxonomy":"post_tag","embeddable":true,"href":"https:\/\/www.opinionpublica.tv\/portada\/wp-json\/wp\/v2\/tags?post=58890"}],"curies":[{"name":"wp","href":"https:\/\/api.w.org\/{rel}","templated":true}]}}