{"id":58883,"date":"2025-05-08T00:01:00","date_gmt":"2025-05-08T06:01:00","guid":{"rendered":"https:\/\/www.opinionpublica.tv\/portada\/?p=58883"},"modified":"2025-05-07T20:24:58","modified_gmt":"2025-05-08T02:24:58","slug":"efemerides-8-de-mayo-6","status":"publish","type":"post","link":"https:\/\/www.opinionpublica.tv\/portada\/efemerides-8-de-mayo-6\/","title":{"rendered":"Efem\u00e9rides 8 de mayo"},"content":{"rendered":"\n<p class=\"wp-block-paragraph\"><em>Un d\u00eda 8 de mayo, pero de 1828, nace Jean Henri Dunant, un empresario, fil\u00e1ntropo y humanista suizo fundador de la Cruz Roja Internacional y primer Premio Nobel de la Paz en 1901. Con motivo de esta efem\u00e9ride se celebra el D\u00eda Mundial de la Cruz Roja y de la Media Luna Roja, cuya funci\u00f3n humanitaria es proteger vidas durante guerras, tragedias o cat\u00e1strofes naturales<\/em>.<\/p>\n\n\n\n<figure class=\"wp-block-image size-full\"><img fetchpriority=\"high\" decoding=\"async\" width=\"301\" height=\"167\" src=\"https:\/\/www.opinionpublica.tv\/portada\/wp-content\/uploads\/2025\/05\/Jean-Henri-Dunant-un-empresario-filantropo-y-humanista-suizo-fundador-de-la-Cruz-Roja-Internacional.jpeg\" alt=\"Jean henri dunant, un empresario, fila\u0301ntropo y humanista suizo fundador de la cruz roja internacional\" class=\"wp-image-58884\"\/><\/figure>\n\n\n\n<p class=\"wp-block-paragraph\"><strong>Otras efem\u00e9rides<\/strong><\/p>\n\n\n\n<p class=\"wp-block-paragraph\">1360.- Se firma el Tratado de Bretigny, que pone fin al primer periodo de la llamada Guerra de los Cien A\u00f1os, entre Francia e Inglaterra.<\/p>\n\n\n\n<p class=\"wp-block-paragraph\">1429.- Juana de Arco, a cargo de un Ej\u00e9rcito de 5 mil hombres, libera el sitio de Orleans (Francia) de la dominaci\u00f3n inglesa.<\/p>\n\n\n\n<p class=\"wp-block-paragraph\">1521.- La Dieta de Worms condena las predicaciones y escritos de Lutero.<\/p>\n\n\n\n<p class=\"wp-block-paragraph\">1846.- Batalla de Palo Alto: fuerzas norteamericanas derrotan a las tropas nacionales mexicanas al mando del general Mariano Arista.<\/p>\n\n\n\n<p class=\"wp-block-paragraph\">1863.- Es promulgada la Constituci\u00f3n Federal de Colombia, en vigor en el pa\u00eds durante veintitr\u00e9s a\u00f1os.<\/p>\n\n\n\n<p class=\"wp-block-paragraph\">1886.- Concebida inicialmente como un remedio para aliviar la digesti\u00f3n, comienza en una farmacia de Atlanta la comercializaci\u00f3n de la Coca-Cola, la bebida m\u00e1s vendida e imitada del mundo.<\/p>\n\n\n\n<p class=\"wp-block-paragraph\">1902.- Entra en erupci\u00f3n el volc\u00e1n La Montagne Pel\u00e9e (Martinica), que sepult\u00f3 la ciudad de Saint Pierre y caus\u00f3 la muerte de 30 mil personas.<\/p>\n\n\n\n<p class=\"wp-block-paragraph\">1920.- Revoluci\u00f3n en M\u00e9xico. El Presidente Carranza abandona la capital.<\/p>\n\n\n\n<p class=\"wp-block-paragraph\">1933.- En la India, Gandhi inicia una huelga de hambre de tres semanas para protestar por la opresi\u00f3n del gobierno brit\u00e1nico.<\/p>\n\n\n\n<p class=\"wp-block-paragraph\">1936.- Le\u00f3n Cort\u00e9s Castro es designado presidente de Costa Rica.<\/p>\n\n\n\n<p class=\"wp-block-paragraph\">1945.- Segunda Guerra Mundial. D\u00eda de la Victoria en Europa: los Aliados celebran la rendici\u00f3n incondicional de Alemania.<\/p>\n\n\n\n<p class=\"wp-block-paragraph\">1972.- El presidente de EEUU, Richard Nixon, ordena el bloqueo y minado de los puertos de Vietnam del Norte.<\/p>\n\n\n\n<p class=\"wp-block-paragraph\">1984.- La URSS encabeza el boicot a los Juegos Ol\u00edmpicos de Los \u00c1ngeles, seguida por trece pa\u00edses.<\/p>\n\n\n\n<p class=\"wp-block-paragraph\">1987.- Javier P\u00e9rez de Cuellar, secretario general de la ONU, obtiene el Premio Pr\u00edncipe de Asturias de Cooperaci\u00f3n Internacional.<\/p>\n\n\n\n<p class=\"wp-block-paragraph\">1988.- El socialista Fran\u00e7ois Mitterrand es reelegido presidente de Francia.<\/p>\n\n\n\n<p class=\"wp-block-paragraph\">1992.- El pintor y arquitecto chileno Roberto Matta obtiene el premio Pr\u00edncipe de Asturias de las Artes.<\/p>\n\n\n\n<p class=\"wp-block-paragraph\">1996, la Asamblea Constituyente de Sud\u00e1frica aprueba la nueva Constituci\u00f3n, en la que quedan abolidas todas las referencias al r\u00e9gimen de segregaci\u00f3n racial.<\/p>\n\n\n\n<p class=\"wp-block-paragraph\">2006.- El socialdem\u00f3crata Oscar Arias toma posesi\u00f3n como presidente de Costa Rica, veinte a\u00f1os despu\u00e9s de que presidiera el pa\u00eds por primera vez.<\/p>\n\n\n\n<p class=\"wp-block-paragraph\">2007.- Unionistas y nacionalistas juran sus cargos en el nuevo Gobierno aut\u00f3nomo de Irlanda del Norte, culminando un proceso iniciado en abril de 1988 con la firma de un acuerdo de paz.<\/p>\n\n\n\n<p class=\"wp-block-paragraph\">2010.- La socialdem\u00f3crata Laura Chinchilla Miranda es investida presidenta de Costa Rica y se convierte en la primera mujer que ostenta ese cargo en el pa\u00eds centroamericano.<\/p>\n\n\n\n<p class=\"wp-block-paragraph\">2013.- El Tribunal de Apelaci\u00f3n de Mil\u00e1n confirma la sentencia a cuatro a\u00f1os de c\u00e1rcel para Silvio Berlusconi, por fraude fiscal, en el caso Mediaset.<\/p>\n\n\n\n<p class=\"wp-block-paragraph\">2018.- El presidente estadounidense, Donald Trump, anuncia la retirada de Estados Unidos del acuerdo nuclear con Ir\u00e1n de 2015 y la vuelta a las sanciones.<\/p>\n\n\n\n<p class=\"wp-block-paragraph\">2018.- En Costa Rica, asume la presidencia Carlos Alvarado Quesada, la persona m\u00e1s joven de la Segunda Rep\u00fablica en alcanzar el cargo.<\/p>\n\n\n\n<p class=\"wp-block-paragraph\">2022.- Ferdinand Marcos Jr., hijo del dictador Marcos, gana por aplastante mayor\u00eda las presidenciales en Filipinas.<\/p>\n\n\n\n<p class=\"wp-block-paragraph\">2022.- El economista Rodrigo Chaves Robles jura como presidente n\u00famero 49 en la historia de Costa Rica.<\/p>\n\n\n\n<p class=\"wp-block-paragraph\"><strong>Nacimientos<\/strong><\/p>\n\n\n\n<p class=\"wp-block-paragraph\">1877.- Jos\u00e9 Mar\u00eda Salaverr\u00eda, escritor espa\u00f1ol.<\/p>\n\n\n\n<p class=\"wp-block-paragraph\">1884.- Harry S. Truman, presidente de Estados Unidos.<\/p>\n\n\n\n<p class=\"wp-block-paragraph\">1895.- Joselito \u00abEl Gallo\u00bb, torero espa\u00f1ol.<\/p>\n\n\n\n<p class=\"wp-block-paragraph\">1897.- Jos\u00e9 Mar\u00eda Pem\u00e1n, escritor y periodista espa\u00f1ol.<\/p>\n\n\n\n<p class=\"wp-block-paragraph\">1903.- Fernand Costandin, \u00abFernandel\u00bb, actor c\u00f3mico franc\u00e9s.<\/p>\n\n\n\n<p class=\"wp-block-paragraph\">1906.- Roberto Rossellini, cineasta italiano.<\/p>\n\n\n\n<p class=\"wp-block-paragraph\">1916.- Joao Havelange, empresario brasile\u00f1o y expresidente de la FIFA.<\/p>\n\n\n\n<p class=\"wp-block-paragraph\">1966.- Marta S\u00e1nchez, cantante espa\u00f1ola.<\/p>\n\n\n\n<p class=\"wp-block-paragraph\">1975.- Enrique Iglesias Preysler, cantante espa\u00f1ol.<\/p>\n\n\n\n<p class=\"wp-block-paragraph\">2003.- Moulay Hassan, hijo del rey Mohamed VI de Marruecos y heredero al trono.<\/p>\n\n\n\n<p class=\"wp-block-paragraph\"><strong>Defunciones<\/strong><\/p>\n\n\n\n<p class=\"wp-block-paragraph\">1873.- John Stuart Mill, fil\u00f3sofo y economista ingl\u00e9s.<\/p>\n\n\n\n<p class=\"wp-block-paragraph\">1880.- Gustave Flaubert, novelista franc\u00e9s.<\/p>\n\n\n\n<p class=\"wp-block-paragraph\">1903.- Paul Gauguin, pintor franc\u00e9s.<\/p>\n\n\n\n<p class=\"wp-block-paragraph\">1990.- Luigi Nono, compositor italiano.<\/p>\n\n\n\n<p class=\"wp-block-paragraph\">1994.- George Peppard, actor estadounidense.<\/p>\n\n\n\n<p class=\"wp-block-paragraph\">1996.- Luis Miguel Domingu\u00edn, torero espa\u00f1ol.<\/p>\n\n\n\n<p class=\"wp-block-paragraph\">1999.- Sir Dirk Bogarde, actor brit\u00e1nico.<\/p>\n","protected":false},"excerpt":{"rendered":"<p>Un d\u00eda 8 de mayo, pero de 1828, nace Jean Henri Dunant, un empresario, fil\u00e1ntropo y humanista suizo fundador de la Cruz Roja Internacional y primer Premio Nobel de la Paz en 1901. Con motivo de esta efem\u00e9ride se celebra el D\u00eda Mundial de la Cruz Roja y de la Media Luna Roja, cuya funci\u00f3n [&hellip;]<\/p>\n","protected":false},"author":6,"featured_media":58884,"comment_status":"closed","ping_status":"closed","sticky":false,"template":"","format":"standard","meta":{"_acf_changed":false,"_monsterinsights_skip_tracking":false,"slim_seo":{"title":"Efem\u00e9rides 8 de mayo - Opini\u00f3n P\u00fablica","description":"Un d\u00eda 8 de mayo, pero de 1828, nace Jean Henri Dunant, un empresario, fil\u00e1ntropo y humanista suizo fundador de la Cruz Roja Internacional y primer Premio Nobel"},"footnotes":""},"categories":[27],"tags":[],"class_list":["post-58883","post","type-post","status-publish","format-standard","has-post-thumbnail","hentry","category-un-dia-como-hoy"],"acf":[],"_links":{"self":[{"href":"https:\/\/www.opinionpublica.tv\/portada\/wp-json\/wp\/v2\/posts\/58883","targetHints":{"allow":["GET"]}}],"collection":[{"href":"https:\/\/www.opinionpublica.tv\/portada\/wp-json\/wp\/v2\/posts"}],"about":[{"href":"https:\/\/www.opinionpublica.tv\/portada\/wp-json\/wp\/v2\/types\/post"}],"author":[{"embeddable":true,"href":"https:\/\/www.opinionpublica.tv\/portada\/wp-json\/wp\/v2\/users\/6"}],"replies":[{"embeddable":true,"href":"https:\/\/www.opinionpublica.tv\/portada\/wp-json\/wp\/v2\/comments?post=58883"}],"version-history":[{"count":1,"href":"https:\/\/www.opinionpublica.tv\/portada\/wp-json\/wp\/v2\/posts\/58883\/revisions"}],"predecessor-version":[{"id":58885,"href":"https:\/\/www.opinionpublica.tv\/portada\/wp-json\/wp\/v2\/posts\/58883\/revisions\/58885"}],"wp:featuredmedia":[{"embeddable":true,"href":"https:\/\/www.opinionpublica.tv\/portada\/wp-json\/wp\/v2\/media\/58884"}],"wp:attachment":[{"href":"https:\/\/www.opinionpublica.tv\/portada\/wp-json\/wp\/v2\/media?parent=58883"}],"wp:term":[{"taxonomy":"category","embeddable":true,"href":"https:\/\/www.opinionpublica.tv\/portada\/wp-json\/wp\/v2\/categories?post=58883"},{"taxonomy":"post_tag","embeddable":true,"href":"https:\/\/www.opinionpublica.tv\/portada\/wp-json\/wp\/v2\/tags?post=58883"}],"curies":[{"name":"wp","href":"https:\/\/api.w.org\/{rel}","templated":true}]}}