{"id":58788,"date":"2025-05-06T00:01:00","date_gmt":"2025-05-06T06:01:00","guid":{"rendered":"https:\/\/www.opinionpublica.tv\/portada\/?p=58788"},"modified":"2025-05-05T19:30:31","modified_gmt":"2025-05-06T01:30:31","slug":"no-presentaste-tu-declaracion-anual-a-tiempo-conoce-las-multas-para-contribuyentes-incumplidos","status":"publish","type":"post","link":"https:\/\/www.opinionpublica.tv\/portada\/no-presentaste-tu-declaracion-anual-a-tiempo-conoce-las-multas-para-contribuyentes-incumplidos\/","title":{"rendered":"\u00bfNo presentaste tu declaraci\u00f3n anual 2024 a tiempo?; \u00e9stas son las multas para los contribuyentes incumplidos"},"content":{"rendered":"\n<figure class=\"wp-block-image size-large\"><img fetchpriority=\"high\" decoding=\"async\" width=\"1024\" height=\"629\" src=\"https:\/\/www.opinionpublica.tv\/portada\/wp-content\/uploads\/2025\/05\/\u00bfNo-presentaste-tu-declaracion-anual-2024-a-tiempo-estas-son-las-multas-para-los-contribuyentes-incumplidos-1024x629.png\" alt=\"\u00bfno presentaste tu declaracio\u0301n anual 2024 a tiempo?; e\u0301stas son las multas para los contribuyentes incumplidos\" class=\"wp-image-58792\" srcset=\"https:\/\/www.opinionpublica.tv\/portada\/wp-content\/uploads\/2025\/05\/\u00bfNo-presentaste-tu-declaracion-anual-2024-a-tiempo-estas-son-las-multas-para-los-contribuyentes-incumplidos-1024x629.png 1024w, https:\/\/www.opinionpublica.tv\/portada\/wp-content\/uploads\/2025\/05\/\u00bfNo-presentaste-tu-declaracion-anual-2024-a-tiempo-estas-son-las-multas-para-los-contribuyentes-incumplidos-300x184.png 300w, https:\/\/www.opinionpublica.tv\/portada\/wp-content\/uploads\/2025\/05\/\u00bfNo-presentaste-tu-declaracion-anual-2024-a-tiempo-estas-son-las-multas-para-los-contribuyentes-incumplidos-768x472.png 768w, https:\/\/www.opinionpublica.tv\/portada\/wp-content\/uploads\/2025\/05\/\u00bfNo-presentaste-tu-declaracion-anual-2024-a-tiempo-estas-son-las-multas-para-los-contribuyentes-incumplidos.png 1064w\" sizes=\"(max-width: 1024px) 100vw, 1024px\" \/><\/figure>\n\n\n\n<p class=\"wp-block-paragraph\">A unos d\u00edas de haber concluido el plazo para presentar la declaraci\u00f3n anual de impuestos correspondiente al ejercicio 2024, los contribuyentes que no cumplieron con esta obligaci\u00f3n fiscal deber\u00e1n enfrentar las consecuencias con sanciones de acuerdo con lo establecido en el C\u00f3digo Fiscal de la Federaci\u00f3n (CFF).<\/p>\n\n\n\n<p class=\"wp-block-paragraph\">El fiscalista Jes\u00fas Rodr\u00edguez Ambriz explic\u00f3 que las multas a pagar al fisco van desde mil 810 pesos hasta 44 mil 790 pesos, dependiendo del tiempo que haya transcurrido tras la fecha l\u00edmite, y otras circunstancias.<\/p>\n\n\n\n<p class=\"wp-block-paragraph\">Record\u00f3 que el \u00faltimo d\u00eda para rendir cuentas al Servicio de Administraci\u00f3n Tributaria (SAT) sobre los ingresos obtenidos el a\u00f1o pasado y el pago del Impuesto Sobre la Renta (ISR) que haya resultado, fue el 30 de abril pasado, pero el monto de las multas y sanciones var\u00edan en funci\u00f3n del estatus.<\/p>\n\n\n\n<p class=\"wp-block-paragraph\">De entrada, mencion\u00f3 que por declarar fuera del plazo establecido, la multa puede ir de mil 810 a 44 mil 790 pesos, seg\u00fan el CFF.<\/p>\n\n\n\n<p class=\"wp-block-paragraph\">Pero, si adem\u00e1s de la omisi\u00f3n, el SAT ya te envi\u00f3 un requerimiento para presentar la declaraci\u00f3n, el monto va de entre 18 mil 630 y 36 mil 740 pesos. Sin embargo, no son las \u00fanicas multas, advirti\u00f3, pues existen otras incluso para los que cumplieron a tiempo, pero no en forma.<\/p>\n\n\n\n<p class=\"wp-block-paragraph\">Multas para declaraciones incompletas o con errores<\/p>\n\n\n\n<p class=\"wp-block-paragraph\">Los errores se pagan al igual que las inconsistencias y con el SAT as\u00ed sucede.<\/p>\n\n\n\n<p class=\"wp-block-paragraph\">Indic\u00f3 que si la declaraci\u00f3n contiene errores o se presenta incompleta, las multas pueden variar entre cuatro mil 340 y 14 mil 230 pesos.<\/p>\n\n\n\n<p class=\"wp-block-paragraph\">En caso de que el SAT detecte una omisi\u00f3n, la sanci\u00f3n puede ser del 5% al 20% sobre los ingresos no reportados.<\/p>\n\n\n\n<p class=\"wp-block-paragraph\">Adem\u00e1s de lo anterior hay recargos y actualizaciones sobre los tributos no pagados, los cuales se calculan conforme a las tasas establecidas por el Banco de M\u00e9xico.<\/p>\n\n\n\n<p class=\"wp-block-paragraph\">Otras consecuencias pueden ser restricciones fiscales, enfatiz\u00f3, ya que puede llevar al bloqueo temporal de la e.firma o limitaciones para emitir facturas, afectando la actividad econ\u00f3mica del contribuyente incumplido.<\/p>\n\n\n\n<p class=\"wp-block-paragraph\"><em>Con informaci\u00f3n de El Universal<\/em>.<\/p>\n","protected":false},"excerpt":{"rendered":"<p>A unos d\u00edas de haber concluido el plazo para presentar la declaraci\u00f3n anual de impuestos correspondiente al ejercicio 2024, los contribuyentes que no cumplieron con esta obligaci\u00f3n fiscal deber\u00e1n enfrentar las consecuencias con sanciones de acuerdo con lo establecido en el C\u00f3digo Fiscal de la Federaci\u00f3n (CFF). El fiscalista Jes\u00fas Rodr\u00edguez Ambriz explic\u00f3 que las [&hellip;]<\/p>\n","protected":false},"author":6,"featured_media":58792,"comment_status":"closed","ping_status":"closed","sticky":false,"template":"","format":"standard","meta":{"_acf_changed":false,"_monsterinsights_skip_tracking":false,"slim_seo":{"title":"\u00bfNo presentaste tu declaraci\u00f3n anual 2024 a tiempo?; \u00e9stas son las multas para los contribuyentes incumplidos - Opini\u00f3n P\u00fablica","description":"A unos d\u00edas de haber concluido el plazo para presentar la declaraci\u00f3n anual de impuestos correspondiente al ejercicio 2024, los contribuyentes que no cumplieron"},"footnotes":""},"categories":[3],"tags":[],"class_list":["post-58788","post","type-post","status-publish","format-standard","has-post-thumbnail","hentry","category-principal"],"acf":[],"_links":{"self":[{"href":"https:\/\/www.opinionpublica.tv\/portada\/wp-json\/wp\/v2\/posts\/58788","targetHints":{"allow":["GET"]}}],"collection":[{"href":"https:\/\/www.opinionpublica.tv\/portada\/wp-json\/wp\/v2\/posts"}],"about":[{"href":"https:\/\/www.opinionpublica.tv\/portada\/wp-json\/wp\/v2\/types\/post"}],"author":[{"embeddable":true,"href":"https:\/\/www.opinionpublica.tv\/portada\/wp-json\/wp\/v2\/users\/6"}],"replies":[{"embeddable":true,"href":"https:\/\/www.opinionpublica.tv\/portada\/wp-json\/wp\/v2\/comments?post=58788"}],"version-history":[{"count":3,"href":"https:\/\/www.opinionpublica.tv\/portada\/wp-json\/wp\/v2\/posts\/58788\/revisions"}],"predecessor-version":[{"id":58793,"href":"https:\/\/www.opinionpublica.tv\/portada\/wp-json\/wp\/v2\/posts\/58788\/revisions\/58793"}],"wp:featuredmedia":[{"embeddable":true,"href":"https:\/\/www.opinionpublica.tv\/portada\/wp-json\/wp\/v2\/media\/58792"}],"wp:attachment":[{"href":"https:\/\/www.opinionpublica.tv\/portada\/wp-json\/wp\/v2\/media?parent=58788"}],"wp:term":[{"taxonomy":"category","embeddable":true,"href":"https:\/\/www.opinionpublica.tv\/portada\/wp-json\/wp\/v2\/categories?post=58788"},{"taxonomy":"post_tag","embeddable":true,"href":"https:\/\/www.opinionpublica.tv\/portada\/wp-json\/wp\/v2\/tags?post=58788"}],"curies":[{"name":"wp","href":"https:\/\/api.w.org\/{rel}","templated":true}]}}