{"id":58761,"date":"2025-05-06T00:01:00","date_gmt":"2025-05-06T06:01:00","guid":{"rendered":"https:\/\/www.opinionpublica.tv\/portada\/?p=58761"},"modified":"2025-05-31T16:13:02","modified_gmt":"2025-05-31T22:13:02","slug":"efemerides-6-de-mayo-7","status":"publish","type":"post","link":"https:\/\/www.opinionpublica.tv\/portada\/efemerides-6-de-mayo-7\/","title":{"rendered":"Efem\u00e9rides 6 de mayo"},"content":{"rendered":"\n<p class=\"wp-block-paragraph\"><em>Un d\u00eda 6 de mayo como hoy, pero de 1962, el papa Juan XXIII canoniza al peruano Mart\u00edn de Porres, convirti\u00e9ndose en el primer santo negro de Am\u00e9rica<\/em>.<\/p>\n\n\n\n<figure class=\"wp-block-image size-full\"><img fetchpriority=\"high\" decoding=\"async\" width=\"600\" height=\"400\" src=\"https:\/\/www.opinionpublica.tv\/portada\/wp-content\/uploads\/2025\/05\/1962-el-papa-Juan-XXIII-canoniza-al-peruano-Martin-de-Porres.jpg\" alt=\"1962, el papa juan xxiii canoniza al peruano marti\u0301n de porres\" class=\"wp-image-58762\" srcset=\"https:\/\/www.opinionpublica.tv\/portada\/wp-content\/uploads\/2025\/05\/1962-el-papa-Juan-XXIII-canoniza-al-peruano-Martin-de-Porres.jpg 600w, https:\/\/www.opinionpublica.tv\/portada\/wp-content\/uploads\/2025\/05\/1962-el-papa-Juan-XXIII-canoniza-al-peruano-Martin-de-Porres-300x200.jpg 300w\" sizes=\"(max-width: 600px) 100vw, 600px\" \/><\/figure>\n\n\n\n<p class=\"wp-block-paragraph\"><strong>Otras efem\u00e9rides<\/strong><\/p>\n\n\n\n<p class=\"wp-block-paragraph\">1830.- Se disuelve la Gran Colombia, al proclamar el general Jos\u00e9 Antonio P\u00e1ez un gobierno aparte para Venezuela.<\/p>\n\n\n\n<p class=\"wp-block-paragraph\">1840.- En Inglaterra se pone a la venta el primer sello de correos del mundo.<\/p>\n\n\n\n<p class=\"wp-block-paragraph\">1910.- Jorge V accede al trono del Reino Unido tras el fallecimiento de su padre, el rey Eduardo VII.<\/p>\n\n\n\n<p class=\"wp-block-paragraph\">1937.- El dirigible Hindenburg, orgullo de la Alemania nazi, explosiona cuando iba a tomar tierra en Nueva York. Perecen 36 de los 97 pasajeros y 22 miembros de la tripulaci\u00f3n.<\/p>\n\n\n\n<p class=\"wp-block-paragraph\">1960.- El asesino de Le\u00f3n Trotski, Ram\u00f3n Mercader, finaliza su condena en M\u00e9xico y huye a Mosc\u00fa.<\/p>\n\n\n\n<p class=\"wp-block-paragraph\">1962.- Guillermo Le\u00f3n Valencia es elegido presidente de Colombia.<\/p>\n\n\n\n<p class=\"wp-block-paragraph\">1963.- Estreno en Londres de la pel\u00edcula \u00ab55 d\u00edas de Pek\u00edn\u00bb, dirigida por Nicholas Ray.<\/p>\n\n\n\n<p class=\"wp-block-paragraph\">1965 &#8211; EE.UU. lanza el Early Bird, primer sat\u00e9lite de comunicaciones con fines comerciales.<\/p>\n\n\n\n<p class=\"wp-block-paragraph\">1984.- Le\u00f3n Febres Cordero gana las elecciones presidenciales en Ecuador.<\/p>\n\n\n\n<p class=\"wp-block-paragraph\">1994.- La reina Isabel II de Inglaterra y el presidente franc\u00e9s, Fran\u00e7ois Mitterrand, inauguran el t\u00fanel que une ambos pa\u00edses bajo el canal de la Mancha.<\/p>\n\n\n\n<p class=\"wp-block-paragraph\">1997.- Se crea en La Haya la Organizaci\u00f3n para la Prohibici\u00f3n de las Armas Qu\u00edmicas.<\/p>\n\n\n\n<p class=\"wp-block-paragraph\">2001.- Dennis Tito, primer turista espacial de la historia, emprende regreso a la Tierra desde la Estaci\u00f3n Espacial Internacional.<\/p>\n\n\n\n<p class=\"wp-block-paragraph\">2002.- La Autoridad Nacional Palestina (ANP) e Israel llegan a un acuerdo que pone fin a 35 d\u00edas de asedio de la Bas\u00edlica de la Natividad de Bel\u00e9n por el Ej\u00e9rcito israel\u00ed.<\/p>\n\n\n\n<p class=\"wp-block-paragraph\">2003.- Inauguraci\u00f3n de la estaci\u00f3n Park Pobedy de Mosc\u00fa con la escalera mec\u00e1nica interior m\u00e1s grande del mundo.<\/p>\n\n\n\n<p class=\"wp-block-paragraph\">2004.- Uruguay se convierte en el primer socio pleno del Mercosur que concreta un tratado de libre comercio con M\u00e9xico.<\/p>\n\n\n\n<p class=\"wp-block-paragraph\">2010.- Estados Unidos impone sanciones contra los operadores financieros de la organizaci\u00f3n guerrillera Fuerzas Armadas Revolucionarias de Colombia (FARC).<\/p>\n\n\n\n<p class=\"wp-block-paragraph\">2015.- El director, guionista y productor estadounidense Francis Ford Coppola gana el Premio Princesa de Asturias de las Artes.<\/p>\n\n\n\n<p class=\"wp-block-paragraph\">2017.- Ra\u00fal Castro condecora al presidente de Ecuador, Rafael Correa, con la m\u00e1s alta distinci\u00f3n del Gobierno cubano.<\/p>\n\n\n\n<p class=\"wp-block-paragraph\">2019.- Meghan Markle, esposa del pr\u00edncipe Enrique del Reino Unido, da a luz un ni\u00f1o, su primog\u00e9nito.<\/p>\n\n\n\n<p class=\"wp-block-paragraph\">2022.- Una explosi\u00f3n en el lujoso Hotel Saratoga, de La Habana Vieja, en Cuba, causa 47 muertos y 52 heridos.<\/p>\n\n\n\n<p class=\"wp-block-paragraph\">2023.- Hace un a\u00f1o, Carlos III y su esposa, Camilla, son coronados reyes del Reino Unido, en la Abad\u00eda de Westminster, de Londres.<\/p>\n\n\n\n<p class=\"wp-block-paragraph\"><strong>Nacimientos<\/strong><\/p>\n\n\n\n<p class=\"wp-block-paragraph\">1758.- Maximilien Robespierre, primera figura de la \u00e9poca del terror de la Revoluci\u00f3n Francesa.<\/p>\n\n\n\n<p class=\"wp-block-paragraph\">1781.- K.C. Friedric Krause, fil\u00f3sofo alem\u00e1n.<\/p>\n\n\n\n<p class=\"wp-block-paragraph\">1856.- Sigmund Freud, m\u00e9dico austr\u00edaco, inventor del psicoan\u00e1lisis.<\/p>\n\n\n\n<p class=\"wp-block-paragraph\">1895.- Rodolfo Valentino, actor estadounidense de origen italiano.<\/p>\n\n\n\n<p class=\"wp-block-paragraph\">1915.- Orson Welles, actor y director de cine, estadounidense.<\/p>\n\n\n\n<p class=\"wp-block-paragraph\">1953.- Tony Blair, ex primer ministro brit\u00e1nico.<\/p>\n\n\n\n<p class=\"wp-block-paragraph\">1961.- George Clooney, actor estadounidense.<\/p>\n\n\n\n<p class=\"wp-block-paragraph\"><strong>Defunciones<\/strong><\/p>\n\n\n\n<p class=\"wp-block-paragraph\">1859.- Alejandro Humboldt, naturalista alem\u00e1n.<\/p>\n\n\n\n<p class=\"wp-block-paragraph\">1910.- Eduardo VII, rey de Inglaterra.<\/p>\n\n\n\n<p class=\"wp-block-paragraph\">1992.- Marlene Dietrich, cantante y actriz alemana.<\/p>\n\n\n\n<p class=\"wp-block-paragraph\">2007.- Eneas Carneiro, pol\u00edtico brasile\u00f1o.<\/p>\n\n\n\n<p class=\"wp-block-paragraph\">2021.- Humberto Maturana, bi\u00f3logo y fil\u00f3sofo chileno.<\/p>\n","protected":false},"excerpt":{"rendered":"<p>Un d\u00eda 6 de mayo como hoy, pero de 1962, el papa Juan XXIII canoniza al peruano Mart\u00edn de Porres, convirti\u00e9ndose en el primer santo negro de Am\u00e9rica. Otras efem\u00e9rides 1830.- Se disuelve la Gran Colombia, al proclamar el general Jos\u00e9 Antonio P\u00e1ez un gobierno aparte para Venezuela. 1840.- En Inglaterra se pone a la [&hellip;]<\/p>\n","protected":false},"author":6,"featured_media":58762,"comment_status":"closed","ping_status":"closed","sticky":false,"template":"","format":"standard","meta":{"_acf_changed":false,"_monsterinsights_skip_tracking":false,"slim_seo":{"title":"Efem\u00e9rides 6 de mayo - Opini\u00f3n P\u00fablica","description":"Un d\u00eda 6 de mayo como hoy, pero de 1962, el papa Juan XXIII canoniza al peruano Mart\u00edn de Porres, convirti\u00e9ndose en el primer santo negro de Am\u00e9rica . Otras efe"},"footnotes":""},"categories":[27],"tags":[],"class_list":["post-58761","post","type-post","status-publish","format-standard","has-post-thumbnail","hentry","category-un-dia-como-hoy"],"acf":[],"_links":{"self":[{"href":"https:\/\/www.opinionpublica.tv\/portada\/wp-json\/wp\/v2\/posts\/58761","targetHints":{"allow":["GET"]}}],"collection":[{"href":"https:\/\/www.opinionpublica.tv\/portada\/wp-json\/wp\/v2\/posts"}],"about":[{"href":"https:\/\/www.opinionpublica.tv\/portada\/wp-json\/wp\/v2\/types\/post"}],"author":[{"embeddable":true,"href":"https:\/\/www.opinionpublica.tv\/portada\/wp-json\/wp\/v2\/users\/6"}],"replies":[{"embeddable":true,"href":"https:\/\/www.opinionpublica.tv\/portada\/wp-json\/wp\/v2\/comments?post=58761"}],"version-history":[{"count":2,"href":"https:\/\/www.opinionpublica.tv\/portada\/wp-json\/wp\/v2\/posts\/58761\/revisions"}],"predecessor-version":[{"id":58764,"href":"https:\/\/www.opinionpublica.tv\/portada\/wp-json\/wp\/v2\/posts\/58761\/revisions\/58764"}],"wp:featuredmedia":[{"embeddable":true,"href":"https:\/\/www.opinionpublica.tv\/portada\/wp-json\/wp\/v2\/media\/58762"}],"wp:attachment":[{"href":"https:\/\/www.opinionpublica.tv\/portada\/wp-json\/wp\/v2\/media?parent=58761"}],"wp:term":[{"taxonomy":"category","embeddable":true,"href":"https:\/\/www.opinionpublica.tv\/portada\/wp-json\/wp\/v2\/categories?post=58761"},{"taxonomy":"post_tag","embeddable":true,"href":"https:\/\/www.opinionpublica.tv\/portada\/wp-json\/wp\/v2\/tags?post=58761"}],"curies":[{"name":"wp","href":"https:\/\/api.w.org\/{rel}","templated":true}]}}