{"id":58743,"date":"2025-05-06T00:01:00","date_gmt":"2025-05-06T06:01:00","guid":{"rendered":"https:\/\/www.opinionpublica.tv\/portada\/?p=58743"},"modified":"2025-05-05T14:17:35","modified_gmt":"2025-05-05T20:17:35","slug":"invitan-a-carrera-pedestre-de-la-gran-fuerza-de-mexico-en-ciudad-juarez","status":"publish","type":"post","link":"https:\/\/www.opinionpublica.tv\/portada\/invitan-a-carrera-pedestre-de-la-gran-fuerza-de-mexico-en-ciudad-juarez\/","title":{"rendered":"Invitan a carrera pedestre de la \u00abGran Fuerza de M\u00e9xico\u00bb en el suroriente de Ciudad Ju\u00e1rez"},"content":{"rendered":"\n<figure class=\"wp-block-image size-large\"><img fetchpriority=\"high\" decoding=\"async\" width=\"1024\" height=\"695\" src=\"https:\/\/www.opinionpublica.tv\/portada\/wp-content\/uploads\/2025\/05\/Invitan-a-carrera-pedestre-de-la-22Gran-Fuerza-de-Mexico22-en-el-suroriente-de-Ciudad-Juarez-1024x695.jpeg\" alt=\"Invitan a carrera pedestre de la %22gran fuerza de me\u0301xico%22 en el suroriente de ciudad jua\u0301rez\" class=\"wp-image-58747\" srcset=\"https:\/\/www.opinionpublica.tv\/portada\/wp-content\/uploads\/2025\/05\/Invitan-a-carrera-pedestre-de-la-22Gran-Fuerza-de-Mexico22-en-el-suroriente-de-Ciudad-Juarez-1024x695.jpeg 1024w, https:\/\/www.opinionpublica.tv\/portada\/wp-content\/uploads\/2025\/05\/Invitan-a-carrera-pedestre-de-la-22Gran-Fuerza-de-Mexico22-en-el-suroriente-de-Ciudad-Juarez-300x204.jpeg 300w, https:\/\/www.opinionpublica.tv\/portada\/wp-content\/uploads\/2025\/05\/Invitan-a-carrera-pedestre-de-la-22Gran-Fuerza-de-Mexico22-en-el-suroriente-de-Ciudad-Juarez-768x521.jpeg 768w, https:\/\/www.opinionpublica.tv\/portada\/wp-content\/uploads\/2025\/05\/Invitan-a-carrera-pedestre-de-la-22Gran-Fuerza-de-Mexico22-en-el-suroriente-de-Ciudad-Juarez.jpeg 1280w\" sizes=\"(max-width: 1024px) 100vw, 1024px\" \/><\/figure>\n\n\n\n<p class=\"wp-block-paragraph\"><em>Ciudad Ju\u00e1rez, Chih<\/em>.- Con una exhibici\u00f3n a\u00e9rea y paracaidismo se llevar\u00e1 a cabo el domingo 11 de mayo la carrera pedestre La Gran Fuerza de M\u00e9xico, competencia en la que se espera la participaci\u00f3n de alrededor de 10 mil personas y que tendr\u00e1 como sede el Estadio Municipal 8 de Diciembre, en la zona suroriente de la ciudad.<\/p>\n\n\n\n<p class=\"wp-block-paragraph\">La carrera de 5 y 10 kil\u00f3metros inscrita al Circuito Atl\u00e9tico Pedestre, arranca a las 8:00 de la ma\u00f1ana; la salida y llegada de los corredores ser\u00e1 sobre la avenida Lote Bravo y continuar\u00e1 por el bulevar Talam\u00e1s Camandari para regresar al inicio.<\/p>\n\n\n\n<p class=\"wp-block-paragraph\">La entrega de kit ser\u00e1 personal y consta de camiseta, morral y bufanda; la medalla al concluir la ruta.<\/p>\n\n\n\n<p class=\"wp-block-paragraph\">Lo anterior se entregar\u00e1 el s\u00e1bado 10 de mayo en el mismo Estadio Municipal 8 de Diciembre, de 8:00 de la ma\u00f1ana a 3:00 de la tarde.<\/p>\n\n\n\n<p class=\"wp-block-paragraph\">La inscripci\u00f3n es gratuita a trav\u00e9s de la p\u00e1gina de la Secretar\u00eda de la Defensa Nacional y sigue abierta hasta el pr\u00f3ximo mi\u00e9rcoles.<\/p>\n\n\n\n<p class=\"wp-block-paragraph\">El domingo a las 10:00 de la ma\u00f1ana las aeronaves del Ej\u00e9rcito Mexicano comenzar\u00e1n a surcar los aires realizando complicadas maniobras y dejando a su paso una estela de colores patrios para que lo disfruten las familias del sector y de otras partes de la ciudad.<\/p>\n\n\n\n<p class=\"wp-block-paragraph\">Participan en el espect\u00e1culo a\u00e9reo la Brigada de Fusileros Paracaidistas, el Cuerpo de Fuerzas Especiales y la Banda de Guerra de la Onceava Regi\u00f3n Militar.<\/p>\n\n\n\n<p class=\"wp-block-paragraph\">El alcalde P\u00e9rez Cu\u00e9llar invit\u00f3 a la poblaci\u00f3n para que asistan, participen y convivan durante la exposici\u00f3n de los elementos del Ej\u00e9rcito Mexicano.<\/p>\n\n\n\n<p class=\"wp-block-paragraph\">\u00abSon dos eventos en uno, para que lleven a sus hijos al Estadio 8 de Diciembre; agradecer est\u00e1 gran coordinaci\u00f3n que tenemos con el Ej\u00e9rcito Mexicano, con la Gran Fuerza de M\u00e9xico\u201d, coment\u00f3.<\/p>\n","protected":false},"excerpt":{"rendered":"<p>Ciudad Ju\u00e1rez, Chih.- Con una exhibici\u00f3n a\u00e9rea y paracaidismo se llevar\u00e1 a cabo el domingo 11 de mayo la carrera pedestre La Gran Fuerza de M\u00e9xico, competencia en la que se espera la participaci\u00f3n de alrededor de 10 mil personas y que tendr\u00e1 como sede el Estadio Municipal 8 de Diciembre, en la zona suroriente [&hellip;]<\/p>\n","protected":false},"author":6,"featured_media":58747,"comment_status":"closed","ping_status":"closed","sticky":false,"template":"","format":"standard","meta":{"_acf_changed":false,"_monsterinsights_skip_tracking":false,"slim_seo":{"title":"Invitan a carrera pedestre de la \"Gran Fuerza de M\u00e9xico\" en el suroriente de Ciudad Ju\u00e1rez - Opini\u00f3n P\u00fablica","description":"Ciudad Ju\u00e1rez, Chih .- Con una exhibici\u00f3n a\u00e9rea y paracaidismo se llevar\u00e1 a cabo el domingo 11 de mayo la carrera pedestre La Gran Fuerza de M\u00e9xico, competencia"},"footnotes":""},"categories":[41],"tags":[],"class_list":["post-58743","post","type-post","status-publish","format-standard","has-post-thumbnail","hentry","category-juarez"],"acf":[],"_links":{"self":[{"href":"https:\/\/www.opinionpublica.tv\/portada\/wp-json\/wp\/v2\/posts\/58743","targetHints":{"allow":["GET"]}}],"collection":[{"href":"https:\/\/www.opinionpublica.tv\/portada\/wp-json\/wp\/v2\/posts"}],"about":[{"href":"https:\/\/www.opinionpublica.tv\/portada\/wp-json\/wp\/v2\/types\/post"}],"author":[{"embeddable":true,"href":"https:\/\/www.opinionpublica.tv\/portada\/wp-json\/wp\/v2\/users\/6"}],"replies":[{"embeddable":true,"href":"https:\/\/www.opinionpublica.tv\/portada\/wp-json\/wp\/v2\/comments?post=58743"}],"version-history":[{"count":3,"href":"https:\/\/www.opinionpublica.tv\/portada\/wp-json\/wp\/v2\/posts\/58743\/revisions"}],"predecessor-version":[{"id":58748,"href":"https:\/\/www.opinionpublica.tv\/portada\/wp-json\/wp\/v2\/posts\/58743\/revisions\/58748"}],"wp:featuredmedia":[{"embeddable":true,"href":"https:\/\/www.opinionpublica.tv\/portada\/wp-json\/wp\/v2\/media\/58747"}],"wp:attachment":[{"href":"https:\/\/www.opinionpublica.tv\/portada\/wp-json\/wp\/v2\/media?parent=58743"}],"wp:term":[{"taxonomy":"category","embeddable":true,"href":"https:\/\/www.opinionpublica.tv\/portada\/wp-json\/wp\/v2\/categories?post=58743"},{"taxonomy":"post_tag","embeddable":true,"href":"https:\/\/www.opinionpublica.tv\/portada\/wp-json\/wp\/v2\/tags?post=58743"}],"curies":[{"name":"wp","href":"https:\/\/api.w.org\/{rel}","templated":true}]}}