{"id":58708,"date":"2025-05-05T00:01:00","date_gmt":"2025-05-05T06:01:00","guid":{"rendered":"https:\/\/www.opinionpublica.tv\/portada\/?p=58708"},"modified":"2025-05-04T14:23:57","modified_gmt":"2025-05-04T20:23:57","slug":"la-shcp-da-a-conocer-acuerdo-para-desincorporar-a-mexicana-de-aviacion","status":"publish","type":"post","link":"https:\/\/www.opinionpublica.tv\/portada\/la-shcp-da-a-conocer-acuerdo-para-desincorporar-a-mexicana-de-aviacion\/","title":{"rendered":"La SHCP da a conocer nuevo acuerdo para desincorporar a Mexicana de Aviaci\u00f3n"},"content":{"rendered":"\n<figure class=\"wp-block-image size-large\"><img fetchpriority=\"high\" decoding=\"async\" width=\"1024\" height=\"683\" src=\"https:\/\/www.opinionpublica.tv\/portada\/wp-content\/uploads\/2025\/05\/La-SHCP-da-a-conocer-nuevo-acuerdo-para-desincorporar-a-Mexicana-de-Aviacion-1024x683.webp\" alt=\"La shcp da a conocer nuevo acuerdo para desincorporar a mexicana de aviacio\u0301n\" class=\"wp-image-58711\" srcset=\"https:\/\/www.opinionpublica.tv\/portada\/wp-content\/uploads\/2025\/05\/La-SHCP-da-a-conocer-nuevo-acuerdo-para-desincorporar-a-Mexicana-de-Aviacion-1024x683.webp 1024w, https:\/\/www.opinionpublica.tv\/portada\/wp-content\/uploads\/2025\/05\/La-SHCP-da-a-conocer-nuevo-acuerdo-para-desincorporar-a-Mexicana-de-Aviacion-300x200.webp 300w, https:\/\/www.opinionpublica.tv\/portada\/wp-content\/uploads\/2025\/05\/La-SHCP-da-a-conocer-nuevo-acuerdo-para-desincorporar-a-Mexicana-de-Aviacion-768x512.webp 768w, https:\/\/www.opinionpublica.tv\/portada\/wp-content\/uploads\/2025\/05\/La-SHCP-da-a-conocer-nuevo-acuerdo-para-desincorporar-a-Mexicana-de-Aviacion.webp 1080w\" sizes=\"(max-width: 1024px) 100vw, 1024px\" \/><\/figure>\n\n\n\n<p class=\"wp-block-paragraph\">La Secretar\u00eda de Hacienda y Cr\u00e9dito P\u00fablico (SHCP) dio a conocer el acuerdo mediante el cual se autoriza a la Secretar\u00eda de la Defensa Nacional (Defensa) a desincorporar la Aerol\u00ednea del Estado Mexicano, S.A. de C.V. (Mexicana), del Grupo Aeroportuario, Ferroviario, de Servicios Auxiliares y Conexos, Olmeca-Maya-Mexica, S.A. de C.V. (GAFSACOMM), m\u00e1ximo el 31 de diciembre de 2026.<\/p>\n\n\n\n<p class=\"wp-block-paragraph\">El acuerdo publicado el viernes en el Diario Oficial de la Federaci\u00f3n (DOF), refiere tambi\u00e9n que se da por concluido el proceso de desincorporaci\u00f3n del GAFSACOMM, de las empresas de participaci\u00f3n estatal mayoritaria denominadas Aeropuerto Internacional de Palenque, el Aeropuerto Internacional de Chetumal y el Aeropuerto Internacional de Tulum.<\/p>\n\n\n\n<p class=\"wp-block-paragraph\">De acuerdo con lo publicado en el DOF, desde el 17 de agosto de 2023, se public\u00f3 la \u00abResoluci\u00f3n mediante la cual se autoriza la desincorporaci\u00f3n por fusi\u00f3n de las empresas de participaci\u00f3n estatal mayoritaria denominadas Aeropuerto Internacional de Palenque, Se\u00f1or Pakal, S.A. de C.V.; Aeropuerto Internacional de Chetumal, Cuna del Mestizaje, S.A. de C.V.; Aeropuerto Internacional de Tulum, Zam\u00e1, S.A. de C.V., y Aerol\u00ednea del Estado Mexicano, S.A. de C.V., con el Grupo Aeroportuario, Ferroviario, de Servicios Auxiliares y Conexos, Olmeca-Maya-Mexica, S.A. de C.V., como entidad fusionante\u201d.<\/p>\n\n\n\n<p class=\"wp-block-paragraph\">A trav\u00e9s del oficio n\u00famero ND\/N02\/20517\/5150, de fecha 5 de marzo de 2025, el Oficial Mayor de la Defensa, solicit\u00f3 al Secretario Ejecutivo de la Comisi\u00f3n Intersecretarial de Gasto P\u00fablico, Financiamiento y Desincorporaci\u00f3n, emitir dictamen favorable para declarar que concluy\u00f3 la desincorporaci\u00f3n por fusi\u00f3n de los aeropuertos de Palenque, Chetumal y Tulum.<\/p>\n\n\n\n<p class=\"wp-block-paragraph\">Asimismo, que se excluyera de esa situaci\u00f3n a Mexicana, ya que la Comisi\u00f3n Intersecretarial de Gasto P\u00fablico \u201cestableci\u00f3 en el Acuerdo 25-II-5, el 31 de diciembre de 2026, como plazo para concluir el proceso mencionado entre las entidades involucradas, y concluir las actividades de cierre y post cierre, sin rebasar el plazo se\u00f1alado\u201d.<\/p>\n\n\n\n<p class=\"wp-block-paragraph\">Tambi\u00e9n se menciona que \u201cla empresa de participaci\u00f3n estatal mayoritaria denominada Aerol\u00ednea del Estado Mexicano, S.A. de C.V. conservar\u00e1 su personalidad jur\u00eddica y patrimonio propios, en t\u00e9rminos de las disposiciones jur\u00eddicas aplicables, de forma independiente a la de la empresa de participaci\u00f3n estatal mayoritaria denominada Grupo Aeroportuario, Ferroviario, de Servicios Auxiliares y Conexos, Olmeca-Maya-Mexica, S.A. de C.V., ambas agrupadas en el sector coordinado por la Secretar\u00eda de la Defensa Nacional\u201d. (La Jornada)<\/p>\n","protected":false},"excerpt":{"rendered":"<p>La Secretar\u00eda de Hacienda y Cr\u00e9dito P\u00fablico (SHCP) dio a conocer el acuerdo mediante el cual se autoriza a la Secretar\u00eda de la Defensa Nacional (Defensa) a desincorporar la Aerol\u00ednea del Estado Mexicano, S.A. de C.V. (Mexicana), del Grupo Aeroportuario, Ferroviario, de Servicios Auxiliares y Conexos, Olmeca-Maya-Mexica, S.A. de C.V. (GAFSACOMM), m\u00e1ximo el 31 de [&hellip;]<\/p>\n","protected":false},"author":6,"featured_media":58711,"comment_status":"closed","ping_status":"closed","sticky":false,"template":"","format":"standard","meta":{"_acf_changed":false,"_monsterinsights_skip_tracking":false,"slim_seo":{"title":"La SHCP da a conocer nuevo acuerdo para desincorporar a Mexicana de Aviaci\u00f3n - Opini\u00f3n P\u00fablica","description":"La Secretar\u00eda de Hacienda y Cr\u00e9dito P\u00fablico (SHCP) dio a conocer el acuerdo mediante el cual se autoriza a la Secretar\u00eda de la Defensa Nacional (Defensa) a desi"},"footnotes":""},"categories":[4],"tags":[],"class_list":["post-58708","post","type-post","status-publish","format-standard","has-post-thumbnail","hentry","category-pulsopolitico"],"acf":[],"_links":{"self":[{"href":"https:\/\/www.opinionpublica.tv\/portada\/wp-json\/wp\/v2\/posts\/58708","targetHints":{"allow":["GET"]}}],"collection":[{"href":"https:\/\/www.opinionpublica.tv\/portada\/wp-json\/wp\/v2\/posts"}],"about":[{"href":"https:\/\/www.opinionpublica.tv\/portada\/wp-json\/wp\/v2\/types\/post"}],"author":[{"embeddable":true,"href":"https:\/\/www.opinionpublica.tv\/portada\/wp-json\/wp\/v2\/users\/6"}],"replies":[{"embeddable":true,"href":"https:\/\/www.opinionpublica.tv\/portada\/wp-json\/wp\/v2\/comments?post=58708"}],"version-history":[{"count":2,"href":"https:\/\/www.opinionpublica.tv\/portada\/wp-json\/wp\/v2\/posts\/58708\/revisions"}],"predecessor-version":[{"id":58712,"href":"https:\/\/www.opinionpublica.tv\/portada\/wp-json\/wp\/v2\/posts\/58708\/revisions\/58712"}],"wp:featuredmedia":[{"embeddable":true,"href":"https:\/\/www.opinionpublica.tv\/portada\/wp-json\/wp\/v2\/media\/58711"}],"wp:attachment":[{"href":"https:\/\/www.opinionpublica.tv\/portada\/wp-json\/wp\/v2\/media?parent=58708"}],"wp:term":[{"taxonomy":"category","embeddable":true,"href":"https:\/\/www.opinionpublica.tv\/portada\/wp-json\/wp\/v2\/categories?post=58708"},{"taxonomy":"post_tag","embeddable":true,"href":"https:\/\/www.opinionpublica.tv\/portada\/wp-json\/wp\/v2\/tags?post=58708"}],"curies":[{"name":"wp","href":"https:\/\/api.w.org\/{rel}","templated":true}]}}