{"id":58703,"date":"2025-05-05T00:01:00","date_gmt":"2025-05-05T06:01:00","guid":{"rendered":"https:\/\/www.opinionpublica.tv\/portada\/?p=58703"},"modified":"2025-05-04T14:18:54","modified_gmt":"2025-05-04T20:18:54","slug":"morena-firma-convenio-con-partido-comunista-de-cuba-acuerdan-cooperacion","status":"publish","type":"post","link":"https:\/\/www.opinionpublica.tv\/portada\/morena-firma-convenio-con-partido-comunista-de-cuba-acuerdan-cooperacion\/","title":{"rendered":"Morena firma convenio con Partido Comunista de Cuba; acuerdan mutua cooperaci\u00f3n"},"content":{"rendered":"\n<figure class=\"wp-block-image size-large\"><img fetchpriority=\"high\" decoding=\"async\" width=\"1024\" height=\"620\" src=\"https:\/\/www.opinionpublica.tv\/portada\/wp-content\/uploads\/2025\/05\/Morena-firma-convenio-con-Partido-Comunista-de-Cuba-acuerdan-mutua-cooperacion-1024x620.png\" alt=\"Morena firma convenio con partido comunista de cuba; acuerdan mutua cooperacio\u0301n\" class=\"wp-image-58706\" srcset=\"https:\/\/www.opinionpublica.tv\/portada\/wp-content\/uploads\/2025\/05\/Morena-firma-convenio-con-Partido-Comunista-de-Cuba-acuerdan-mutua-cooperacion-1024x620.png 1024w, https:\/\/www.opinionpublica.tv\/portada\/wp-content\/uploads\/2025\/05\/Morena-firma-convenio-con-Partido-Comunista-de-Cuba-acuerdan-mutua-cooperacion-300x182.png 300w, https:\/\/www.opinionpublica.tv\/portada\/wp-content\/uploads\/2025\/05\/Morena-firma-convenio-con-Partido-Comunista-de-Cuba-acuerdan-mutua-cooperacion-768x465.png 768w, https:\/\/www.opinionpublica.tv\/portada\/wp-content\/uploads\/2025\/05\/Morena-firma-convenio-con-Partido-Comunista-de-Cuba-acuerdan-mutua-cooperacion-1536x931.png 1536w, https:\/\/www.opinionpublica.tv\/portada\/wp-content\/uploads\/2025\/05\/Morena-firma-convenio-con-Partido-Comunista-de-Cuba-acuerdan-mutua-cooperacion.png 1974w\" sizes=\"(max-width: 1024px) 100vw, 1024px\" \/><\/figure>\n\n\n\n<p class=\"wp-block-paragraph\">El pasado 1 de mayo, Carolina Rangel Gracida, secretaria general de Morena asisti\u00f3 al Desfile Conmemorativo por el D\u00eda de las y los Trabajadores en la Plaza de la Revoluci\u00f3n, La Habana, Cuba.<\/p>\n\n\n\n<p class=\"wp-block-paragraph\">Mediante un comunicado posteado hoy en X, antes Twitter, el partido guinda inform\u00f3 que durante la visita, Carolina Rangel sostuvo un encuentro con el presidente de Cuba y primer secretario del Partido Comunista: Miguel D\u00edaz-Canel.<\/p>\n\n\n\n<p class=\"wp-block-paragraph\">Durante el encuentro, Rangel Gracida firm\u00f3 un convenio de colaboraci\u00f3n entre Morena y el Partido Comunista de Cuba con el objetivo de \u00abfortalecer la cooperaci\u00f3n y el cambio pol\u00edtico entre ambas fuerzas progresistas\u00bb.<\/p>\n\n\n\n<p class=\"wp-block-paragraph\">Adem\u00e1s, la secretaria general de Morena se reuni\u00f3 con el presidente del Instituto Cubano de Amistad con los Pueblos (ICAP) y con representantes del Departamento de Relaciones Internacionales del Partido Comunista de Cuba.<\/p>\n\n\n\n<p class=\"wp-block-paragraph\">En su visita, seg\u00fan su comunicado, reconoci\u00f3 la dignidad, resistencia y compromiso del pueblo cubano con la revoluci\u00f3n y loa defensa de su soberan\u00eda nacional.<\/p>\n\n\n\n<p class=\"wp-block-paragraph\">\u00abCon esta visita Morena contin\u00faa fortaleciendo sus v\u00ednculos internacionales, con lo cual avanza en la consolidaci\u00f3n como el Partido-Movimiento de izquierda m\u00e1s importante de Am\u00e9rica Latina\u00bb, finaliza el comunicado. (El Universal)<\/p>\n","protected":false},"excerpt":{"rendered":"<p>El pasado 1 de mayo, Carolina Rangel Gracida, secretaria general de Morena asisti\u00f3 al Desfile Conmemorativo por el D\u00eda de las y los Trabajadores en la Plaza de la Revoluci\u00f3n, La Habana, Cuba. Mediante un comunicado posteado hoy en X, antes Twitter, el partido guinda inform\u00f3 que durante la visita, Carolina Rangel sostuvo un encuentro [&hellip;]<\/p>\n","protected":false},"author":6,"featured_media":58706,"comment_status":"closed","ping_status":"closed","sticky":false,"template":"","format":"standard","meta":{"_acf_changed":false,"_monsterinsights_skip_tracking":false,"slim_seo":{"title":"Morena firma convenio con Partido Comunista de Cuba; acuerdan mutua cooperaci\u00f3n - Opini\u00f3n P\u00fablica","description":"El pasado 1 de mayo, Carolina Rangel Gracida, secretaria general de Morena asisti\u00f3 al Desfile Conmemorativo por el D\u00eda de las y los Trabajadores en la Plaza de"},"footnotes":""},"categories":[4],"tags":[],"class_list":["post-58703","post","type-post","status-publish","format-standard","has-post-thumbnail","hentry","category-pulsopolitico"],"acf":[],"_links":{"self":[{"href":"https:\/\/www.opinionpublica.tv\/portada\/wp-json\/wp\/v2\/posts\/58703","targetHints":{"allow":["GET"]}}],"collection":[{"href":"https:\/\/www.opinionpublica.tv\/portada\/wp-json\/wp\/v2\/posts"}],"about":[{"href":"https:\/\/www.opinionpublica.tv\/portada\/wp-json\/wp\/v2\/types\/post"}],"author":[{"embeddable":true,"href":"https:\/\/www.opinionpublica.tv\/portada\/wp-json\/wp\/v2\/users\/6"}],"replies":[{"embeddable":true,"href":"https:\/\/www.opinionpublica.tv\/portada\/wp-json\/wp\/v2\/comments?post=58703"}],"version-history":[{"count":2,"href":"https:\/\/www.opinionpublica.tv\/portada\/wp-json\/wp\/v2\/posts\/58703\/revisions"}],"predecessor-version":[{"id":58707,"href":"https:\/\/www.opinionpublica.tv\/portada\/wp-json\/wp\/v2\/posts\/58703\/revisions\/58707"}],"wp:featuredmedia":[{"embeddable":true,"href":"https:\/\/www.opinionpublica.tv\/portada\/wp-json\/wp\/v2\/media\/58706"}],"wp:attachment":[{"href":"https:\/\/www.opinionpublica.tv\/portada\/wp-json\/wp\/v2\/media?parent=58703"}],"wp:term":[{"taxonomy":"category","embeddable":true,"href":"https:\/\/www.opinionpublica.tv\/portada\/wp-json\/wp\/v2\/categories?post=58703"},{"taxonomy":"post_tag","embeddable":true,"href":"https:\/\/www.opinionpublica.tv\/portada\/wp-json\/wp\/v2\/tags?post=58703"}],"curies":[{"name":"wp","href":"https:\/\/api.w.org\/{rel}","templated":true}]}}