{"id":58683,"date":"2025-05-05T00:01:00","date_gmt":"2025-05-05T06:01:00","guid":{"rendered":"https:\/\/www.opinionpublica.tv\/portada\/?p=58683"},"modified":"2025-05-04T12:54:02","modified_gmt":"2025-05-04T18:54:02","slug":"cientos-de-juarenses-corrieron-unidos-por-el-autismo-durante-el-fin-de-semana","status":"publish","type":"post","link":"https:\/\/www.opinionpublica.tv\/portada\/cientos-de-juarenses-corrieron-unidos-por-el-autismo-durante-el-fin-de-semana\/","title":{"rendered":"Cientos de juarenses corrieron \u2018Unidos por el Autismo\u2019 el fin de semana"},"content":{"rendered":"\n<figure class=\"wp-block-image size-large\"><img fetchpriority=\"high\" decoding=\"async\" width=\"1024\" height=\"682\" src=\"https:\/\/www.opinionpublica.tv\/portada\/wp-content\/uploads\/2025\/05\/Cientos-de-juarenses-corrieron-\u2018Unidos-por-el-Autismo-el-fin-de-semana-1024x682.jpeg\" alt=\"Cientos de juarenses corrieron \u2018unidos por el autismo\u2019 el fin de semana\" class=\"wp-image-58687\" srcset=\"https:\/\/www.opinionpublica.tv\/portada\/wp-content\/uploads\/2025\/05\/Cientos-de-juarenses-corrieron-\u2018Unidos-por-el-Autismo-el-fin-de-semana-1024x682.jpeg 1024w, https:\/\/www.opinionpublica.tv\/portada\/wp-content\/uploads\/2025\/05\/Cientos-de-juarenses-corrieron-\u2018Unidos-por-el-Autismo-el-fin-de-semana-300x200.jpeg 300w, https:\/\/www.opinionpublica.tv\/portada\/wp-content\/uploads\/2025\/05\/Cientos-de-juarenses-corrieron-\u2018Unidos-por-el-Autismo-el-fin-de-semana-768x512.jpeg 768w, https:\/\/www.opinionpublica.tv\/portada\/wp-content\/uploads\/2025\/05\/Cientos-de-juarenses-corrieron-\u2018Unidos-por-el-Autismo-el-fin-de-semana-1536x1023.jpeg 1536w, https:\/\/www.opinionpublica.tv\/portada\/wp-content\/uploads\/2025\/05\/Cientos-de-juarenses-corrieron-\u2018Unidos-por-el-Autismo-el-fin-de-semana.jpeg 1600w\" sizes=\"(max-width: 1024px) 100vw, 1024px\" \/><\/figure>\n\n\n\n<p class=\"wp-block-paragraph\"><em>Ciudad Ju\u00e1rez, Chih<\/em>.- Con la participaci\u00f3n de m\u00e1s de 500 competidores concluy\u00f3 satisfactoriamente este domingo la carrera pedestre, Unidos por el Autismo, donde familias completas disfrutaron la carrera de 10 y 5 kil\u00f3metros.<\/p>\n\n\n\n<p class=\"wp-block-paragraph\">La llegada y salida ocurri\u00f3 en el Parque del Sistema para el Desarrollo Integral de la Familia del municipio ( DIF).<\/p>\n\n\n\n<p class=\"wp-block-paragraph\">El coordinador de Proyectos Deportivos del Instituto Municipal del Deporte y Cultura F\u00edsica de Ju\u00e1rez David Serna, explic\u00f3 que es la s\u00e9ptima carrera de la Fundaci\u00f3n Unidos por el Autismo.<\/p>\n\n\n\n<p class=\"wp-block-paragraph\">\u201cEl Instituto del Deporte apoya a la fundaci\u00f3n, la cual es por causa , ellos necesitan acondicionar su nuevo edificio en mobiliario y lo recaudado ser\u00e1 para eso\u00bb, concluy\u00f3 el profesor Serna.<\/p>\n\n\n\n<p class=\"wp-block-paragraph\">Por su parte, Egla Ram\u00edrez directora de la Fundaci\u00f3n Unidos por el Autismo A.C agradeci\u00f3 al Gobierno Municipal que encabeza el alcalde Cruz P\u00e9rez Cu\u00e9llar, que a trav\u00e9s del IMDEJ convoca y organiza esta colorida carrera cada a\u00f1o.<\/p>\n\n\n\n<p class=\"wp-block-paragraph\">\u201cLos invito para que voten por el proyecto participativo 263 y ayuda en la segunda etapa, de nuestro Centro por el Autismo y as\u00ed ayudar a cientos de familias\u00bb, invito la directora.<\/p>\n\n\n\n<p class=\"wp-block-paragraph\">Los tres primeros ganadores de la carrera, recibieron premios en efectivo de 3 mil a mil pesos respectivamente. Adem\u00e1s los ni\u00f1os y ni\u00f1as participaron en la tradicional carrera infantil, con muchos regalos para ellos.<\/p>\n","protected":false},"excerpt":{"rendered":"<p>Ciudad Ju\u00e1rez, Chih.- Con la participaci\u00f3n de m\u00e1s de 500 competidores concluy\u00f3 satisfactoriamente este domingo la carrera pedestre, Unidos por el Autismo, donde familias completas disfrutaron la carrera de 10 y 5 kil\u00f3metros. La llegada y salida ocurri\u00f3 en el Parque del Sistema para el Desarrollo Integral de la Familia del municipio ( DIF). El [&hellip;]<\/p>\n","protected":false},"author":6,"featured_media":58687,"comment_status":"closed","ping_status":"closed","sticky":false,"template":"","format":"standard","meta":{"_acf_changed":false,"_monsterinsights_skip_tracking":false,"slim_seo":{"title":"Cientos de juarenses corrieron \u2018Unidos por el Autismo\u2019 el fin de semana - Opini\u00f3n P\u00fablica","description":"Ciudad Ju\u00e1rez, Chih .- Con la participaci\u00f3n de m\u00e1s de 500 competidores concluy\u00f3 satisfactoriamente este domingo la carrera pedestre, Unidos por el Autismo, dond"},"footnotes":""},"categories":[41],"tags":[],"class_list":["post-58683","post","type-post","status-publish","format-standard","has-post-thumbnail","hentry","category-juarez"],"acf":[],"_links":{"self":[{"href":"https:\/\/www.opinionpublica.tv\/portada\/wp-json\/wp\/v2\/posts\/58683","targetHints":{"allow":["GET"]}}],"collection":[{"href":"https:\/\/www.opinionpublica.tv\/portada\/wp-json\/wp\/v2\/posts"}],"about":[{"href":"https:\/\/www.opinionpublica.tv\/portada\/wp-json\/wp\/v2\/types\/post"}],"author":[{"embeddable":true,"href":"https:\/\/www.opinionpublica.tv\/portada\/wp-json\/wp\/v2\/users\/6"}],"replies":[{"embeddable":true,"href":"https:\/\/www.opinionpublica.tv\/portada\/wp-json\/wp\/v2\/comments?post=58683"}],"version-history":[{"count":3,"href":"https:\/\/www.opinionpublica.tv\/portada\/wp-json\/wp\/v2\/posts\/58683\/revisions"}],"predecessor-version":[{"id":58688,"href":"https:\/\/www.opinionpublica.tv\/portada\/wp-json\/wp\/v2\/posts\/58683\/revisions\/58688"}],"wp:featuredmedia":[{"embeddable":true,"href":"https:\/\/www.opinionpublica.tv\/portada\/wp-json\/wp\/v2\/media\/58687"}],"wp:attachment":[{"href":"https:\/\/www.opinionpublica.tv\/portada\/wp-json\/wp\/v2\/media?parent=58683"}],"wp:term":[{"taxonomy":"category","embeddable":true,"href":"https:\/\/www.opinionpublica.tv\/portada\/wp-json\/wp\/v2\/categories?post=58683"},{"taxonomy":"post_tag","embeddable":true,"href":"https:\/\/www.opinionpublica.tv\/portada\/wp-json\/wp\/v2\/tags?post=58683"}],"curies":[{"name":"wp","href":"https:\/\/api.w.org\/{rel}","templated":true}]}}