{"id":58505,"date":"2025-05-05T00:01:00","date_gmt":"2025-05-05T06:01:00","guid":{"rendered":"https:\/\/www.opinionpublica.tv\/portada\/?p=58505"},"modified":"2025-05-31T16:22:13","modified_gmt":"2025-05-31T22:22:13","slug":"eu-revela-el-verdadero-rostro-de-la-corrupcion-de-la-4t-hector-de-mauleon","status":"publish","type":"post","link":"https:\/\/www.opinionpublica.tv\/portada\/eu-revela-el-verdadero-rostro-de-la-corrupcion-de-la-4t-hector-de-mauleon\/","title":{"rendered":"Video: EU revela rostro de la corrupci\u00f3n de la 4T | H\u00e9ctor de Maule\u00f3n"},"content":{"rendered":"\n<figure class=\"wp-block-embed is-type-video is-provider-youtube wp-block-embed-youtube wp-embed-aspect-16-9 wp-has-aspect-ratio\"><div class=\"wp-block-embed__wrapper\">\n<iframe title=\"Estados Unidos revela el verdadero rostro de la corrupci\u00f3n de la 4T: H\u00e9ctor de Maule\u00f3n\" width=\"800\" height=\"450\" src=\"https:\/\/www.youtube.com\/embed\/Ca6rbD28Ts0?feature=oembed\" frameborder=\"0\" allow=\"accelerometer; autoplay; clipboard-write; encrypted-media; gyroscope; picture-in-picture; web-share\" referrerpolicy=\"strict-origin-when-cross-origin\" allowfullscreen><\/iframe>\n<\/div><\/figure>\n\n\n\n<p class=\"wp-block-paragraph\">El periodista e historiador, H\u00e9ctor de Maule\u00f3n, afirma que desde el 2020, el gobierno de M\u00e9xico hab\u00eda identificado a \u201cEl Primito\u201d como uno de los principales jefes del crimen organizado en Tamaulipas.<\/p>\n\n\n\n<p class=\"wp-block-paragraph\"><em>Cr\u00e9ditos: Latinus<\/em>.<a href=\"https:\/\/www.youtube.com\/@Latinusus\"><\/a><\/p>\n","protected":false},"excerpt":{"rendered":"<p>El periodista e historiador, H\u00e9ctor de Maule\u00f3n, afirma que desde el 2020, el gobierno de M\u00e9xico hab\u00eda identificado a \u201cEl Primito\u201d como uno de los principales jefes del crimen organizado en Tamaulipas. Cr\u00e9ditos: Latinus.<\/p>\n","protected":false},"author":6,"featured_media":58508,"comment_status":"closed","ping_status":"closed","sticky":false,"template":"","format":"standard","meta":{"_acf_changed":false,"_monsterinsights_skip_tracking":false,"slim_seo":{"title":"Video: EU revela rostro de la corrupci\u00f3n de la 4T | H\u00e9ctor de Maule\u00f3n - Opini\u00f3n P\u00fablica","description":"https:\/\/youtu.be\/Ca6rbD28Ts0?si=HQgmukOBr5WPlkb3 El periodista e historiador, H\u00e9ctor de Maule\u00f3n, afirma que desde el 2020, el gobierno de M\u00e9xico hab\u00eda identific"},"footnotes":""},"categories":[13,2,8],"tags":[],"class_list":["post-58505","post","type-post","status-publish","format-standard","has-post-thumbnail","hentry","category-videos-destacados-contenido","category-videos-destacados","category-videos"],"acf":[],"_links":{"self":[{"href":"https:\/\/www.opinionpublica.tv\/portada\/wp-json\/wp\/v2\/posts\/58505","targetHints":{"allow":["GET"]}}],"collection":[{"href":"https:\/\/www.opinionpublica.tv\/portada\/wp-json\/wp\/v2\/posts"}],"about":[{"href":"https:\/\/www.opinionpublica.tv\/portada\/wp-json\/wp\/v2\/types\/post"}],"author":[{"embeddable":true,"href":"https:\/\/www.opinionpublica.tv\/portada\/wp-json\/wp\/v2\/users\/6"}],"replies":[{"embeddable":true,"href":"https:\/\/www.opinionpublica.tv\/portada\/wp-json\/wp\/v2\/comments?post=58505"}],"version-history":[{"count":2,"href":"https:\/\/www.opinionpublica.tv\/portada\/wp-json\/wp\/v2\/posts\/58505\/revisions"}],"predecessor-version":[{"id":58507,"href":"https:\/\/www.opinionpublica.tv\/portada\/wp-json\/wp\/v2\/posts\/58505\/revisions\/58507"}],"wp:featuredmedia":[{"embeddable":true,"href":"https:\/\/www.opinionpublica.tv\/portada\/wp-json\/wp\/v2\/media\/58508"}],"wp:attachment":[{"href":"https:\/\/www.opinionpublica.tv\/portada\/wp-json\/wp\/v2\/media?parent=58505"}],"wp:term":[{"taxonomy":"category","embeddable":true,"href":"https:\/\/www.opinionpublica.tv\/portada\/wp-json\/wp\/v2\/categories?post=58505"},{"taxonomy":"post_tag","embeddable":true,"href":"https:\/\/www.opinionpublica.tv\/portada\/wp-json\/wp\/v2\/tags?post=58505"}],"curies":[{"name":"wp","href":"https:\/\/api.w.org\/{rel}","templated":true}]}}