{"id":58482,"date":"2025-05-03T00:01:00","date_gmt":"2025-05-03T06:01:00","guid":{"rendered":"https:\/\/www.opinionpublica.tv\/portada\/?p=58482"},"modified":"2025-05-02T22:14:55","modified_gmt":"2025-05-03T04:14:55","slug":"respaldan-alcaldes-a-cruz-perez-cuellar-como-coordinador-estatal-de-la-aalmac","status":"publish","type":"post","link":"https:\/\/www.opinionpublica.tv\/portada\/respaldan-alcaldes-a-cruz-perez-cuellar-como-coordinador-estatal-de-la-aalmac\/","title":{"rendered":"Respaldan alcaldes a P\u00e9rez Cu\u00e9llar como coordinador estatal de la AALMAC"},"content":{"rendered":"\n<figure class=\"wp-block-image size-large\"><img fetchpriority=\"high\" decoding=\"async\" width=\"1024\" height=\"682\" src=\"https:\/\/www.opinionpublica.tv\/portada\/wp-content\/uploads\/2025\/05\/Respaldan-alcaldes-a-Perez-Cuellar-como-coordinador-estatal-de-la-AALMAC-1024x682.jpeg\" alt=\"Respaldan alcaldes a pe\u0301rez cue\u0301llar como coordinador estatal de la aalmac\" class=\"wp-image-58486\" srcset=\"https:\/\/www.opinionpublica.tv\/portada\/wp-content\/uploads\/2025\/05\/Respaldan-alcaldes-a-Perez-Cuellar-como-coordinador-estatal-de-la-AALMAC-1024x682.jpeg 1024w, https:\/\/www.opinionpublica.tv\/portada\/wp-content\/uploads\/2025\/05\/Respaldan-alcaldes-a-Perez-Cuellar-como-coordinador-estatal-de-la-AALMAC-300x200.jpeg 300w, https:\/\/www.opinionpublica.tv\/portada\/wp-content\/uploads\/2025\/05\/Respaldan-alcaldes-a-Perez-Cuellar-como-coordinador-estatal-de-la-AALMAC-768x512.jpeg 768w, https:\/\/www.opinionpublica.tv\/portada\/wp-content\/uploads\/2025\/05\/Respaldan-alcaldes-a-Perez-Cuellar-como-coordinador-estatal-de-la-AALMAC-1536x1023.jpeg 1536w, https:\/\/www.opinionpublica.tv\/portada\/wp-content\/uploads\/2025\/05\/Respaldan-alcaldes-a-Perez-Cuellar-como-coordinador-estatal-de-la-AALMAC.jpeg 1600w\" sizes=\"(max-width: 1024px) 100vw, 1024px\" \/><\/figure>\n\n\n\n<p class=\"wp-block-paragraph\"><em>Ciudad Ju\u00e1rez, Chih<\/em>.- Tras su nombramiento como coordinador estatal de la Asociaci\u00f3n Nacional de Autoridades Locales de M\u00e9xico A.C (AALMAC), el presidente municipal, Cruz P\u00e9rez Cu\u00e9llar, recibi\u00f3 el respaldo de otros alcaldes que forman parte de la agrupaci\u00f3n, algunos de ellos de Ayuntamientos cercanos a Ju\u00e1rez.<\/p>\n\n\n\n<p class=\"wp-block-paragraph\">En el evento, que se llev\u00f3 en la ciudad de Chihuahua, los alcaldes manifestaron su benepl\u00e1cito por el nombramiento de P\u00e9rez Cu\u00e9llar, quien ya ha buscado la forma de apoyarlos cuando se lo han pedido.<\/p>\n\n\n\n<p class=\"wp-block-paragraph\">Roberto Lucero Gal\u00e1z, alcalde de Casas Grandes, mencion\u00f3 que el poder tener un aliado como la AALMAC en el municipio, es una posibilidad para seguir mejorando en beneficio de los ciudadanos que representa.<\/p>\n\n\n\n<p class=\"wp-block-paragraph\">\u201cSobre todo con el liderazgo de Cruz P\u00e9rez Cu\u00e9llar, ya que su trabajo es muy bueno, no solo para Ju\u00e1rez, sino tambi\u00e9n para nosotros, ya que busca c\u00f3mo poder apoyarnos y hasta puedo decir que nos cuida como el hermanito peque\u00f1o\u201d, expres\u00f3.<\/p>\n\n\n\n<p class=\"wp-block-paragraph\">\u201cTenemos muy buenos lazos como municipio con Ju\u00e1rez y por tanto, con el alcalde P\u00e9rez Cu\u00e9llar; gracias a su apoyo y solidaridad se ha notado directamente el beneficio en corto plazo, es una gran persona\u201d, dijo por su parte Iv\u00e1n Rodelo Espejo, edil de Ahumada.<\/p>\n\n\n\n<p class=\"wp-block-paragraph\">\u201cSe trata de dar a conocer la importancia de nuestro municipio, su relevancia hist\u00f3rica, gastron\u00f3mica y que somos el m\u00e1s grande del estado en cuanto a extensi\u00f3n territorial, por lo que queremos sacar el mayor provecho con el apoyo de P\u00e9rez Cu\u00e9llar, ya que tenemos mucho que dar\u201d, agreg\u00f3.<\/p>\n\n\n\n<p class=\"wp-block-paragraph\">El coordinador Estatal, Cruz P\u00e9rez Cu\u00e9llar, dijo que esta asociaci\u00f3n que re\u00fane a alcaldes de M\u00e9xico, tiene como idea la coordinaci\u00f3n, ya que evidentemente hay que trabajar en equipo, hacer gestiones y buscar el avance de cada localidad.<\/p>\n\n\n\n<p class=\"wp-block-paragraph\">\u201cBuscamos que todo corresponda a las necesidades cada uno, ya que cada uno tiene vocaciones distintas\u201d, se\u00f1al\u00f3.<\/p>\n\n\n\n<p class=\"wp-block-paragraph\">\u201cLo que hemos caminado y construido para generar bienestar y gestiones se pueden poner al servicio de otros municipios y beneficiarnos todos\u201d, agreg\u00f3.<\/p>\n","protected":false},"excerpt":{"rendered":"<p>Ciudad Ju\u00e1rez, Chih.- Tras su nombramiento como coordinador estatal de la Asociaci\u00f3n Nacional de Autoridades Locales de M\u00e9xico A.C (AALMAC), el presidente municipal, Cruz P\u00e9rez Cu\u00e9llar, recibi\u00f3 el respaldo de otros alcaldes que forman parte de la agrupaci\u00f3n, algunos de ellos de Ayuntamientos cercanos a Ju\u00e1rez. En el evento, que se llev\u00f3 en la ciudad [&hellip;]<\/p>\n","protected":false},"author":6,"featured_media":58486,"comment_status":"closed","ping_status":"closed","sticky":false,"template":"","format":"standard","meta":{"_acf_changed":false,"_monsterinsights_skip_tracking":false,"slim_seo":{"title":"Respaldan alcaldes a P\u00e9rez Cu\u00e9llar como coordinador estatal de la AALMAC - Opini\u00f3n P\u00fablica","description":"Ciudad Ju\u00e1rez, Chih .- Tras su nombramiento como coordinador estatal de la Asociaci\u00f3n Nacional de Autoridades Locales de M\u00e9xico A.C (AALMAC), el presidente muni"},"footnotes":""},"categories":[41],"tags":[],"class_list":["post-58482","post","type-post","status-publish","format-standard","has-post-thumbnail","hentry","category-juarez"],"acf":[],"_links":{"self":[{"href":"https:\/\/www.opinionpublica.tv\/portada\/wp-json\/wp\/v2\/posts\/58482","targetHints":{"allow":["GET"]}}],"collection":[{"href":"https:\/\/www.opinionpublica.tv\/portada\/wp-json\/wp\/v2\/posts"}],"about":[{"href":"https:\/\/www.opinionpublica.tv\/portada\/wp-json\/wp\/v2\/types\/post"}],"author":[{"embeddable":true,"href":"https:\/\/www.opinionpublica.tv\/portada\/wp-json\/wp\/v2\/users\/6"}],"replies":[{"embeddable":true,"href":"https:\/\/www.opinionpublica.tv\/portada\/wp-json\/wp\/v2\/comments?post=58482"}],"version-history":[{"count":3,"href":"https:\/\/www.opinionpublica.tv\/portada\/wp-json\/wp\/v2\/posts\/58482\/revisions"}],"predecessor-version":[{"id":58487,"href":"https:\/\/www.opinionpublica.tv\/portada\/wp-json\/wp\/v2\/posts\/58482\/revisions\/58487"}],"wp:featuredmedia":[{"embeddable":true,"href":"https:\/\/www.opinionpublica.tv\/portada\/wp-json\/wp\/v2\/media\/58486"}],"wp:attachment":[{"href":"https:\/\/www.opinionpublica.tv\/portada\/wp-json\/wp\/v2\/media?parent=58482"}],"wp:term":[{"taxonomy":"category","embeddable":true,"href":"https:\/\/www.opinionpublica.tv\/portada\/wp-json\/wp\/v2\/categories?post=58482"},{"taxonomy":"post_tag","embeddable":true,"href":"https:\/\/www.opinionpublica.tv\/portada\/wp-json\/wp\/v2\/tags?post=58482"}],"curies":[{"name":"wp","href":"https:\/\/api.w.org\/{rel}","templated":true}]}}