{"id":58477,"date":"2025-05-03T00:01:00","date_gmt":"2025-05-03T06:01:00","guid":{"rendered":"https:\/\/www.opinionpublica.tv\/portada\/?p=58477"},"modified":"2025-05-02T22:11:14","modified_gmt":"2025-05-03T04:11:14","slug":"coloca-seguridad-vial-reductores-de-velocidad-en-carretera-de-los-kilometros","status":"publish","type":"post","link":"https:\/\/www.opinionpublica.tv\/portada\/coloca-seguridad-vial-reductores-de-velocidad-en-carretera-de-los-kilometros\/","title":{"rendered":"Coloca Seguridad Vial m\u00e1s reductores de velocidad en carretera de \u00abLos Kil\u00f3metros\u00bb"},"content":{"rendered":"\n<figure class=\"wp-block-image size-large\"><img fetchpriority=\"high\" decoding=\"async\" width=\"1024\" height=\"768\" src=\"https:\/\/www.opinionpublica.tv\/portada\/wp-content\/uploads\/2025\/05\/Coloca-Seguridad-Vial-mas-reductores-de-velocidad-en-carretera-de-22Los-Kilometros22-1024x768.jpeg\" alt=\"Coloca seguridad vial ma\u0301s reductores de velocidad en carretera de %22los kilo\u0301metros%22\" class=\"wp-image-58480\" srcset=\"https:\/\/www.opinionpublica.tv\/portada\/wp-content\/uploads\/2025\/05\/Coloca-Seguridad-Vial-mas-reductores-de-velocidad-en-carretera-de-22Los-Kilometros22-1024x768.jpeg 1024w, https:\/\/www.opinionpublica.tv\/portada\/wp-content\/uploads\/2025\/05\/Coloca-Seguridad-Vial-mas-reductores-de-velocidad-en-carretera-de-22Los-Kilometros22-300x225.jpeg 300w, https:\/\/www.opinionpublica.tv\/portada\/wp-content\/uploads\/2025\/05\/Coloca-Seguridad-Vial-mas-reductores-de-velocidad-en-carretera-de-22Los-Kilometros22-768x576.jpeg 768w, https:\/\/www.opinionpublica.tv\/portada\/wp-content\/uploads\/2025\/05\/Coloca-Seguridad-Vial-mas-reductores-de-velocidad-en-carretera-de-22Los-Kilometros22.jpeg 1280w\" sizes=\"(max-width: 1024px) 100vw, 1024px\" \/><\/figure>\n\n\n\n<p class=\"wp-block-paragraph\"><em>Ciudad Ju\u00e1rez, Chih<\/em>.- La Coordinaci\u00f3n General de Seguridad Vial contin\u00faa con las labores de apoyo en el \u00e1rea conocida como Los Kil\u00f3metros, a fin de mejorar el entorno vial y prevenir accidentes.<\/p>\n\n\n\n<p class=\"wp-block-paragraph\">Con este motivo se construyeron tres reductores de velocidad con asfalto, recubiertos con pintura y un ba\u00f1o de microesfera reflejante de noche, adem\u00e1s de colocarse se\u00f1alamientos verticales y horizontales para mayor seguridad de la zona.<\/p>\n\n\n\n<p class=\"wp-block-paragraph\">Se dio a conocer que la semana entrante se instalar\u00e1n dos sem\u00e1foros de precauci\u00f3n con la leyenda de \u201cPoblado pr\u00f3ximo\u201d, para lo cual hoy se hicieron las bases donde quedar\u00e1n montados en la entrada de esta zona habitacional, en un sentido de poniente a oriente y otro de oriente a poniente.<\/p>\n\n\n\n<p class=\"wp-block-paragraph\">La Coordinaci\u00f3n General de Seguridad Vial recomienda a los conductores ceder el paso y no conducir a exceso de velocidad, as\u00ed como seguir al pie de la letra las indicaciones giradas por los polic\u00edas viales.<\/p>\n","protected":false},"excerpt":{"rendered":"<p>Ciudad Ju\u00e1rez, Chih.- La Coordinaci\u00f3n General de Seguridad Vial contin\u00faa con las labores de apoyo en el \u00e1rea conocida como Los Kil\u00f3metros, a fin de mejorar el entorno vial y prevenir accidentes. Con este motivo se construyeron tres reductores de velocidad con asfalto, recubiertos con pintura y un ba\u00f1o de microesfera reflejante de noche, adem\u00e1s [&hellip;]<\/p>\n","protected":false},"author":6,"featured_media":58480,"comment_status":"closed","ping_status":"closed","sticky":false,"template":"","format":"standard","meta":{"_acf_changed":false,"_monsterinsights_skip_tracking":false,"slim_seo":{"title":"Coloca Seguridad Vial m\u00e1s reductores de velocidad en carretera de \"Los Kil\u00f3metros\" - Opini\u00f3n P\u00fablica","description":"Ciudad Ju\u00e1rez, Chih .- La Coordinaci\u00f3n General de Seguridad Vial contin\u00faa con las labores de apoyo en el \u00e1rea conocida como Los Kil\u00f3metros, a fin de mejorar el"},"footnotes":""},"categories":[41],"tags":[],"class_list":["post-58477","post","type-post","status-publish","format-standard","has-post-thumbnail","hentry","category-juarez"],"acf":[],"_links":{"self":[{"href":"https:\/\/www.opinionpublica.tv\/portada\/wp-json\/wp\/v2\/posts\/58477","targetHints":{"allow":["GET"]}}],"collection":[{"href":"https:\/\/www.opinionpublica.tv\/portada\/wp-json\/wp\/v2\/posts"}],"about":[{"href":"https:\/\/www.opinionpublica.tv\/portada\/wp-json\/wp\/v2\/types\/post"}],"author":[{"embeddable":true,"href":"https:\/\/www.opinionpublica.tv\/portada\/wp-json\/wp\/v2\/users\/6"}],"replies":[{"embeddable":true,"href":"https:\/\/www.opinionpublica.tv\/portada\/wp-json\/wp\/v2\/comments?post=58477"}],"version-history":[{"count":2,"href":"https:\/\/www.opinionpublica.tv\/portada\/wp-json\/wp\/v2\/posts\/58477\/revisions"}],"predecessor-version":[{"id":58481,"href":"https:\/\/www.opinionpublica.tv\/portada\/wp-json\/wp\/v2\/posts\/58477\/revisions\/58481"}],"wp:featuredmedia":[{"embeddable":true,"href":"https:\/\/www.opinionpublica.tv\/portada\/wp-json\/wp\/v2\/media\/58480"}],"wp:attachment":[{"href":"https:\/\/www.opinionpublica.tv\/portada\/wp-json\/wp\/v2\/media?parent=58477"}],"wp:term":[{"taxonomy":"category","embeddable":true,"href":"https:\/\/www.opinionpublica.tv\/portada\/wp-json\/wp\/v2\/categories?post=58477"},{"taxonomy":"post_tag","embeddable":true,"href":"https:\/\/www.opinionpublica.tv\/portada\/wp-json\/wp\/v2\/tags?post=58477"}],"curies":[{"name":"wp","href":"https:\/\/api.w.org\/{rel}","templated":true}]}}