{"id":58439,"date":"2025-05-03T00:01:00","date_gmt":"2025-05-03T06:01:00","guid":{"rendered":"https:\/\/www.opinionpublica.tv\/portada\/?p=58439"},"modified":"2025-05-02T15:07:18","modified_gmt":"2025-05-02T21:07:18","slug":"cual-es-el-volumen-adecuado-que-debemos-usar-para-escuchar-musica-con-audifonos","status":"publish","type":"post","link":"https:\/\/www.opinionpublica.tv\/portada\/cual-es-el-volumen-adecuado-que-debemos-usar-para-escuchar-musica-con-audifonos\/","title":{"rendered":"\u00bfSabes cu\u00e1l es el volumen adecuado para escuchar m\u00fasica con aud\u00edfonos?"},"content":{"rendered":"\n<figure class=\"wp-block-image size-full\"><img fetchpriority=\"high\" decoding=\"async\" width=\"1004\" height=\"620\" src=\"https:\/\/www.opinionpublica.tv\/portada\/wp-content\/uploads\/2025\/05\/\u00bfSabes-cual-es-el-volumen-adecuado-para-escuchar-musica-con-audifonos.avif\" alt=\"\u00bfsabes cua\u0301l es el volumen adecuado para escuchar mu\u0301sica con audi\u0301fonos?\" class=\"wp-image-58443\"\/><\/figure>\n\n\n\n<p class=\"wp-block-paragraph\">En la vida cotidiana, estamos de manera constante expuestos a diversos niveles de ruido, ya sea en espacios p\u00fablicos y privados. Sin embargo, pocas veces nos detenemos a reflexionar sobre los efectos negativos del exceso de ruido para nuestra salud auditiva y bienestar general.<\/p>\n\n\n\n<p class=\"wp-block-paragraph\">En particular, el uso de aud\u00edfonos para escuchar m\u00fasica a un volumen elevado representa un riesgo creciente entre los j\u00f3venes.<\/p>\n\n\n\n<p class=\"wp-block-paragraph\">En este sentido y con motivo del D\u00eda Internacional de la Concienciaci\u00f3n sobre el Ruido, te contamos cu\u00e1l es el volumen adecuado para usar aud\u00edfonos y tener una experiencia sonora saludable y segura.<\/p>\n\n\n\n<p class=\"wp-block-paragraph\">Este es el volumen adecuado para escuchar m\u00fasica con aud\u00edfonos<\/p>\n\n\n\n<p class=\"wp-block-paragraph\">La epidemia del ruido es, parad\u00f3jicamente silenciosa. De acuerdo con la Organizaci\u00f3n Mundial de la Salud (OMS), mil 100 millones de j\u00f3venes de todo el mundo est\u00e1n en riesgo de sufrir p\u00e9rdidas de audici\u00f3n debido a la exposici\u00f3n a ruidos.<\/p>\n\n\n\n<p class=\"wp-block-paragraph\">Mucho de este ruido forma parte de nuestros h\u00e1bitos diarios como escuchar m\u00fasica con aud\u00edfonos a un volumen m\u00e1s alto de lo recomendado.<\/p>\n\n\n\n<p class=\"wp-block-paragraph\">De acuerdo con la misma Organizaci\u00f3n, se recomienda el volumen de salida de los dispositivos de audio entre los 75 decibeles (dB) y los 136 dB a su volumen m\u00e1ximo. Traducido al porcentaje de volumen en un dispositivo, se\u00f1ala no rebasar el 60% de la capacidad m\u00e1xima de volumen que ofrece los auriculares.<\/p>\n\n\n\n<p class=\"wp-block-paragraph\">El mismo organismo recomienda limitar el m\u00e1ximo de una hora diaria para evitar da\u00f1ar la audici\u00f3n.<\/p>\n\n\n\n<p class=\"wp-block-paragraph\">Por otro lado, la Secretar\u00eda de Salud, emiti\u00f3 otras medidas preventivas para cuidar nuestros o\u00eddos de los posibles da\u00f1os del uso excesivo de los aud\u00edfonos:<\/p>\n\n\n\n<p class=\"wp-block-paragraph\">No usar aud\u00edfonos en ambientes muy ruidosos debido a que se tiende a aumentar el volumen de los que se escucha.<\/p>\n\n\n\n<p class=\"wp-block-paragraph\">Utilizar un volumen adecuado, es decir, a un volumen no superior al de la calle.<\/p>\n\n\n\n<p class=\"wp-block-paragraph\">Por cada 45 minutos que est\u00e9n usando los aud\u00edfonos, se debe descansar 15 minutos sin ellos.<\/p>\n\n\n\n<p class=\"wp-block-paragraph\">\u00bfCu\u00e1les problemas de salud genera el uso de aud\u00edfonos a volumen alto?<\/p>\n\n\n\n<p class=\"wp-block-paragraph\">De acuerdo con la Secretar\u00eda de Salud, el uso excesivo de aud\u00edfonos genera diferentes problemas entre los que destacan:<\/p>\n\n\n\n<p class=\"wp-block-paragraph\">Hipoacusia. Disminuci\u00f3n paulatina de la capacidad para escuchar derivada del uso de aud\u00edfonos a vol\u00famenes muy altos.<\/p>\n\n\n\n<p class=\"wp-block-paragraph\">Tinnitus. Las personas expresan escuchar zumbidos todo el tiempo.<\/p>\n\n\n\n<p class=\"wp-block-paragraph\">En este sentido, es importante tomar en consideraci\u00f3n el volumen recomendado por instituciones como la OMS para evitar problemas de salud a futuro.<\/p>\n\n\n\n<p class=\"wp-block-paragraph\"><em>Fuente: El Universal<\/em>.<\/p>\n","protected":false},"excerpt":{"rendered":"<p>En la vida cotidiana, estamos de manera constante expuestos a diversos niveles de ruido, ya sea en espacios p\u00fablicos y privados. Sin embargo, pocas veces nos detenemos a reflexionar sobre los efectos negativos del exceso de ruido para nuestra salud auditiva y bienestar general. En particular, el uso de aud\u00edfonos para escuchar m\u00fasica a un [&hellip;]<\/p>\n","protected":false},"author":6,"featured_media":58443,"comment_status":"closed","ping_status":"closed","sticky":false,"template":"","format":"standard","meta":{"_acf_changed":false,"_monsterinsights_skip_tracking":false,"slim_seo":{"title":"\u00bfSabes cu\u00e1l es el volumen adecuado para escuchar m\u00fasica con aud\u00edfonos? - Opini\u00f3n P\u00fablica","description":"En la vida cotidiana, estamos de manera constante expuestos a diversos niveles de ruido, ya sea en espacios p\u00fablicos y privados. Sin embargo, pocas veces nos de"},"footnotes":""},"categories":[22],"tags":[],"class_list":["post-58439","post","type-post","status-publish","format-standard","has-post-thumbnail","hentry","category-ciencia-y-tecnologia"],"acf":[],"_links":{"self":[{"href":"https:\/\/www.opinionpublica.tv\/portada\/wp-json\/wp\/v2\/posts\/58439","targetHints":{"allow":["GET"]}}],"collection":[{"href":"https:\/\/www.opinionpublica.tv\/portada\/wp-json\/wp\/v2\/posts"}],"about":[{"href":"https:\/\/www.opinionpublica.tv\/portada\/wp-json\/wp\/v2\/types\/post"}],"author":[{"embeddable":true,"href":"https:\/\/www.opinionpublica.tv\/portada\/wp-json\/wp\/v2\/users\/6"}],"replies":[{"embeddable":true,"href":"https:\/\/www.opinionpublica.tv\/portada\/wp-json\/wp\/v2\/comments?post=58439"}],"version-history":[{"count":3,"href":"https:\/\/www.opinionpublica.tv\/portada\/wp-json\/wp\/v2\/posts\/58439\/revisions"}],"predecessor-version":[{"id":58444,"href":"https:\/\/www.opinionpublica.tv\/portada\/wp-json\/wp\/v2\/posts\/58439\/revisions\/58444"}],"wp:featuredmedia":[{"embeddable":true,"href":"https:\/\/www.opinionpublica.tv\/portada\/wp-json\/wp\/v2\/media\/58443"}],"wp:attachment":[{"href":"https:\/\/www.opinionpublica.tv\/portada\/wp-json\/wp\/v2\/media?parent=58439"}],"wp:term":[{"taxonomy":"category","embeddable":true,"href":"https:\/\/www.opinionpublica.tv\/portada\/wp-json\/wp\/v2\/categories?post=58439"},{"taxonomy":"post_tag","embeddable":true,"href":"https:\/\/www.opinionpublica.tv\/portada\/wp-json\/wp\/v2\/tags?post=58439"}],"curies":[{"name":"wp","href":"https:\/\/api.w.org\/{rel}","templated":true}]}}