{"id":58380,"date":"2025-05-02T00:01:00","date_gmt":"2025-05-02T06:01:00","guid":{"rendered":"https:\/\/www.opinionpublica.tv\/portada\/?p=58380"},"modified":"2025-05-01T19:53:43","modified_gmt":"2025-05-02T01:53:43","slug":"mas-senales-cruz-en-la-mananera","status":"publish","type":"post","link":"https:\/\/www.opinionpublica.tv\/portada\/mas-senales-cruz-en-la-mananera\/","title":{"rendered":"M\u00e1s se\u00f1ales: Cruz en la ma\u00f1anera"},"content":{"rendered":"\n<h4 class=\"wp-block-heading\">Ra\u00fal Ruiz<\/h4>\n\n\n\n<p class=\"wp-block-paragraph\">___________________________<\/p>\n\n\n\n<p class=\"wp-block-paragraph\">Con la visita del director general del IMSS, Zo\u00e9 Robledo a Ciudad Ju\u00e1rez, para el arranque de obras en la construcci\u00f3n de los Centros de Educaci\u00f3n y Cuidado Infantil, del IMSS, se mueven se\u00f1ales favorables hacia el alcalde, Cruz P\u00e9rez Cu\u00e9llar.<\/p>\n\n\n\n<p class=\"wp-block-paragraph\">Enlace con la presidenta Sheinbaum.<\/p>\n\n\n\n<p class=\"wp-block-paragraph\">El tema: LOS CECIS, nuevo modelo de guarder\u00edas del IMSS; con la presencia de la presidenta del DIF nacional y la presidenta del DIF municipal, entre otras personalidades.<\/p>\n\n\n\n<p class=\"wp-block-paragraph\">La informaci\u00f3n:<\/p>\n\n\n\n<p class=\"wp-block-paragraph\">* Arrancan 5 de 12 en Ju\u00e1rez.<\/p>\n\n\n\n<p class=\"wp-block-paragraph\">* 2408 M\u00b2 de construcci\u00f3n.<\/p>\n\n\n\n<p class=\"wp-block-paragraph\">* 46 millones de pesos de inversi\u00f3n en este arranque.<\/p>\n\n\n\n<p class=\"wp-block-paragraph\">* Nuevo modelo de cuidado y educaci\u00f3n.<\/p>\n\n\n\n<p class=\"wp-block-paragraph\">* 200 CEDIS en todo el pa\u00eds, desaparecen las antiguas guarder\u00edas del IMSS.<\/p>\n\n\n\n<p class=\"wp-block-paragraph\">* Convenio del DIF municipal y Seguro Social. Personaje central. Martha Rub\u00ed Enr\u00edquez Parada. Esposa del alcalde, Cruz P\u00e9rez Cu\u00e9llar.<\/p>\n\n\n\n<p class=\"wp-block-paragraph\">\u00abTenemos una deuda con las mujeres de Ju\u00e1rez. Y queremos que ning\u00fan ni\u00f1o quede en casa. Es una prioridad.\u00bb Expres\u00f3 la presidenta en el enlace directo a la ma\u00f1anera.<\/p>\n\n\n\n<p class=\"wp-block-paragraph\">Este mensaje es pretexto.<\/p>\n\n\n\n<p class=\"wp-block-paragraph\">Veamos.<\/p>\n\n\n\n<p class=\"wp-block-paragraph\">Quien quiera ver otra cosa se enga\u00f1a.<\/p>\n\n\n\n<p class=\"wp-block-paragraph\">Este tiro estaba cantado desde enantes, habr\u00eda dicho mi abuelo, cobrando un minuto de reposo; serrucho en mano, all\u00e1 en San Luis&#8230; en su carpinter\u00eda.<\/p>\n\n\n\n<p class=\"wp-block-paragraph\">Para quienes tienen la memoria escu\u00e1lida, les recordar\u00e9 que en la inauguraci\u00f3n del Hospital Regional de tercer nivel, en terrenos del antiguo Galg\u00f3dromo, la presidenta no s\u00f3lo le dio un espaldarazo nacional al alcalde, sino que, anunci\u00f3 este programa nacional de los CECIS, y le encarg\u00f3 el arranque a Cruz, a trav\u00e9s de su esposa, Rub\u00ed.<\/p>\n\n\n\n<p class=\"wp-block-paragraph\">Y curiosamente, a los senadores Juan Carlos Loera y Andrea Ch\u00e1vez, los acomodaron en la quinta fila, frente al pres\u00eddium.<\/p>\n\n\n\n<p class=\"wp-block-paragraph\">Si no alcanz\u00e1is a percibir estas se\u00f1ales con claridad, es que no sois buenos lectores de las im\u00e1genes en el quehacer pol\u00edtico.<\/p>\n\n\n\n<p class=\"wp-block-paragraph\">Hay muchas otras se\u00f1ales, pero las guardar\u00e9 para ilustrar otros movimientos \u00abtel\u00faricos\u00bb.<\/p>\n\n\n\n<p class=\"wp-block-paragraph\">Quiero ver c\u00f3mo se mueve este animalote.<\/p>\n\n\n\n<p class=\"wp-block-paragraph\">El lunes habr\u00e1 c\u00f3nclave en la madriguera guinda.<\/p>\n\n\n\n<p class=\"wp-block-paragraph\">Luisa Mar\u00eda dejar\u00e1 la v\u00edbora chillando. Voy por mis palomitas.<\/p>\n","protected":false},"excerpt":{"rendered":"<p>Ra\u00fal Ruiz ___________________________ Con la visita del director general del IMSS, Zo\u00e9 Robledo a Ciudad Ju\u00e1rez, para el arranque de obras en la construcci\u00f3n de los Centros de Educaci\u00f3n y Cuidado Infantil, del IMSS, se mueven se\u00f1ales favorables hacia el alcalde, Cruz P\u00e9rez Cu\u00e9llar. Enlace con la presidenta Sheinbaum. El tema: LOS CECIS, nuevo modelo [&hellip;]<\/p>\n","protected":false},"author":6,"featured_media":43347,"comment_status":"closed","ping_status":"closed","sticky":false,"template":"","format":"standard","meta":{"_acf_changed":false,"_monsterinsights_skip_tracking":false,"slim_seo":{"title":"M\u00e1s se\u00f1ales: Cruz en la ma\u00f1anera - Opini\u00f3n P\u00fablica","description":"Ra\u00fal Ruiz ___________________________ Con la visita del director general del IMSS, Zo\u00e9 Robledo a Ciudad Ju\u00e1rez, para el arranque de obras en la construcci\u00f3n de"},"footnotes":""},"categories":[21],"tags":[593],"class_list":["post-58380","post","type-post","status-publish","format-standard","has-post-thumbnail","hentry","category-cartapacio","tag-cartapacio"],"acf":[],"_links":{"self":[{"href":"https:\/\/www.opinionpublica.tv\/portada\/wp-json\/wp\/v2\/posts\/58380","targetHints":{"allow":["GET"]}}],"collection":[{"href":"https:\/\/www.opinionpublica.tv\/portada\/wp-json\/wp\/v2\/posts"}],"about":[{"href":"https:\/\/www.opinionpublica.tv\/portada\/wp-json\/wp\/v2\/types\/post"}],"author":[{"embeddable":true,"href":"https:\/\/www.opinionpublica.tv\/portada\/wp-json\/wp\/v2\/users\/6"}],"replies":[{"embeddable":true,"href":"https:\/\/www.opinionpublica.tv\/portada\/wp-json\/wp\/v2\/comments?post=58380"}],"version-history":[{"count":3,"href":"https:\/\/www.opinionpublica.tv\/portada\/wp-json\/wp\/v2\/posts\/58380\/revisions"}],"predecessor-version":[{"id":58383,"href":"https:\/\/www.opinionpublica.tv\/portada\/wp-json\/wp\/v2\/posts\/58380\/revisions\/58383"}],"wp:featuredmedia":[{"embeddable":true,"href":"https:\/\/www.opinionpublica.tv\/portada\/wp-json\/wp\/v2\/media\/43347"}],"wp:attachment":[{"href":"https:\/\/www.opinionpublica.tv\/portada\/wp-json\/wp\/v2\/media?parent=58380"}],"wp:term":[{"taxonomy":"category","embeddable":true,"href":"https:\/\/www.opinionpublica.tv\/portada\/wp-json\/wp\/v2\/categories?post=58380"},{"taxonomy":"post_tag","embeddable":true,"href":"https:\/\/www.opinionpublica.tv\/portada\/wp-json\/wp\/v2\/tags?post=58380"}],"curies":[{"name":"wp","href":"https:\/\/api.w.org\/{rel}","templated":true}]}}