{"id":58370,"date":"2025-05-02T00:01:00","date_gmt":"2025-05-02T06:01:00","guid":{"rendered":"https:\/\/www.opinionpublica.tv\/portada\/?p=58370"},"modified":"2025-05-01T19:42:53","modified_gmt":"2025-05-02T01:42:53","slug":"tras-tres-meses-musk-admite-que-no-alcanzo-sus-objetivos-en-el-gobierno-de-trump","status":"publish","type":"post","link":"https:\/\/www.opinionpublica.tv\/portada\/tras-tres-meses-musk-admite-que-no-alcanzo-sus-objetivos-en-el-gobierno-de-trump\/","title":{"rendered":"Tras tres meses Musk admite que no alcanz\u00f3 sus objetivos en el gobierno de Trump"},"content":{"rendered":"\n<figure class=\"wp-block-image size-full\"><img fetchpriority=\"high\" decoding=\"async\" width=\"800\" height=\"600\" src=\"https:\/\/www.opinionpublica.tv\/portada\/wp-content\/uploads\/2025\/05\/Tras-tres-meses-Musk-admite-que-no-alcanzo-sus-objetivos-en-el-gobierno-de-Trump.webp\" alt=\"Tras tres meses musk admite que no alcanzo\u0301 sus objetivos en el gobierno de trump\" class=\"wp-image-58372\" srcset=\"https:\/\/www.opinionpublica.tv\/portada\/wp-content\/uploads\/2025\/05\/Tras-tres-meses-Musk-admite-que-no-alcanzo-sus-objetivos-en-el-gobierno-de-Trump.webp 800w, https:\/\/www.opinionpublica.tv\/portada\/wp-content\/uploads\/2025\/05\/Tras-tres-meses-Musk-admite-que-no-alcanzo-sus-objetivos-en-el-gobierno-de-Trump-300x225.webp 300w, https:\/\/www.opinionpublica.tv\/portada\/wp-content\/uploads\/2025\/05\/Tras-tres-meses-Musk-admite-que-no-alcanzo-sus-objetivos-en-el-gobierno-de-Trump-768x576.webp 768w\" sizes=\"(max-width: 800px) 100vw, 800px\" \/><\/figure>\n\n\n\n<p class=\"wp-block-paragraph\">Elon Musk admiti\u00f3 que la comisi\u00f3n para recortar el gasto federal estadunidense, la famosa DOGE, no logr\u00f3 alcanzar plenamente sus objetivos originales tras recibir duras cr\u00edticas, incluso dentro del gobierno de Donald Trump.<\/p>\n\n\n\n<p class=\"wp-block-paragraph\">Es una cuesti\u00f3n de cu\u00e1nto dolor est\u00e1n dispuestos a soportar la administraci\u00f3n y el Congreso. Porque es posible hacerlo, pero requiere lidiar con muchas quejas\u00bb, declar\u00f3 el mi\u00e9rcoles Musk a medios estadunidenses.<\/p>\n\n\n\n<p class=\"wp-block-paragraph\">La entrevista, realizada tras una reuni\u00f3n de gabinete a la que Musk asisti\u00f3 y que podr\u00eda ser una de sus \u00faltimas, fue publicada en varios medios el jueves.<\/p>\n\n\n\n<p class=\"wp-block-paragraph\">Al frente de la DOGE desde enero, Musk reconoci\u00f3 que, hasta ahora, la comisi\u00f3n ha recortado el gasto federal en 160 mil millones de d\u00f3lares, muy por debajo del objetivo original de 2 billones de d\u00f3lares.<\/p>\n\n\n\n<p class=\"wp-block-paragraph\">Recortes m\u00e1s profundos requerir\u00edan reducciones en las principales partidas de gasto p\u00fablico, como las pensiones y la atenci\u00f3n m\u00e9dica para los jubilados, as\u00ed como en el presupuesto de defensa<\/p>\n\n\n\n<p class=\"wp-block-paragraph\">En tres meses, la comisi\u00f3n ha suprimido miles de puestos de trabajo en la funci\u00f3n p\u00fablica federal y recortado dr\u00e1sticamente las subvenciones federales.<\/p>\n\n\n\n<p class=\"wp-block-paragraph\">Musk advirti\u00f3 que ahora se concentrar\u00e1 m\u00e1s en su empresa de autos el\u00e9ctricos, Tesla, cuyas ventas han ca\u00eddo dr\u00e1sticamente. Adem\u00e1s, los concesionarios de la compa\u00f1\u00eda en Estados Unidos y otros pa\u00edses han sido objeto de actos de vandalismo y protestas.<\/p>\n\n\n\n<p class=\"wp-block-paragraph\">El experimento DOGE no ha sido \u00abmuy divertido\u00bb, admiti\u00f3 el multimillonario.<\/p>\n\n\n\n<p class=\"wp-block-paragraph\">En principio, el trabajo de la comisi\u00f3n estaba previsto hasta el 4 de julio de 2026, pero Musk afirm\u00f3 que podr\u00eda prolongarse durante los cuatro a\u00f1os de mandato de Trump.<\/p>\n\n\n\n<p class=\"wp-block-paragraph\">Depende del presidente\u00bb, dijo, aclarando no obstante que no desaparecer\u00eda del todo y que quer\u00eda mantener su peque\u00f1o despacho en la Casa Blanca para sus visitas semanales a Washington.<\/p>\n\n\n\n<p class=\"wp-block-paragraph\">El hombre m\u00e1s rico del mundo explic\u00f3 que, con o sin \u00e9l, la \u00abDOGE es un arte de vivir, es como el budismo\u00bb. Y agreg\u00f3: \u00abBuda ya no est\u00e1 vivo. Pero nadie se preguntar\u00eda: \u00bfQui\u00e9n podr\u00eda liderar el budismo?\u00bb. (Exc\u00e9lsior)<\/p>\n","protected":false},"excerpt":{"rendered":"<p>Elon Musk admiti\u00f3 que la comisi\u00f3n para recortar el gasto federal estadunidense, la famosa DOGE, no logr\u00f3 alcanzar plenamente sus objetivos originales tras recibir duras cr\u00edticas, incluso dentro del gobierno de Donald Trump. Es una cuesti\u00f3n de cu\u00e1nto dolor est\u00e1n dispuestos a soportar la administraci\u00f3n y el Congreso. Porque es posible hacerlo, pero requiere lidiar [&hellip;]<\/p>\n","protected":false},"author":6,"featured_media":58372,"comment_status":"closed","ping_status":"closed","sticky":false,"template":"","format":"standard","meta":{"_acf_changed":false,"_monsterinsights_skip_tracking":false,"slim_seo":{"title":"Tras tres meses Musk admite que no alcanz\u00f3 sus objetivos en el gobierno de Trump - Opini\u00f3n P\u00fablica","description":"Elon Musk admiti\u00f3 que la comisi\u00f3n para recortar el gasto federal estadunidense, la famosa DOGE, no logr\u00f3 alcanzar plenamente sus objetivos originales tras recib"},"footnotes":""},"categories":[4],"tags":[],"class_list":["post-58370","post","type-post","status-publish","format-standard","has-post-thumbnail","hentry","category-pulsopolitico"],"acf":[],"_links":{"self":[{"href":"https:\/\/www.opinionpublica.tv\/portada\/wp-json\/wp\/v2\/posts\/58370","targetHints":{"allow":["GET"]}}],"collection":[{"href":"https:\/\/www.opinionpublica.tv\/portada\/wp-json\/wp\/v2\/posts"}],"about":[{"href":"https:\/\/www.opinionpublica.tv\/portada\/wp-json\/wp\/v2\/types\/post"}],"author":[{"embeddable":true,"href":"https:\/\/www.opinionpublica.tv\/portada\/wp-json\/wp\/v2\/users\/6"}],"replies":[{"embeddable":true,"href":"https:\/\/www.opinionpublica.tv\/portada\/wp-json\/wp\/v2\/comments?post=58370"}],"version-history":[{"count":4,"href":"https:\/\/www.opinionpublica.tv\/portada\/wp-json\/wp\/v2\/posts\/58370\/revisions"}],"predecessor-version":[{"id":58376,"href":"https:\/\/www.opinionpublica.tv\/portada\/wp-json\/wp\/v2\/posts\/58370\/revisions\/58376"}],"wp:featuredmedia":[{"embeddable":true,"href":"https:\/\/www.opinionpublica.tv\/portada\/wp-json\/wp\/v2\/media\/58372"}],"wp:attachment":[{"href":"https:\/\/www.opinionpublica.tv\/portada\/wp-json\/wp\/v2\/media?parent=58370"}],"wp:term":[{"taxonomy":"category","embeddable":true,"href":"https:\/\/www.opinionpublica.tv\/portada\/wp-json\/wp\/v2\/categories?post=58370"},{"taxonomy":"post_tag","embeddable":true,"href":"https:\/\/www.opinionpublica.tv\/portada\/wp-json\/wp\/v2\/tags?post=58370"}],"curies":[{"name":"wp","href":"https:\/\/api.w.org\/{rel}","templated":true}]}}