{"id":58357,"date":"2025-05-02T00:01:00","date_gmt":"2025-05-02T06:01:00","guid":{"rendered":"https:\/\/www.opinionpublica.tv\/portada\/?p=58357"},"modified":"2025-05-01T19:32:23","modified_gmt":"2025-05-02T01:32:23","slug":"video-ley-telecom-un-retroceso-que-va-mas-alla-de-la-censura-grotesca-jesus-silva-herzog","status":"publish","type":"post","link":"https:\/\/www.opinionpublica.tv\/portada\/video-ley-telecom-un-retroceso-que-va-mas-alla-de-la-censura-grotesca-jesus-silva-herzog\/","title":{"rendered":"Video: Ley Telecom, un retroceso que va m\u00e1s all\u00e1 de la censura | Jes\u00fas Silva-Herzog M\u00e1rquez"},"content":{"rendered":"\n<figure class=\"wp-block-embed is-type-video is-provider-youtube wp-block-embed-youtube wp-embed-aspect-16-9 wp-has-aspect-ratio\"><div class=\"wp-block-embed__wrapper\">\n<iframe title=\"La ley Telecom es un retroceso que va m\u00e1s all\u00e1 de la censura grotesca: Jes\u00fas Silva-Herzog M\u00e1rquez\" width=\"800\" height=\"450\" src=\"https:\/\/www.youtube.com\/embed\/howzDYfZgKQ?feature=oembed\" frameborder=\"0\" allow=\"accelerometer; autoplay; clipboard-write; encrypted-media; gyroscope; picture-in-picture; web-share\" referrerpolicy=\"strict-origin-when-cross-origin\" allowfullscreen><\/iframe>\n<\/div><\/figure>\n\n\n\n<p class=\"wp-block-paragraph\">El acad\u00e9mico y analista, Jes\u00fas Silva-Herzog M\u00e1rquez, asegura que la llamada \u00abLey Telecom\u00bb es un retroceso que va m\u00e1s all\u00e1 de la censura grotesca en M\u00e9xico.<\/p>\n\n\n\n<p class=\"wp-block-paragraph\"><em>Cr\u00e9ditos: Latinus<\/em>.<\/p>\n","protected":false},"excerpt":{"rendered":"<p>El acad\u00e9mico y analista, Jes\u00fas Silva-Herzog M\u00e1rquez, asegura que la llamada \u00abLey Telecom\u00bb es un retroceso que va m\u00e1s all\u00e1 de la censura grotesca en M\u00e9xico. Cr\u00e9ditos: Latinus.<\/p>\n","protected":false},"author":6,"featured_media":58361,"comment_status":"closed","ping_status":"closed","sticky":false,"template":"","format":"standard","meta":{"_acf_changed":false,"_monsterinsights_skip_tracking":false,"slim_seo":{"title":"Video: Ley Telecom, un retroceso que va m\u00e1s all\u00e1 de la censura | Jes\u00fas Silva-Herzog M\u00e1rquez - Opini\u00f3n P\u00fablica","description":"https:\/\/youtu.be\/howzDYfZgKQ?si=WHxbOMy-zmxaoXO8 El acad\u00e9mico y analista, Jes\u00fas Silva-Herzog M\u00e1rquez, asegura que la llamada \"Ley Telecom\" es un retroceso que v"},"footnotes":""},"categories":[2,13,8],"tags":[],"class_list":["post-58357","post","type-post","status-publish","format-standard","has-post-thumbnail","hentry","category-videos-destacados","category-videos-destacados-contenido","category-videos"],"acf":[],"_links":{"self":[{"href":"https:\/\/www.opinionpublica.tv\/portada\/wp-json\/wp\/v2\/posts\/58357","targetHints":{"allow":["GET"]}}],"collection":[{"href":"https:\/\/www.opinionpublica.tv\/portada\/wp-json\/wp\/v2\/posts"}],"about":[{"href":"https:\/\/www.opinionpublica.tv\/portada\/wp-json\/wp\/v2\/types\/post"}],"author":[{"embeddable":true,"href":"https:\/\/www.opinionpublica.tv\/portada\/wp-json\/wp\/v2\/users\/6"}],"replies":[{"embeddable":true,"href":"https:\/\/www.opinionpublica.tv\/portada\/wp-json\/wp\/v2\/comments?post=58357"}],"version-history":[{"count":4,"href":"https:\/\/www.opinionpublica.tv\/portada\/wp-json\/wp\/v2\/posts\/58357\/revisions"}],"predecessor-version":[{"id":58364,"href":"https:\/\/www.opinionpublica.tv\/portada\/wp-json\/wp\/v2\/posts\/58357\/revisions\/58364"}],"wp:featuredmedia":[{"embeddable":true,"href":"https:\/\/www.opinionpublica.tv\/portada\/wp-json\/wp\/v2\/media\/58361"}],"wp:attachment":[{"href":"https:\/\/www.opinionpublica.tv\/portada\/wp-json\/wp\/v2\/media?parent=58357"}],"wp:term":[{"taxonomy":"category","embeddable":true,"href":"https:\/\/www.opinionpublica.tv\/portada\/wp-json\/wp\/v2\/categories?post=58357"},{"taxonomy":"post_tag","embeddable":true,"href":"https:\/\/www.opinionpublica.tv\/portada\/wp-json\/wp\/v2\/tags?post=58357"}],"curies":[{"name":"wp","href":"https:\/\/api.w.org\/{rel}","templated":true}]}}