{"id":58215,"date":"2025-05-01T00:01:00","date_gmt":"2025-05-01T06:01:00","guid":{"rendered":"https:\/\/www.opinionpublica.tv\/portada\/?p=58215"},"modified":"2025-04-30T20:41:33","modified_gmt":"2025-05-01T02:41:33","slug":"el-auge-de-la-cirugia-estetica-en-china-y-su-lado-oscuro-bbc-mundo","status":"publish","type":"post","link":"https:\/\/www.opinionpublica.tv\/portada\/el-auge-de-la-cirugia-estetica-en-china-y-su-lado-oscuro-bbc-mundo\/","title":{"rendered":"Video: Auge de cirug\u00eda est\u00e9tica en China y su lado oscuro | BBC"},"content":{"rendered":"\n<p class=\"wp-block-paragraph\"><a href=\"https:\/\/www.youtube.com\/@BBCMundo\"><\/a><\/p>\n\n\n\n<figure class=\"wp-block-embed is-type-video is-provider-youtube wp-block-embed-youtube wp-embed-aspect-16-9 wp-has-aspect-ratio\"><div class=\"wp-block-embed__wrapper\">\n<iframe title=\"El auge de la cirug\u00eda est\u00e9tica en China y su lado oscuro | BBC Mundo\" width=\"800\" height=\"450\" src=\"https:\/\/www.youtube.com\/embed\/AOlzPHYu9EE?feature=oembed\" frameborder=\"0\" allow=\"accelerometer; autoplay; clipboard-write; encrypted-media; gyroscope; picture-in-picture; web-share\" referrerpolicy=\"strict-origin-when-cross-origin\" allowfullscreen><\/iframe>\n<\/div><\/figure>\n\n\n\n<p class=\"wp-block-paragraph\">La cirug\u00eda est\u00e9tica, antes un tema tab\u00fa en China, se ha disparado en popularidad gracias a las redes sociales y la presi\u00f3n por cumplir con est\u00e1ndares de belleza.<\/p>\n\n\n\n<p class=\"wp-block-paragraph\">A este auge contribuye el hecho de que millones de personas est\u00e1n usando aplicaciones de belleza con inteligencia artificial que permiten a los usuarios simular los potenciales resultados antes de entrar al quir\u00f3fano.<\/p>\n\n\n\n<p class=\"wp-block-paragraph\">A su vez, el aumento de la demanda ha generado una escasez de profesionales capacitados y un incremento de cirug\u00edas mal realizadas.<\/p>\n\n\n\n<p class=\"wp-block-paragraph\"><em>Cr\u00e9ditos: BBC Mundo<\/em>.<\/p>\n","protected":false},"excerpt":{"rendered":"<p>La cirug\u00eda est\u00e9tica, antes un tema tab\u00fa en China, se ha disparado en popularidad gracias a las redes sociales y la presi\u00f3n por cumplir con est\u00e1ndares de belleza. A este auge contribuye el hecho de que millones de personas est\u00e1n usando aplicaciones de belleza con inteligencia artificial que permiten a los usuarios simular los potenciales [&hellip;]<\/p>\n","protected":false},"author":6,"featured_media":58219,"comment_status":"closed","ping_status":"closed","sticky":false,"template":"","format":"standard","meta":{"_acf_changed":false,"_monsterinsights_skip_tracking":false,"slim_seo":{"title":"Video: Auge de cirug\u00eda est\u00e9tica en China y su lado oscuro | BBC - Opini\u00f3n P\u00fablica","description":"https:\/\/youtu.be\/AOlzPHYu9EE?si=BE7UeA7cEjaj0ZJa La cirug\u00eda est\u00e9tica, antes un tema tab\u00fa en China, se ha disparado en popularidad gracias a las redes sociales y"},"footnotes":""},"categories":[13,2,8],"tags":[],"class_list":["post-58215","post","type-post","status-publish","format-standard","has-post-thumbnail","hentry","category-videos-destacados-contenido","category-videos-destacados","category-videos"],"acf":[],"_links":{"self":[{"href":"https:\/\/www.opinionpublica.tv\/portada\/wp-json\/wp\/v2\/posts\/58215","targetHints":{"allow":["GET"]}}],"collection":[{"href":"https:\/\/www.opinionpublica.tv\/portada\/wp-json\/wp\/v2\/posts"}],"about":[{"href":"https:\/\/www.opinionpublica.tv\/portada\/wp-json\/wp\/v2\/types\/post"}],"author":[{"embeddable":true,"href":"https:\/\/www.opinionpublica.tv\/portada\/wp-json\/wp\/v2\/users\/6"}],"replies":[{"embeddable":true,"href":"https:\/\/www.opinionpublica.tv\/portada\/wp-json\/wp\/v2\/comments?post=58215"}],"version-history":[{"count":3,"href":"https:\/\/www.opinionpublica.tv\/portada\/wp-json\/wp\/v2\/posts\/58215\/revisions"}],"predecessor-version":[{"id":58220,"href":"https:\/\/www.opinionpublica.tv\/portada\/wp-json\/wp\/v2\/posts\/58215\/revisions\/58220"}],"wp:featuredmedia":[{"embeddable":true,"href":"https:\/\/www.opinionpublica.tv\/portada\/wp-json\/wp\/v2\/media\/58219"}],"wp:attachment":[{"href":"https:\/\/www.opinionpublica.tv\/portada\/wp-json\/wp\/v2\/media?parent=58215"}],"wp:term":[{"taxonomy":"category","embeddable":true,"href":"https:\/\/www.opinionpublica.tv\/portada\/wp-json\/wp\/v2\/categories?post=58215"},{"taxonomy":"post_tag","embeddable":true,"href":"https:\/\/www.opinionpublica.tv\/portada\/wp-json\/wp\/v2\/tags?post=58215"}],"curies":[{"name":"wp","href":"https:\/\/api.w.org\/{rel}","templated":true}]}}