{"id":58121,"date":"2025-04-30T00:01:00","date_gmt":"2025-04-30T06:01:00","guid":{"rendered":"https:\/\/www.opinionpublica.tv\/portada\/?p=58121"},"modified":"2025-04-29T20:19:38","modified_gmt":"2025-04-30T02:19:38","slug":"video-el-evangelio-de-hoy-miercoles-30-de-abril-de-2025","status":"publish","type":"post","link":"https:\/\/www.opinionpublica.tv\/portada\/video-el-evangelio-de-hoy-miercoles-30-de-abril-de-2025\/","title":{"rendered":"Video: El Evangelio de hoy, mi\u00e9rcoles 30 de abril de 2025"},"content":{"rendered":"\n<figure class=\"wp-block-embed is-type-video is-provider-youtube wp-block-embed-youtube wp-embed-aspect-16-9 wp-has-aspect-ratio\"><div class=\"wp-block-embed__wrapper\">\n<iframe title=\"Evangelio de Hoy Miercoles 30 de Abril de 2025 | REFLEXI\u00d3N | Red Catolica\" width=\"800\" height=\"450\" src=\"https:\/\/www.youtube.com\/embed\/PhpZPDJDJ4o?feature=oembed\" frameborder=\"0\" allow=\"accelerometer; autoplay; clipboard-write; encrypted-media; gyroscope; picture-in-picture; web-share\" referrerpolicy=\"strict-origin-when-cross-origin\" allowfullscreen><\/iframe>\n<\/div><\/figure>\n\n\n\n<p class=\"wp-block-paragraph\"><em>\u00abDios mand\u00f3 su Hijo para que el mundo se salve por \u00e9l\u00bb. Juan 3,16-21<\/em>.<\/p>\n\n\n\n<p class=\"wp-block-paragraph\"><strong>Reflexiones para este mi\u00e9rcoles<\/strong><\/p>\n\n\n\n<p class=\"wp-block-paragraph\">1. Jes\u00fas, pongo toda mi libertad en tus manos para que T\u00fa me gu\u00edes hacia esa luz que me aleje de las tinieblas.<\/p>\n\n\n\n<p class=\"wp-block-paragraph\">2. Compartir el Bautismo significa que todos somos pecadores y que necesitamos la salvaci\u00f3n que Dios nos ofrece.<\/p>\n\n\n\n<p class=\"wp-block-paragraph\">3. Todos experimentamos la misma llamada a salir de las tinieblas e ir al encuentro de Dios lleno de misericordia.<\/p>\n","protected":false},"excerpt":{"rendered":"<p>\u00abDios mand\u00f3 su Hijo para que el mundo se salve por \u00e9l\u00bb. Juan 3,16-21. Reflexiones para este mi\u00e9rcoles 1. Jes\u00fas, pongo toda mi libertad en tus manos para que T\u00fa me gu\u00edes hacia esa luz que me aleje de las tinieblas. 2. Compartir el Bautismo significa que todos somos pecadores y que necesitamos la salvaci\u00f3n [&hellip;]<\/p>\n","protected":false},"author":6,"featured_media":58123,"comment_status":"closed","ping_status":"closed","sticky":false,"template":"","format":"standard","meta":{"_acf_changed":false,"_monsterinsights_skip_tracking":false,"slim_seo":{"title":"Video: El Evangelio de hoy, mi\u00e9rcoles 30 de abril de 2025 - Opini\u00f3n P\u00fablica","description":"https:\/\/youtu.be\/PhpZPDJDJ4o?si=564yM04Gtd0V45z7 \"Dios mand\u00f3 su Hijo para que el mundo se salve por \u00e9l\". Juan 3,16-21 . Reflexiones para este mi\u00e9rcoles 1. Jes\u00fas"},"footnotes":""},"categories":[2,13,8],"tags":[],"class_list":["post-58121","post","type-post","status-publish","format-standard","has-post-thumbnail","hentry","category-videos-destacados","category-videos-destacados-contenido","category-videos"],"acf":[],"_links":{"self":[{"href":"https:\/\/www.opinionpublica.tv\/portada\/wp-json\/wp\/v2\/posts\/58121","targetHints":{"allow":["GET"]}}],"collection":[{"href":"https:\/\/www.opinionpublica.tv\/portada\/wp-json\/wp\/v2\/posts"}],"about":[{"href":"https:\/\/www.opinionpublica.tv\/portada\/wp-json\/wp\/v2\/types\/post"}],"author":[{"embeddable":true,"href":"https:\/\/www.opinionpublica.tv\/portada\/wp-json\/wp\/v2\/users\/6"}],"replies":[{"embeddable":true,"href":"https:\/\/www.opinionpublica.tv\/portada\/wp-json\/wp\/v2\/comments?post=58121"}],"version-history":[{"count":1,"href":"https:\/\/www.opinionpublica.tv\/portada\/wp-json\/wp\/v2\/posts\/58121\/revisions"}],"predecessor-version":[{"id":58122,"href":"https:\/\/www.opinionpublica.tv\/portada\/wp-json\/wp\/v2\/posts\/58121\/revisions\/58122"}],"wp:featuredmedia":[{"embeddable":true,"href":"https:\/\/www.opinionpublica.tv\/portada\/wp-json\/wp\/v2\/media\/58123"}],"wp:attachment":[{"href":"https:\/\/www.opinionpublica.tv\/portada\/wp-json\/wp\/v2\/media?parent=58121"}],"wp:term":[{"taxonomy":"category","embeddable":true,"href":"https:\/\/www.opinionpublica.tv\/portada\/wp-json\/wp\/v2\/categories?post=58121"},{"taxonomy":"post_tag","embeddable":true,"href":"https:\/\/www.opinionpublica.tv\/portada\/wp-json\/wp\/v2\/tags?post=58121"}],"curies":[{"name":"wp","href":"https:\/\/api.w.org\/{rel}","templated":true}]}}