{"id":58104,"date":"2025-04-29T00:01:00","date_gmt":"2025-04-29T06:01:00","guid":{"rendered":"https:\/\/www.opinionpublica.tv\/portada\/?p=58104"},"modified":"2025-04-28T21:33:07","modified_gmt":"2025-04-29T03:33:07","slug":"emite-estado-recomendaciones-por-mala-calidad-del-aire-tras-viento-e-incendios","status":"publish","type":"post","link":"https:\/\/www.opinionpublica.tv\/portada\/emite-estado-recomendaciones-por-mala-calidad-del-aire-tras-viento-e-incendios\/","title":{"rendered":"Emiten recomendaciones por mala calidad del aire por los vientos e incendios"},"content":{"rendered":"\n<figure class=\"wp-block-image size-large\"><img fetchpriority=\"high\" decoding=\"async\" width=\"1024\" height=\"472\" src=\"https:\/\/www.opinionpublica.tv\/portada\/wp-content\/uploads\/2025\/04\/Emiten-recomendaciones-por-mala-calidad-del-aire-por-los-vientos-e-incendios-1024x472.jpeg\" alt=\"Emiten recomendaciones por mala calidad del aire por los vientos e incendios\" class=\"wp-image-58108\" srcset=\"https:\/\/www.opinionpublica.tv\/portada\/wp-content\/uploads\/2025\/04\/Emiten-recomendaciones-por-mala-calidad-del-aire-por-los-vientos-e-incendios-1024x472.jpeg 1024w, https:\/\/www.opinionpublica.tv\/portada\/wp-content\/uploads\/2025\/04\/Emiten-recomendaciones-por-mala-calidad-del-aire-por-los-vientos-e-incendios-300x138.jpeg 300w, https:\/\/www.opinionpublica.tv\/portada\/wp-content\/uploads\/2025\/04\/Emiten-recomendaciones-por-mala-calidad-del-aire-por-los-vientos-e-incendios-768x354.jpeg 768w, https:\/\/www.opinionpublica.tv\/portada\/wp-content\/uploads\/2025\/04\/Emiten-recomendaciones-por-mala-calidad-del-aire-por-los-vientos-e-incendios-1536x708.jpeg 1536w, https:\/\/www.opinionpublica.tv\/portada\/wp-content\/uploads\/2025\/04\/Emiten-recomendaciones-por-mala-calidad-del-aire-por-los-vientos-e-incendios.jpeg 1600w\" sizes=\"(max-width: 1024px) 100vw, 1024px\" \/><\/figure>\n\n\n\n<p class=\"wp-block-paragraph\"><em>Chihuahua, Chih<\/em>.- Ante la mala calidad del aire generada por las rachas de viento y los incendios forestales que se registran en la Sierra Tarahumara, el Gobierno del Estado emiti\u00f3 recomendaciones a la poblaci\u00f3n para minimizar riesgos en su salud y su seguridad.<\/p>\n\n\n\n<p class=\"wp-block-paragraph\">La Secretar\u00eda de Salud, inform\u00f3 que la exposici\u00f3n prolongada puede provocar efectos adversos en la salud, especialmente en ni\u00f1as, ni\u00f1os, personas adultas mayores y con enfermedades respiratorias o cardiacas.<\/p>\n\n\n\n<p class=\"wp-block-paragraph\">Exhorta a la ciudadan\u00eda a evitar actividades al aire libre, hidratarse y en caso de presentar alguna dificultad respiratoria, acudir a un m\u00e9dico. Si es necesario salir de casa, utilizar cubrebocas.<\/p>\n\n\n\n<p class=\"wp-block-paragraph\">Por su parte, la Secretar\u00eda de Desarrollo Urbano y Ecolog\u00eda solicita a la poblaci\u00f3n evitar pr\u00e1cticas que puedan empeorar la calidad del aire, como quemas al aire libre o el uso de maquinaria que genere emisiones contaminantes.<\/p>\n\n\n\n<p class=\"wp-block-paragraph\">Durante el temporal, personal de la dependencia realizar\u00e1 monitoreos de la situaci\u00f3n ambiental.<\/p>\n\n\n\n<p class=\"wp-block-paragraph\">La Coordinaci\u00f3n Estatal de Protecci\u00f3n Civil,&nbsp; pide a los automovilistas extremar precauciones al conducir, toda vez que la visibilidad en tramos carreteros de la zona serrana, puede verse reducida debido al humo generado por los incendios forestales.<\/p>\n\n\n\n<p class=\"wp-block-paragraph\">Similares condiciones se registran en la zona norte del estado, donde las r\u00e1fagas de viento han generado la formaci\u00f3n de tolvaneras.<\/p>\n\n\n\n<p class=\"wp-block-paragraph\">Para el combate de los incendios forestales, la dependencia implementa acciones diversas en colaboraci\u00f3n con personal de los distintos niveles de Gobierno.<\/p>\n\n\n\n<p class=\"wp-block-paragraph\">En ese sentido, han movilizado brigadas especializadas y recursos adicionales para proteger las \u00e1reas afectadas.<\/p>\n\n\n\n<p class=\"wp-block-paragraph\">Se exhorta a la poblaci\u00f3n a mantenerse informada a trav\u00e9s de los canales oficiales y seguir las indicaciones de las autoridades.<\/p>\n","protected":false},"excerpt":{"rendered":"<p>Chihuahua, Chih.- Ante la mala calidad del aire generada por las rachas de viento y los incendios forestales que se registran en la Sierra Tarahumara, el Gobierno del Estado emiti\u00f3 recomendaciones a la poblaci\u00f3n para minimizar riesgos en su salud y su seguridad. La Secretar\u00eda de Salud, inform\u00f3 que la exposici\u00f3n prolongada puede provocar efectos [&hellip;]<\/p>\n","protected":false},"author":6,"featured_media":58108,"comment_status":"closed","ping_status":"closed","sticky":false,"template":"","format":"standard","meta":{"_acf_changed":false,"_monsterinsights_skip_tracking":false,"slim_seo":{"title":"Emiten recomendaciones por mala calidad del aire por los vientos e incendios - Opini\u00f3n P\u00fablica","description":"Chihuahua, Chih .- Ante la mala calidad del aire generada por las rachas de viento y los incendios forestales que se registran en la Sierra Tarahumara, el Gobie"},"footnotes":""},"categories":[11],"tags":[],"class_list":["post-58104","post","type-post","status-publish","format-standard","has-post-thumbnail","hentry","category-tendencias"],"acf":[],"_links":{"self":[{"href":"https:\/\/www.opinionpublica.tv\/portada\/wp-json\/wp\/v2\/posts\/58104","targetHints":{"allow":["GET"]}}],"collection":[{"href":"https:\/\/www.opinionpublica.tv\/portada\/wp-json\/wp\/v2\/posts"}],"about":[{"href":"https:\/\/www.opinionpublica.tv\/portada\/wp-json\/wp\/v2\/types\/post"}],"author":[{"embeddable":true,"href":"https:\/\/www.opinionpublica.tv\/portada\/wp-json\/wp\/v2\/users\/6"}],"replies":[{"embeddable":true,"href":"https:\/\/www.opinionpublica.tv\/portada\/wp-json\/wp\/v2\/comments?post=58104"}],"version-history":[{"count":4,"href":"https:\/\/www.opinionpublica.tv\/portada\/wp-json\/wp\/v2\/posts\/58104\/revisions"}],"predecessor-version":[{"id":58109,"href":"https:\/\/www.opinionpublica.tv\/portada\/wp-json\/wp\/v2\/posts\/58104\/revisions\/58109"}],"wp:featuredmedia":[{"embeddable":true,"href":"https:\/\/www.opinionpublica.tv\/portada\/wp-json\/wp\/v2\/media\/58108"}],"wp:attachment":[{"href":"https:\/\/www.opinionpublica.tv\/portada\/wp-json\/wp\/v2\/media?parent=58104"}],"wp:term":[{"taxonomy":"category","embeddable":true,"href":"https:\/\/www.opinionpublica.tv\/portada\/wp-json\/wp\/v2\/categories?post=58104"},{"taxonomy":"post_tag","embeddable":true,"href":"https:\/\/www.opinionpublica.tv\/portada\/wp-json\/wp\/v2\/tags?post=58104"}],"curies":[{"name":"wp","href":"https:\/\/api.w.org\/{rel}","templated":true}]}}