{"id":58089,"date":"2025-04-29T00:01:00","date_gmt":"2025-04-29T06:01:00","guid":{"rendered":"https:\/\/www.opinionpublica.tv\/portada\/?p=58089"},"modified":"2025-04-28T20:47:17","modified_gmt":"2025-04-29T02:47:17","slug":"mexicanos-ponen-estrellita-a-sheinbaum-rebasa-popularidad-de-amlo-y-da-un-boost-a-la-economia","status":"publish","type":"post","link":"https:\/\/www.opinionpublica.tv\/portada\/mexicanos-ponen-estrellita-a-sheinbaum-rebasa-popularidad-de-amlo-y-da-un-boost-a-la-economia\/","title":{"rendered":"Mexicanos \u2018ponen estrellita\u2019 a Claudia Sheinbaum: rebasa popularidad de AMLO y da un \u2018boost\u2019 a la econom\u00eda"},"content":{"rendered":"\n<figure class=\"wp-block-image size-full\"><img fetchpriority=\"high\" decoding=\"async\" width=\"1200\" height=\"675\" src=\"https:\/\/www.opinionpublica.tv\/portada\/wp-content\/uploads\/2025\/04\/Mexicanos-\u2018ponen-estrellita-a-Claudia-Sheinbaum-rebasa-popularidad-de-AMLO-y-da-un-\u2018boost-a-la-economia.avif\" alt=\"Mexicanos \u2018ponen estrellita\u2019 a claudia sheinbaum rebasa popularidad de amlo y da un \u2018boost\u2019 a la economi\u0301a\" class=\"wp-image-58093\"\/><\/figure>\n\n\n\n<p class=\"wp-block-paragraph\">La presidenta Claudia Sheinbaum es admirada por los mexicanos, incluso m\u00e1s que su popular predecesor, Andr\u00e9s Manuel L\u00f3pez Obrador, un estatus que alimenta el optimismo econ\u00f3mico, pese a los riesgos de una recesi\u00f3n y los peligros de una guerra comercial con Estados Unidos.<\/p>\n\n\n\n<p class=\"wp-block-paragraph\">Dos tercios de los mexicanos (el 67 por ciento) tienen una imagen positiva de Sheinbaum, lo que la sit\u00faa tres puntos por delante de L\u00f3pez Obrador, seg\u00fan LatAm Pulse, una encuesta realizada por AtlasIntel para Bloomberg News y publicada este lunes 28 de abril. AMLO, como se le conoce al expresidente, dej\u00f3 el cargo el a\u00f1o pasado como uno de los l\u00edderes m\u00e1s populares de Am\u00e9rica Latina, traspasando las riendas de la segunda econom\u00eda m\u00e1s grande de la regi\u00f3n a su protegida pol\u00edtico.<\/p>\n\n\n\n<p class=\"wp-block-paragraph\">La gesti\u00f3n de gobierno de Sheinbaum obtuvo la aprobaci\u00f3n del 66 por ciento de los encuestados en abril, unos cinco puntos m\u00e1s que hace un mes, mientras que la desaprobaci\u00f3n cay\u00f3 casi seis puntos al 28 por ciento.<\/p>\n\n\n\n<p class=\"wp-block-paragraph\">La primera mujer l\u00edder de M\u00e9xico se ha ganado la admiraci\u00f3n internacional, incluso del brasile\u00f1o Luiz In\u00e1cio Lula da Silva, por su firme gesti\u00f3n de las negociaciones para evitar los aranceles estadounidenses que Donald Trump prometi\u00f3 imponer a los productos del pa\u00eds. Esta actitud se est\u00e1 traduciendo ahora en la confianza de los mexicanos en que seguir\u00e1 eludiendo las peores pol\u00edticas comerciales de Trump, e incluso en la confianza de que la lenta econom\u00eda del pa\u00eds mejorar\u00e1.<\/p>\n\n\n\n<p class=\"wp-block-paragraph\">A pesar de que Trump eximi\u00f3 a M\u00e9xico de la mayor\u00eda de los aranceles, el pa\u00eds a\u00fan enfrenta grav\u00e1menes sobre bienes no cubiertos por el tratado de libre comercio de Am\u00e9rica del Norte, como el acero, el aluminio y la parte de los autom\u00f3viles terminados que no se fabrican en Estados Unidos. Los aranceles amenazan con agravar una desaceleraci\u00f3n econ\u00f3mica que podr\u00eda llevar a M\u00e9xico a una recesi\u00f3n: el banco central redujo recientemente su pron\u00f3stico de crecimiento para 2025 a la mitad, al 0.6 por ciento, y una encuesta de Citi a analistas mostr\u00f3 expectativas a\u00fan m\u00e1s bajas.<\/p>\n\n\n\n<p class=\"wp-block-paragraph\">Sin embargo, aunque cerca del 80 por ciento de los mexicanos cree que los aranceles han perjudicado la econom\u00eda, aproximadamente tres cuartas partes conf\u00edan en que Sheinbaum podr\u00e1 negociar nuevos acuerdos para reducirlos. La mayor\u00eda de los mexicanos tambi\u00e9n considera que el pa\u00eds va por buen camino en general: el 54 por ciento afirma esperar una mejora en la econom\u00eda en los pr\u00f3ximos seis meses, frente al 21 por ciento que prev\u00e9 un empeoramiento.<\/p>\n\n\n\n<p class=\"wp-block-paragraph\">La econom\u00eda ni siquiera figura entre los tres principales problemas que preocupan a los mexicanos, seg\u00fan la encuesta.<\/p>\n\n\n\n<p class=\"wp-block-paragraph\">El optimismo muestra que muchos mexicanos esperan un acuerdo con Estados Unidos que elimine o al menos reduzca los aranceles a niveles inferiores a los aplicados a otros pa\u00edses, dijo Felipe Hern\u00e1ndez, economista para Am\u00e9rica Latina de Bloomberg Economics.<\/p>\n\n\n\n<p class=\"wp-block-paragraph\">Pero a\u00f1adi\u00f3 que si bien ese escenario limitar\u00eda los efectos arancelarios sobre la econom\u00eda, las opiniones entre los mexicanos son probablemente demasiado optimistas.<\/p>\n\n\n\n<p class=\"wp-block-paragraph\">\u201cEl lastre que la incertidumbre comercial ejerce sobre la inversi\u00f3n durar\u00e1 un tiempo\u201d, dijo Hern\u00e1ndez. \u201cLa econom\u00eda estadounidense va a crecer menos; a\u00fan no hemos visto el impacto de esto en el comercio y en M\u00e9xico\u201d.<\/p>\n\n\n\n<p class=\"wp-block-paragraph\">A diferencia de Canad\u00e1, China y otros pa\u00edses, M\u00e9xico ha evitado hasta ahora responder a los aranceles de Trump con sus propios impuestos de represalia. Sheinbaum ha preferido negociar \u2014en ocasiones, incluso llamadas telef\u00f3nicas directas con Trump\u2014 y funcionarios mexicanos han realizado viajes semanales a Washington para continuar las conversaciones.<\/p>\n\n\n\n<p class=\"wp-block-paragraph\">La mayor\u00eda de los mexicanos desear\u00edan que adoptara una postura m\u00e1s dura hacia su vecino del norte: el 82 por ciento dice que M\u00e9xico deber\u00eda imponer aranceles m\u00e1s altos a los productos estadounidenses, mientras que el 84 por ciento tiene una imagen negativa de Trump, un aumento de aproximadamente 25 puntos desde enero.<\/p>\n\n\n\n<p class=\"wp-block-paragraph\"><em>Con informaci\u00f3n de El Universal<\/em>.<\/p>\n","protected":false},"excerpt":{"rendered":"<p>La presidenta Claudia Sheinbaum es admirada por los mexicanos, incluso m\u00e1s que su popular predecesor, Andr\u00e9s Manuel L\u00f3pez Obrador, un estatus que alimenta el optimismo econ\u00f3mico, pese a los riesgos de una recesi\u00f3n y los peligros de una guerra comercial con Estados Unidos. Dos tercios de los mexicanos (el 67 por ciento) tienen una imagen [&hellip;]<\/p>\n","protected":false},"author":6,"featured_media":58093,"comment_status":"closed","ping_status":"closed","sticky":false,"template":"","format":"standard","meta":{"_acf_changed":false,"_monsterinsights_skip_tracking":false,"slim_seo":{"title":"Mexicanos \u2018ponen estrellita\u2019 a Claudia Sheinbaum: rebasa popularidad de AMLO y da un \u2018boost\u2019 a la econom\u00eda - Opini\u00f3n P\u00fablica","description":"La presidenta Claudia Sheinbaum es admirada por los mexicanos, incluso m\u00e1s que su popular predecesor, Andr\u00e9s Manuel L\u00f3pez Obrador, un estatus que alimenta el op"},"footnotes":""},"categories":[3],"tags":[],"class_list":["post-58089","post","type-post","status-publish","format-standard","has-post-thumbnail","hentry","category-principal"],"acf":[],"_links":{"self":[{"href":"https:\/\/www.opinionpublica.tv\/portada\/wp-json\/wp\/v2\/posts\/58089","targetHints":{"allow":["GET"]}}],"collection":[{"href":"https:\/\/www.opinionpublica.tv\/portada\/wp-json\/wp\/v2\/posts"}],"about":[{"href":"https:\/\/www.opinionpublica.tv\/portada\/wp-json\/wp\/v2\/types\/post"}],"author":[{"embeddable":true,"href":"https:\/\/www.opinionpublica.tv\/portada\/wp-json\/wp\/v2\/users\/6"}],"replies":[{"embeddable":true,"href":"https:\/\/www.opinionpublica.tv\/portada\/wp-json\/wp\/v2\/comments?post=58089"}],"version-history":[{"count":3,"href":"https:\/\/www.opinionpublica.tv\/portada\/wp-json\/wp\/v2\/posts\/58089\/revisions"}],"predecessor-version":[{"id":58094,"href":"https:\/\/www.opinionpublica.tv\/portada\/wp-json\/wp\/v2\/posts\/58089\/revisions\/58094"}],"wp:featuredmedia":[{"embeddable":true,"href":"https:\/\/www.opinionpublica.tv\/portada\/wp-json\/wp\/v2\/media\/58093"}],"wp:attachment":[{"href":"https:\/\/www.opinionpublica.tv\/portada\/wp-json\/wp\/v2\/media?parent=58089"}],"wp:term":[{"taxonomy":"category","embeddable":true,"href":"https:\/\/www.opinionpublica.tv\/portada\/wp-json\/wp\/v2\/categories?post=58089"},{"taxonomy":"post_tag","embeddable":true,"href":"https:\/\/www.opinionpublica.tv\/portada\/wp-json\/wp\/v2\/tags?post=58089"}],"curies":[{"name":"wp","href":"https:\/\/api.w.org\/{rel}","templated":true}]}}