{"id":58065,"date":"2025-04-29T00:01:00","date_gmt":"2025-04-29T06:01:00","guid":{"rendered":"https:\/\/www.opinionpublica.tv\/portada\/?p=58065"},"modified":"2025-04-28T20:17:23","modified_gmt":"2025-04-29T02:17:23","slug":"efemerides-29-de-abril-5","status":"publish","type":"post","link":"https:\/\/www.opinionpublica.tv\/portada\/efemerides-29-de-abril-5\/","title":{"rendered":"Efem\u00e9rides 29 de abril"},"content":{"rendered":"\n<p class=\"wp-block-paragraph\"><em>Un d\u00eda 29 de abril como hoy, pero de 1992, el veredicto de un jurado, que declar\u00f3 inocentes a cuatro polic\u00edas blancos que en 1991 apalearon a un automovilista negro, provoca en Los \u00c1ngeles los m\u00e1s graves des\u00f3rdenes raciales en casi 30 a\u00f1os, con el resultado de al menos 68 muertos<\/em>.<\/p>\n\n\n\n<figure class=\"wp-block-image size-full\"><img fetchpriority=\"high\" decoding=\"async\" width=\"800\" height=\"450\" src=\"https:\/\/www.opinionpublica.tv\/portada\/wp-content\/uploads\/2025\/04\/disturbios-en-los-angeles-1992.jpg\" alt=\"Disturbios en los angeles 1992\" class=\"wp-image-58066\" srcset=\"https:\/\/www.opinionpublica.tv\/portada\/wp-content\/uploads\/2025\/04\/disturbios-en-los-angeles-1992.jpg 800w, https:\/\/www.opinionpublica.tv\/portada\/wp-content\/uploads\/2025\/04\/disturbios-en-los-angeles-1992-300x169.jpg 300w, https:\/\/www.opinionpublica.tv\/portada\/wp-content\/uploads\/2025\/04\/disturbios-en-los-angeles-1992-768x432.jpg 768w\" sizes=\"(max-width: 800px) 100vw, 800px\" \/><\/figure>\n\n\n\n<p class=\"wp-block-paragraph\"><strong>Otras efem\u00e9rides<\/strong><\/p>\n\n\n\n<p class=\"wp-block-paragraph\">1587.- El corsario ingl\u00e9s Francis Drake destruye la flota espa\u00f1ola amarrada en C\u00e1diz.<\/p>\n\n\n\n<p class=\"wp-block-paragraph\">1825.- Manuel Jos\u00e9 Arce es elegido presidente de la Federaci\u00f3n Centroamericana.<\/p>\n\n\n\n<p class=\"wp-block-paragraph\">1861.- Muere en combate el general Jos\u00e9 Mar\u00eda Obando, presidente de Colombia de 1853 a 1854.<\/p>\n\n\n\n<p class=\"wp-block-paragraph\">1875.- Portugal suprime la esclavitud en todas las provincias de ultramar.<\/p>\n\n\n\n<p class=\"wp-block-paragraph\">1935.- Comienza la primera edici\u00f3n de la Vuelta Ciclista a Espa\u00f1a.<\/p>\n\n\n\n<p class=\"wp-block-paragraph\">1942.- Segunda Guerra Mundial: Hitler y Mussolini se entrevistan en el palacio de Klessheim (Austria).<\/p>\n\n\n\n<p class=\"wp-block-paragraph\">1945.- Tropas estadounidenses liberan el campo de concentraci\u00f3n de Dachau (Baviera, Alemania).<\/p>\n\n\n\n<p class=\"wp-block-paragraph\">1946.- Comienza en Tokio el proceso contra los criminales de guerra japoneses que lucharon durante la Segunda Guerra Mundial.<\/p>\n\n\n\n<p class=\"wp-block-paragraph\">1968.- Se estreno en Broadway (Nueva York) el controvertido musical \u00abHair\u00bb.<\/p>\n\n\n\n<p class=\"wp-block-paragraph\">1988.- Mijail Gorbachov, presidente de la URSS, recibe en el Kremlim, por primera vez, al patriarca de la Iglesia Ortodoxa rusa, Pimen.<\/p>\n\n\n\n<p class=\"wp-block-paragraph\">1991.- La ONU aprueba un plan para la descolonizaci\u00f3n del Sahara Occidental, que incluye el env\u00edo de cascos azules para supervisar el refer\u00e9ndum en el que el pueblo saharaui decidir\u00e1 su futuro.<\/p>\n\n\n\n<p class=\"wp-block-paragraph\">1994.- El exdirector general de la Guardia Civil Luis Rold\u00e1n se fuga de Espa\u00f1a poco antes de ser detenido acusado de corrupci\u00f3n.<\/p>\n\n\n\n<p class=\"wp-block-paragraph\">1997.- Entra en vigor el Convenio Internacional sobre Prohibici\u00f3n de Armas Qu\u00edmicas, ratificado por 87 de los 156 estados firmantes.<\/p>\n\n\n\n<p class=\"wp-block-paragraph\">2006.- Los presidentes de Cuba, Fidel Castro; Venezuela, Hugo Ch\u00e1vez, y Bolivia, Evo Morales, suscriben en La Habana varios acuerdos sobre comercio y cooperaci\u00f3n econ\u00f3mica y pol\u00edtica.<\/p>\n\n\n\n<p class=\"wp-block-paragraph\">2009.- La OMS eleva a grado 5 sobre 6 la pandemia de la gripe A.<\/p>\n\n\n\n<p class=\"wp-block-paragraph\">2011.- El Gobierno mexicano extradita a Estados Unidos a Benjam\u00edn Arellano F\u00e9lix, quien fue el \u00abcerebro operativo\u00bb del cartel de Tijuana.<\/p>\n\n\n\n<p class=\"wp-block-paragraph\">2013.- El Tribunal Constitucional de Bolivia avala la candidatura de Evo Morales a un tercer mandato en las elecciones de 2014.<\/p>\n\n\n\n<p class=\"wp-block-paragraph\">2017.- Venezuela da el paso hist\u00f3rico de ser el primer pa\u00eds en solicitar la salida de la Organizaci\u00f3n de Estados Americanos (OEA), aunque no ser\u00eda efectiva hasta 2019.<\/p>\n\n\n\n<p class=\"wp-block-paragraph\">2019.- La ONU alerta sobre la necesidad de actuar con urgencia para evitar una potencial crisis ante la resistencia a los antibi\u00f3ticos.<\/p>\n\n\n\n<p class=\"wp-block-paragraph\"><strong>Nacimientos<\/strong><\/p>\n\n\n\n<p class=\"wp-block-paragraph\">1824.- Francisco Pi y Margall, pol\u00edtico y escritor, presidente de la I Rep\u00fablica espa\u00f1ola.<\/p>\n\n\n\n<p class=\"wp-block-paragraph\">1901.- Hiro-Hito, emperador de Jap\u00f3n.<\/p>\n\n\n\n<p class=\"wp-block-paragraph\">1906.- Pedro Vargas, cantante mexicano.<\/p>\n\n\n\n<p class=\"wp-block-paragraph\">1907.- Fred Zinnemann, director de cine, austriaco.<\/p>\n\n\n\n<p class=\"wp-block-paragraph\">1930.- Jean Rochefort, actor franc\u00e9s.<\/p>\n\n\n\n<p class=\"wp-block-paragraph\">1936.- Jacob Rothschild, financiero brit\u00e1nico.<\/p>\n\n\n\n<p class=\"wp-block-paragraph\">1938.- Bernard Madoff, estafador estadounidense.<\/p>\n\n\n\n<p class=\"wp-block-paragraph\">1957.- Daniel Day-Lewis, actor brit\u00e1nico.<\/p>\n\n\n\n<p class=\"wp-block-paragraph\">1958.- Michelle Pfeiffer, actriz estadounidense.<\/p>\n\n\n\n<p class=\"wp-block-paragraph\">1970.- Uma Thurman, actriz estadounidense.<\/p>\n\n\n\n<p class=\"wp-block-paragraph\">1971.- Leopoldo L\u00f3pez, pol\u00edtico opositor venezolano.<\/p>\n\n\n\n<p class=\"wp-block-paragraph\">2007.- Infanta Sof\u00eda, segunda hija de los Reyes de Espa\u00f1a, Felipe y Letizia.<\/p>\n\n\n\n<p class=\"wp-block-paragraph\"><strong>Defunciones<\/strong><\/p>\n\n\n\n<p class=\"wp-block-paragraph\">1951.- Ludwig Wittgenstein, fil\u00f3sofo austr\u00edaco.<\/p>\n\n\n\n<p class=\"wp-block-paragraph\">1959.- Joaqu\u00edn Blume, gimnasta espa\u00f1ol.<\/p>\n\n\n\n<p class=\"wp-block-paragraph\">1964.- Wenceslao Fern\u00e1ndez Fl\u00f3rez, escritor espa\u00f1ol.<\/p>\n\n\n\n<p class=\"wp-block-paragraph\">1980.- Alfred Hitchcock, director de cine, brit\u00e1nico nacionalizado estadounidense.<\/p>\n\n\n\n<p class=\"wp-block-paragraph\">2006.- John Kenneth Galbraith, economista estadounidense.<\/p>\n\n\n\n<p class=\"wp-block-paragraph\">2015.- Fran\u00e7ois Michelin, industrial franc\u00e9s.<\/p>\n\n\n\n<p class=\"wp-block-paragraph\">2018.- Luis Garc\u00eda Meza, dictador boliviano.<\/p>\n","protected":false},"excerpt":{"rendered":"<p>Un d\u00eda 29 de abril como hoy, pero de 1992, el veredicto de un jurado, que declar\u00f3 inocentes a cuatro polic\u00edas blancos que en 1991 apalearon a un automovilista negro, provoca en Los \u00c1ngeles los m\u00e1s graves des\u00f3rdenes raciales en casi 30 a\u00f1os, con el resultado de al menos 68 muertos. Otras efem\u00e9rides 1587.- El [&hellip;]<\/p>\n","protected":false},"author":6,"featured_media":58066,"comment_status":"closed","ping_status":"closed","sticky":false,"template":"","format":"standard","meta":{"_acf_changed":false,"_monsterinsights_skip_tracking":false,"slim_seo":{"title":"Efem\u00e9rides 29 de abril - Opini\u00f3n P\u00fablica","description":"Un d\u00eda 29 de abril como hoy, pero de 1992, el veredicto de un jurado, que declar\u00f3 inocentes a cuatro polic\u00edas blancos que en 1991 apalearon a un automovilista n"},"footnotes":""},"categories":[27],"tags":[],"class_list":["post-58065","post","type-post","status-publish","format-standard","has-post-thumbnail","hentry","category-un-dia-como-hoy"],"acf":[],"_links":{"self":[{"href":"https:\/\/www.opinionpublica.tv\/portada\/wp-json\/wp\/v2\/posts\/58065","targetHints":{"allow":["GET"]}}],"collection":[{"href":"https:\/\/www.opinionpublica.tv\/portada\/wp-json\/wp\/v2\/posts"}],"about":[{"href":"https:\/\/www.opinionpublica.tv\/portada\/wp-json\/wp\/v2\/types\/post"}],"author":[{"embeddable":true,"href":"https:\/\/www.opinionpublica.tv\/portada\/wp-json\/wp\/v2\/users\/6"}],"replies":[{"embeddable":true,"href":"https:\/\/www.opinionpublica.tv\/portada\/wp-json\/wp\/v2\/comments?post=58065"}],"version-history":[{"count":2,"href":"https:\/\/www.opinionpublica.tv\/portada\/wp-json\/wp\/v2\/posts\/58065\/revisions"}],"predecessor-version":[{"id":58069,"href":"https:\/\/www.opinionpublica.tv\/portada\/wp-json\/wp\/v2\/posts\/58065\/revisions\/58069"}],"wp:featuredmedia":[{"embeddable":true,"href":"https:\/\/www.opinionpublica.tv\/portada\/wp-json\/wp\/v2\/media\/58066"}],"wp:attachment":[{"href":"https:\/\/www.opinionpublica.tv\/portada\/wp-json\/wp\/v2\/media?parent=58065"}],"wp:term":[{"taxonomy":"category","embeddable":true,"href":"https:\/\/www.opinionpublica.tv\/portada\/wp-json\/wp\/v2\/categories?post=58065"},{"taxonomy":"post_tag","embeddable":true,"href":"https:\/\/www.opinionpublica.tv\/portada\/wp-json\/wp\/v2\/tags?post=58065"}],"curies":[{"name":"wp","href":"https:\/\/api.w.org\/{rel}","templated":true}]}}