{"id":58061,"date":"2025-04-29T00:01:00","date_gmt":"2025-04-29T06:01:00","guid":{"rendered":"https:\/\/www.opinionpublica.tv\/portada\/?p=58061"},"modified":"2025-04-28T19:55:04","modified_gmt":"2025-04-29T01:55:04","slug":"video-cardenales-eligen-fecha-para-iniciar-conclave-y-elegir-nuevo-papa-cnn","status":"publish","type":"post","link":"https:\/\/www.opinionpublica.tv\/portada\/video-cardenales-eligen-fecha-para-iniciar-conclave-y-elegir-nuevo-papa-cnn\/","title":{"rendered":"Video: Cardenales eligen fecha para c\u00f3nclave y elegir nuevo Papa | CNN"},"content":{"rendered":"\n<figure class=\"wp-block-embed is-type-video is-provider-youtube wp-block-embed-youtube wp-embed-aspect-16-9 wp-has-aspect-ratio\"><div class=\"wp-block-embed__wrapper\">\n<iframe title=\"Los cardenales eligen fecha para iniciar el c\u00f3nclave y elegir un nuevo papa\" width=\"800\" height=\"450\" src=\"https:\/\/www.youtube.com\/embed\/aLzd-5-5jHM?feature=oembed\" frameborder=\"0\" allow=\"accelerometer; autoplay; clipboard-write; encrypted-media; gyroscope; picture-in-picture; web-share\" referrerpolicy=\"strict-origin-when-cross-origin\" allowfullscreen><\/iframe>\n<\/div><\/figure>\n\n\n\n<p class=\"wp-block-paragraph\">Los cardenales celebraron el lunes la primera congregaci\u00f3n desde el funeral del papa Francisco. Los cardenales eligieron el 7 de mayo como fecha para iniciar el c\u00f3nclave y elegir un nuevo papa para 1.400 millones de cat\u00f3licos en todo el mundo.<\/p>\n\n\n\n<p class=\"wp-block-paragraph\"><em>Cr\u00e9ditos: CNN<\/em>.<a href=\"https:\/\/www.youtube.com\/@cnnee\"><\/a><\/p>\n","protected":false},"excerpt":{"rendered":"<p>Los cardenales celebraron el lunes la primera congregaci\u00f3n desde el funeral del papa Francisco. Los cardenales eligieron el 7 de mayo como fecha para iniciar el c\u00f3nclave y elegir un nuevo papa para 1.400 millones de cat\u00f3licos en todo el mundo. Cr\u00e9ditos: CNN.<\/p>\n","protected":false},"author":6,"featured_media":58064,"comment_status":"closed","ping_status":"closed","sticky":false,"template":"","format":"standard","meta":{"_acf_changed":false,"_monsterinsights_skip_tracking":false,"slim_seo":{"title":"Video: Cardenales eligen fecha para c\u00f3nclave y elegir nuevo Papa | CNN - Opini\u00f3n P\u00fablica","description":"https:\/\/youtu.be\/aLzd-5-5jHM?si=hVCkKU_78S7LooYn Los cardenales celebraron el lunes la primera congregaci\u00f3n desde el funeral del papa Francisco. Los cardenales"},"footnotes":""},"categories":[2,13,8],"tags":[],"class_list":["post-58061","post","type-post","status-publish","format-standard","has-post-thumbnail","hentry","category-videos-destacados","category-videos-destacados-contenido","category-videos"],"acf":[],"_links":{"self":[{"href":"https:\/\/www.opinionpublica.tv\/portada\/wp-json\/wp\/v2\/posts\/58061","targetHints":{"allow":["GET"]}}],"collection":[{"href":"https:\/\/www.opinionpublica.tv\/portada\/wp-json\/wp\/v2\/posts"}],"about":[{"href":"https:\/\/www.opinionpublica.tv\/portada\/wp-json\/wp\/v2\/types\/post"}],"author":[{"embeddable":true,"href":"https:\/\/www.opinionpublica.tv\/portada\/wp-json\/wp\/v2\/users\/6"}],"replies":[{"embeddable":true,"href":"https:\/\/www.opinionpublica.tv\/portada\/wp-json\/wp\/v2\/comments?post=58061"}],"version-history":[{"count":2,"href":"https:\/\/www.opinionpublica.tv\/portada\/wp-json\/wp\/v2\/posts\/58061\/revisions"}],"predecessor-version":[{"id":58063,"href":"https:\/\/www.opinionpublica.tv\/portada\/wp-json\/wp\/v2\/posts\/58061\/revisions\/58063"}],"wp:featuredmedia":[{"embeddable":true,"href":"https:\/\/www.opinionpublica.tv\/portada\/wp-json\/wp\/v2\/media\/58064"}],"wp:attachment":[{"href":"https:\/\/www.opinionpublica.tv\/portada\/wp-json\/wp\/v2\/media?parent=58061"}],"wp:term":[{"taxonomy":"category","embeddable":true,"href":"https:\/\/www.opinionpublica.tv\/portada\/wp-json\/wp\/v2\/categories?post=58061"},{"taxonomy":"post_tag","embeddable":true,"href":"https:\/\/www.opinionpublica.tv\/portada\/wp-json\/wp\/v2\/tags?post=58061"}],"curies":[{"name":"wp","href":"https:\/\/api.w.org\/{rel}","templated":true}]}}