{"id":58001,"date":"2025-04-27T00:01:00","date_gmt":"2025-04-27T06:01:00","guid":{"rendered":"https:\/\/www.opinionpublica.tv\/portada\/?p=58001"},"modified":"2025-04-26T23:45:18","modified_gmt":"2025-04-27T05:45:18","slug":"ya-inicio-la-semana-nacional-de-vacunacion-en-el-estado-de-chihuahua","status":"publish","type":"post","link":"https:\/\/www.opinionpublica.tv\/portada\/ya-inicio-la-semana-nacional-de-vacunacion-en-el-estado-de-chihuahua\/","title":{"rendered":"Ya inici\u00f3 la Semana Nacional\u00a0 de Vacunaci\u00f3n en el estado de Chihuahua"},"content":{"rendered":"\n<figure class=\"wp-block-image size-large\"><img fetchpriority=\"high\" decoding=\"async\" width=\"1024\" height=\"768\" src=\"https:\/\/www.opinionpublica.tv\/portada\/wp-content\/uploads\/2025\/04\/Ya-inicio-la-Semana-Nacional-de-Vacunacion-en-el-estado-de-Chihuahua-1024x768.jpeg\" alt=\"Ya inicio\u0301 la semana nacional\u00a0 de vacunacio\u0301n en el estado de chihuahua\" class=\"wp-image-58004\" srcset=\"https:\/\/www.opinionpublica.tv\/portada\/wp-content\/uploads\/2025\/04\/Ya-inicio-la-Semana-Nacional-de-Vacunacion-en-el-estado-de-Chihuahua-1024x768.jpeg 1024w, https:\/\/www.opinionpublica.tv\/portada\/wp-content\/uploads\/2025\/04\/Ya-inicio-la-Semana-Nacional-de-Vacunacion-en-el-estado-de-Chihuahua-300x225.jpeg 300w, https:\/\/www.opinionpublica.tv\/portada\/wp-content\/uploads\/2025\/04\/Ya-inicio-la-Semana-Nacional-de-Vacunacion-en-el-estado-de-Chihuahua-768x576.jpeg 768w, https:\/\/www.opinionpublica.tv\/portada\/wp-content\/uploads\/2025\/04\/Ya-inicio-la-Semana-Nacional-de-Vacunacion-en-el-estado-de-Chihuahua-1536x1152.jpeg 1536w, https:\/\/www.opinionpublica.tv\/portada\/wp-content\/uploads\/2025\/04\/Ya-inicio-la-Semana-Nacional-de-Vacunacion-en-el-estado-de-Chihuahua.jpeg 1600w\" sizes=\"(max-width: 1024px) 100vw, 1024px\" \/><\/figure>\n\n\n\n<p class=\"wp-block-paragraph\"><em>Chihuahua, Chih<\/em>.- La Secretar\u00eda de Salud de Chihuahua arranc\u00f3 el d\u00eda de hoy con la Semana Nacional de Vacunaci\u00f3n, un programa que se llevar\u00e1 a cabo del 26 de abril al 3 de mayo en todo el pa\u00eds.<\/p>\n\n\n\n<p class=\"wp-block-paragraph\">En la entidad, esta campa\u00f1a se realizar\u00e1 en los 67 municipios, mediante la instalaci\u00f3n de m\u00f3dulos de vacunaci\u00f3n ubicados en diferentes puntos como centros de salud, hospitales y comercios.<\/p>\n\n\n\n<p class=\"wp-block-paragraph\">Las vacunas que se tendr\u00e1n disponibles para la ciudadan\u00eda son:<\/p>\n\n\n\n<p class=\"wp-block-paragraph\">* Primera infancia: BCG, Hepatitis B, Hexavalente, Rotavirus y Neumococo\u2028<\/p>\n\n\n\n<p class=\"wp-block-paragraph\">\u2022 Ni\u00f1ez (1 a 9 a\u00f1os): Refuerzos con SRP (Sarampi\u00f3n, Rub\u00e9ola y Parotiditis), Neumococo y DPT (Difteria, Tosferina y T\u00e9tanos)<\/p>\n\n\n\n<p class=\"wp-block-paragraph\">\u2022 Adolescentes: VPH (Virus del Papiloma Humano), Td (T\u00e9tanos y Difteria), SR (Sarampi\u00f3n y Rub\u00e9ola) y Hepatitis B<\/p>\n\n\n\n<p class=\"wp-block-paragraph\">\u2022 Embarazadas: Tdpa (T\u00e9tanos, Difteria y Tosferina acelular) a partir de la semana 20 de gestaci\u00f3n<\/p>\n\n\n\n<p class=\"wp-block-paragraph\">\u2022 Adultos: Refuerzos con Td, SR y Hepatitis B, seg\u00fan factores de riesgo\u2028\u2022 Adultos mayores: Vacuna antineumoc\u00f3cica<\/p>\n\n\n\n<p class=\"wp-block-paragraph\">\u2022 Personal de salud: Refuerzos de SR y Hepatitis B<\/p>\n\n\n\n<p class=\"wp-block-paragraph\">En los diferentes municipios se desarrollan diversas actividades para invitar a la poblaci\u00f3n a aprovechar y completar los esquemas de vacunaci\u00f3n, por lo que se exhorta a acudir con la Cartilla Nacional de Salud.<\/p>\n\n\n\n<p class=\"wp-block-paragraph\">Es importante destacar que se cuenta con un abasto suficiente de vacunas para atender a toda la poblaci\u00f3n de forma gratuita, incluyendo la vacuna contra la influenza estacionaria en sus \u00faltimos d\u00edas de aplicaci\u00f3n.<\/p>\n\n\n\n<p class=\"wp-block-paragraph\">El director del Distrito de Salud de Chihuahua, Julio C\u00e9sar Ortega, resalt\u00f3 la importancia de contar con todas las inoculaciones, por lo que hizo un exhorto a los habitantes ara aprovechar y complementar los esquemas a fin de prevenir enfermedades. El representante de Salud puntualiz\u00f3 que gracias a la vacunaci\u00f3n, en la actualidad se cuenta con una esperanza de vida pr\u00e1cticamente del doble respecto a la que ten\u00edamos hace 100 a\u00f1os.<\/p>\n","protected":false},"excerpt":{"rendered":"<p>Chihuahua, Chih.- La Secretar\u00eda de Salud de Chihuahua arranc\u00f3 el d\u00eda de hoy con la Semana Nacional de Vacunaci\u00f3n, un programa que se llevar\u00e1 a cabo del 26 de abril al 3 de mayo en todo el pa\u00eds. En la entidad, esta campa\u00f1a se realizar\u00e1 en los 67 municipios, mediante la instalaci\u00f3n de m\u00f3dulos de [&hellip;]<\/p>\n","protected":false},"author":6,"featured_media":58004,"comment_status":"closed","ping_status":"closed","sticky":false,"template":"","format":"standard","meta":{"_acf_changed":false,"_monsterinsights_skip_tracking":false,"slim_seo":{"title":"Ya inici\u00f3 la Semana Nacional\u00a0 de Vacunaci\u00f3n en el estado de Chihuahua - Opini\u00f3n P\u00fablica","description":"Chihuahua, Chih .- La Secretar\u00eda de Salud de Chihuahua arranc\u00f3 el d\u00eda de hoy con la Semana Nacional de Vacunaci\u00f3n, un programa que se llevar\u00e1 a cabo del 26 de a"},"footnotes":""},"categories":[11],"tags":[],"class_list":["post-58001","post","type-post","status-publish","format-standard","has-post-thumbnail","hentry","category-tendencias"],"acf":[],"_links":{"self":[{"href":"https:\/\/www.opinionpublica.tv\/portada\/wp-json\/wp\/v2\/posts\/58001","targetHints":{"allow":["GET"]}}],"collection":[{"href":"https:\/\/www.opinionpublica.tv\/portada\/wp-json\/wp\/v2\/posts"}],"about":[{"href":"https:\/\/www.opinionpublica.tv\/portada\/wp-json\/wp\/v2\/types\/post"}],"author":[{"embeddable":true,"href":"https:\/\/www.opinionpublica.tv\/portada\/wp-json\/wp\/v2\/users\/6"}],"replies":[{"embeddable":true,"href":"https:\/\/www.opinionpublica.tv\/portada\/wp-json\/wp\/v2\/comments?post=58001"}],"version-history":[{"count":2,"href":"https:\/\/www.opinionpublica.tv\/portada\/wp-json\/wp\/v2\/posts\/58001\/revisions"}],"predecessor-version":[{"id":58005,"href":"https:\/\/www.opinionpublica.tv\/portada\/wp-json\/wp\/v2\/posts\/58001\/revisions\/58005"}],"wp:featuredmedia":[{"embeddable":true,"href":"https:\/\/www.opinionpublica.tv\/portada\/wp-json\/wp\/v2\/media\/58004"}],"wp:attachment":[{"href":"https:\/\/www.opinionpublica.tv\/portada\/wp-json\/wp\/v2\/media?parent=58001"}],"wp:term":[{"taxonomy":"category","embeddable":true,"href":"https:\/\/www.opinionpublica.tv\/portada\/wp-json\/wp\/v2\/categories?post=58001"},{"taxonomy":"post_tag","embeddable":true,"href":"https:\/\/www.opinionpublica.tv\/portada\/wp-json\/wp\/v2\/tags?post=58001"}],"curies":[{"name":"wp","href":"https:\/\/api.w.org\/{rel}","templated":true}]}}