{"id":57996,"date":"2025-04-27T00:01:00","date_gmt":"2025-04-27T06:01:00","guid":{"rendered":"https:\/\/www.opinionpublica.tv\/portada\/?p=57996"},"modified":"2025-04-26T23:39:05","modified_gmt":"2025-04-27T05:39:05","slug":"busca-municipio-regularizar-terrenos-y-adquirir-mas-reserva-territorial-para-juarez","status":"publish","type":"post","link":"https:\/\/www.opinionpublica.tv\/portada\/busca-municipio-regularizar-terrenos-y-adquirir-mas-reserva-territorial-para-juarez\/","title":{"rendered":"Busca Municipio regularizar terrenos y adquirir m\u00e1s reserva territorial para Ju\u00e1rez"},"content":{"rendered":"\n<figure class=\"wp-block-image size-large\"><img fetchpriority=\"high\" decoding=\"async\" width=\"1024\" height=\"700\" src=\"https:\/\/www.opinionpublica.tv\/portada\/wp-content\/uploads\/2025\/04\/Busca-Municipio-regularizar-terrenos-y-adquirir-mas-reserva-territorial-para-Juarez-1024x700.jpeg\" alt=\"Busca municipio regularizar terrenos y adquirir ma\u0301s reserva territorial para jua\u0301rez\" class=\"wp-image-57999\" srcset=\"https:\/\/www.opinionpublica.tv\/portada\/wp-content\/uploads\/2025\/04\/Busca-Municipio-regularizar-terrenos-y-adquirir-mas-reserva-territorial-para-Juarez-1024x700.jpeg 1024w, https:\/\/www.opinionpublica.tv\/portada\/wp-content\/uploads\/2025\/04\/Busca-Municipio-regularizar-terrenos-y-adquirir-mas-reserva-territorial-para-Juarez-300x205.jpeg 300w, https:\/\/www.opinionpublica.tv\/portada\/wp-content\/uploads\/2025\/04\/Busca-Municipio-regularizar-terrenos-y-adquirir-mas-reserva-territorial-para-Juarez-768x525.jpeg 768w, https:\/\/www.opinionpublica.tv\/portada\/wp-content\/uploads\/2025\/04\/Busca-Municipio-regularizar-terrenos-y-adquirir-mas-reserva-territorial-para-Juarez-1536x1049.jpeg 1536w, https:\/\/www.opinionpublica.tv\/portada\/wp-content\/uploads\/2025\/04\/Busca-Municipio-regularizar-terrenos-y-adquirir-mas-reserva-territorial-para-Juarez.jpeg 1600w\" sizes=\"(max-width: 1024px) 100vw, 1024px\" \/><\/figure>\n\n\n\n<p class=\"wp-block-paragraph\"><em>Ciudad Ju\u00e1rez, Chih<\/em>.- El presidente municipal, Cruz P\u00e9rez Cu\u00e9llar dio a conocer que como parte de su visita a la Ciudad de M\u00e9xico, solicit\u00f3 reserva territorial en Ju\u00e1rez y regularizar los predios donde la gente ya est\u00e1 asentada.<\/p>\n\n\n\n<p class=\"wp-block-paragraph\">El alcalde se\u00f1al\u00f3 que estuvo en la Secretar\u00eda de Desarrollo Agrario, Territorial y Urbano (SEDATU), para avanzar con el tr\u00e1mite de esos dos temas que son fundamentales para esta frontera.<\/p>\n\n\n\n<p class=\"wp-block-paragraph\">Mencion\u00f3 que es importante que la gente que ya est\u00e1 ubicada en predios nacionales, pueda regularizar su situaci\u00f3n y tener certeza jur\u00eddica.<\/p>\n\n\n\n<p class=\"wp-block-paragraph\">Tambi\u00e9n dijo que el Gobierno Municipal ya entreg\u00f3 documentos para adquirir reserva y est\u00e1 a la espera de una pronta respuesta. Por otra parte, coment\u00f3 que tambi\u00e9n estuvo en el Instituto Nacional de Administraci\u00f3n y Aval\u00faos de Bienes Nacionales (INDAABIN) para atender otro tema, ya que el Club Bravos est\u00e1 en b\u00fasqueda de una concesi\u00f3n para un espacio en el galg\u00f3dromo, donde pretende invertir cerca de 600 millones de pesos que ser\u00eda en beneficio de la comunidad juarense.<\/p>\n","protected":false},"excerpt":{"rendered":"<p>Ciudad Ju\u00e1rez, Chih.- El presidente municipal, Cruz P\u00e9rez Cu\u00e9llar dio a conocer que como parte de su visita a la Ciudad de M\u00e9xico, solicit\u00f3 reserva territorial en Ju\u00e1rez y regularizar los predios donde la gente ya est\u00e1 asentada. El alcalde se\u00f1al\u00f3 que estuvo en la Secretar\u00eda de Desarrollo Agrario, Territorial y Urbano (SEDATU), para avanzar [&hellip;]<\/p>\n","protected":false},"author":6,"featured_media":57999,"comment_status":"closed","ping_status":"closed","sticky":false,"template":"","format":"standard","meta":{"_acf_changed":false,"_monsterinsights_skip_tracking":false,"slim_seo":{"title":"Busca Municipio regularizar terrenos y adquirir m\u00e1s reserva territorial para Ju\u00e1rez - Opini\u00f3n P\u00fablica","description":"Ciudad Ju\u00e1rez, Chih .- El presidente municipal, Cruz P\u00e9rez Cu\u00e9llar dio a conocer que como parte de su visita a la Ciudad de M\u00e9xico, solicit\u00f3 reserva territorial"},"footnotes":""},"categories":[41],"tags":[],"class_list":["post-57996","post","type-post","status-publish","format-standard","has-post-thumbnail","hentry","category-juarez"],"acf":[],"_links":{"self":[{"href":"https:\/\/www.opinionpublica.tv\/portada\/wp-json\/wp\/v2\/posts\/57996","targetHints":{"allow":["GET"]}}],"collection":[{"href":"https:\/\/www.opinionpublica.tv\/portada\/wp-json\/wp\/v2\/posts"}],"about":[{"href":"https:\/\/www.opinionpublica.tv\/portada\/wp-json\/wp\/v2\/types\/post"}],"author":[{"embeddable":true,"href":"https:\/\/www.opinionpublica.tv\/portada\/wp-json\/wp\/v2\/users\/6"}],"replies":[{"embeddable":true,"href":"https:\/\/www.opinionpublica.tv\/portada\/wp-json\/wp\/v2\/comments?post=57996"}],"version-history":[{"count":2,"href":"https:\/\/www.opinionpublica.tv\/portada\/wp-json\/wp\/v2\/posts\/57996\/revisions"}],"predecessor-version":[{"id":58000,"href":"https:\/\/www.opinionpublica.tv\/portada\/wp-json\/wp\/v2\/posts\/57996\/revisions\/58000"}],"wp:featuredmedia":[{"embeddable":true,"href":"https:\/\/www.opinionpublica.tv\/portada\/wp-json\/wp\/v2\/media\/57999"}],"wp:attachment":[{"href":"https:\/\/www.opinionpublica.tv\/portada\/wp-json\/wp\/v2\/media?parent=57996"}],"wp:term":[{"taxonomy":"category","embeddable":true,"href":"https:\/\/www.opinionpublica.tv\/portada\/wp-json\/wp\/v2\/categories?post=57996"},{"taxonomy":"post_tag","embeddable":true,"href":"https:\/\/www.opinionpublica.tv\/portada\/wp-json\/wp\/v2\/tags?post=57996"}],"curies":[{"name":"wp","href":"https:\/\/api.w.org\/{rel}","templated":true}]}}