{"id":57989,"date":"2025-04-27T00:01:00","date_gmt":"2025-04-27T06:01:00","guid":{"rendered":"https:\/\/www.opinionpublica.tv\/portada\/?p=57989"},"modified":"2025-04-26T23:28:59","modified_gmt":"2025-04-27T05:28:59","slug":"detecta-ine-publicidad-en-redes-sociales-a-favor-de-candidatos-al-poder-judicial","status":"publish","type":"post","link":"https:\/\/www.opinionpublica.tv\/portada\/detecta-ine-publicidad-en-redes-sociales-a-favor-de-candidatos-al-poder-judicial\/","title":{"rendered":"Detecta INE publicidad en redes sociales a favor de candidatos al Poder Judicial"},"content":{"rendered":"\n<figure class=\"wp-block-image size-full\"><img fetchpriority=\"high\" decoding=\"async\" width=\"971\" height=\"720\" src=\"https:\/\/www.opinionpublica.tv\/portada\/wp-content\/uploads\/2025\/04\/Detecta-INE-publicidad-en-redes-sociales-a-favor-de-candidatos-al-Poder-Judicial.webp\" alt=\"Detecta ine publicidad en redes sociales a favor de candidatos al poder judicial\" class=\"wp-image-57991\" srcset=\"https:\/\/www.opinionpublica.tv\/portada\/wp-content\/uploads\/2025\/04\/Detecta-INE-publicidad-en-redes-sociales-a-favor-de-candidatos-al-Poder-Judicial.webp 971w, https:\/\/www.opinionpublica.tv\/portada\/wp-content\/uploads\/2025\/04\/Detecta-INE-publicidad-en-redes-sociales-a-favor-de-candidatos-al-Poder-Judicial-300x222.webp 300w, https:\/\/www.opinionpublica.tv\/portada\/wp-content\/uploads\/2025\/04\/Detecta-INE-publicidad-en-redes-sociales-a-favor-de-candidatos-al-Poder-Judicial-768x569.webp 768w\" sizes=\"(max-width: 971px) 100vw, 971px\" \/><\/figure>\n\n\n\n<p class=\"wp-block-paragraph\">Aunque en la elecci\u00f3n judicial est\u00e1 prohibido contratar publicidad en redes sociales, para promover a las candidaturas en contienda, el Instituto Nacional Electoral (INE) detect\u00f3 la existencia de esta pr\u00e1ctica en algunos casos espec\u00edficos, materiales que son retirados apenas se conoce de la denuncia ante la autoridad.<\/p>\n\n\n\n<p class=\"wp-block-paragraph\">La Comisi\u00f3n de Quejas y Denuncias del INE pretend\u00eda ordenar el retiro de publicaciones pagadas en la red social Facebook en favor de la ministra Yasm\u00edn Esquivel, quien es candidata para conservar esta funci\u00f3n por la v\u00eda del voto popular, pero al momento de sesionar, los mensajes ya hab\u00edan sido bajados, por lo que la medida fue improcedente, al tratarse de hechos consumados.<\/p>\n\n\n\n<p class=\"wp-block-paragraph\">Un ciudadano hizo esta denuncia en contra del perfil \u201cJusticia sin barreras\u201d al advertir que su difusi\u00f3n representaba inequidad en la contienda y financiamiento privado, no permitido por las reglas de la elecci\u00f3n judicial.<\/p>\n\n\n\n<p class=\"wp-block-paragraph\">El proyecto elaborado por la Unidad T\u00e9cnica de lo Contencioso Electoral (UTCE) del INE propon\u00eda declarar procedente ordenar el retiro de los mensajes.<\/p>\n\n\n\n<p class=\"wp-block-paragraph\">\u201cSe advirti\u00f3 que se paut\u00f3 para su difusi\u00f3n una publicaci\u00f3n alusiva a la candidata ministra a la Suprema Corte de Justicia de la Naci\u00f3n, Yasm\u00edn Esquivel Mosa, lo que en sede cautelar se considera que no cumple con los par\u00e1metros establecidos en la norma electoral, pues proh\u00edbe la erogaci\u00f3n para potenciar contenidos digitales\u201d, se ley\u00f3 en el resumen del caso.<\/p>\n\n\n\n<p class=\"wp-block-paragraph\">Sin embargo, en plena sesi\u00f3n se tuvo que enmendar lo que se iba a votar y declarar improcedentes las medidas cautelares, por el motivo se\u00f1alado. Sin embargo, la UTCE continuar\u00e1 con la integraci\u00f3n de este Procedimiento Especial Sancionador (35\/2025) y los resultados ser\u00e1n enviados al Tribunal Electoral del Poder Judicial de la Federaci\u00f3n.<\/p>\n\n\n\n<p class=\"wp-block-paragraph\">El INE no se har\u00e1 de la vista gorda: Castillo<\/p>\n\n\n\n<p class=\"wp-block-paragraph\">En otro asunto similar (36\/2025), la UTCE tambi\u00e9n detect\u00f3 pauta pagada en Facebook del perfil \u201cAmigos de Toro Burgos con la ministra\u201d, en favor de Ingrid de los Angeles Tapia Guti\u00e9rrez, candidata a ministra, aunque en este caso la publicaci\u00f3n permaneci\u00f3, de ah\u00ed que se orden\u00f3 su retiro.<\/p>\n\n\n\n<p class=\"wp-block-paragraph\">La UTCE y los integrantes de la comisi\u00f3n de Quejas y Denuncias detectaron otras publicaciones, adem\u00e1s de las dos denunciadas, por lo que determin\u00f3 la medida para \u201cel total de las publicaciones pagadas que se identificaron en ese perfil y en particular en el periodo correspondiente del 10 de marzo hasta la fecha se incorporen como procedentes\u201d.<\/p>\n\n\n\n<p class=\"wp-block-paragraph\">Ante la reiteraci\u00f3n de esa conducta, contrataci\u00f3n aparentemente il\u00edcita durante ese periodo, se declar\u00f3 adem\u00e1s tutela preventiva, es decir, la orden de que no se realicen otras publicaciones en el mismo sentido.<\/p>\n\n\n\n<p class=\"wp-block-paragraph\">El consejero Arturo Castillo, integrante de la comisi\u00f3n, aclar\u00f3 que con lo anterior se genera un procedente \u201cpara si la autoridad, en el contexto de una denuncia, identifica la existencia de las irregularidades denunciadas, como se dice popularmente, no nos hagamos de la vista gorda y proceder en consecuencia\u201d.<\/p>\n\n\n\n<p class=\"wp-block-paragraph\">La consejera Claudia Zavala destac\u00f3 la importancia de dictar la tutela preventiva \u201cporque ha sido ya de manera constante en esta biblioteca (Facebook). La investigaci\u00f3n dir\u00e1 qui\u00e9n es el responsable de este sitio, pero s\u00ed debe tener claridad que hay una posible ilicitud\u201d.<\/p>\n\n\n\n<p class=\"wp-block-paragraph\">En el tercer y \u00faltimo expediente de la sesi\u00f3n procedimiento 40\/2025 y el 41\/2025, Lenia Batres, candidata a ministra, solicit\u00f3 el retiro de una publicaci\u00f3n en la que un candidato ( Sergio Danilo Pancardo Cobos, postulado a magistrado de circuito del Tribunal Colegiado de Apelaciones en las materias civil y administrativa, especialidad en competencia econ\u00f3mica y telecomunicaciones) hace parecer, en una publicaci\u00f3n en Facebook, que hicieron hubo campa\u00f1a conjunta (otro punto prohibido por las reglas de la contienda).<\/p>\n\n\n\n<p class=\"wp-block-paragraph\">En el proyecto se declar\u00f3 improcedente las medidas cautelares de la publicaci\u00f3n, en la que adem\u00e1s habr\u00eda una imagen de personas menores de edad, porque el material se\u00f1alado por la ministra Batres fue modificado, eliminando las referencias de campa\u00f1a mutua. (La Jornada)<\/p>\n","protected":false},"excerpt":{"rendered":"<p>Aunque en la elecci\u00f3n judicial est\u00e1 prohibido contratar publicidad en redes sociales, para promover a las candidaturas en contienda, el Instituto Nacional Electoral (INE) detect\u00f3 la existencia de esta pr\u00e1ctica en algunos casos espec\u00edficos, materiales que son retirados apenas se conoce de la denuncia ante la autoridad. La Comisi\u00f3n de Quejas y Denuncias del INE [&hellip;]<\/p>\n","protected":false},"author":6,"featured_media":57991,"comment_status":"closed","ping_status":"closed","sticky":false,"template":"","format":"standard","meta":{"_acf_changed":false,"_monsterinsights_skip_tracking":false,"slim_seo":{"title":"Detecta INE publicidad en redes sociales a favor de candidatos al Poder Judicial - Opini\u00f3n P\u00fablica","description":"Aunque en la elecci\u00f3n judicial est\u00e1 prohibido contratar publicidad en redes sociales, para promover a las candidaturas en contienda, el Instituto Nacional Elect"},"footnotes":""},"categories":[4],"tags":[],"class_list":["post-57989","post","type-post","status-publish","format-standard","has-post-thumbnail","hentry","category-pulsopolitico"],"acf":[],"_links":{"self":[{"href":"https:\/\/www.opinionpublica.tv\/portada\/wp-json\/wp\/v2\/posts\/57989","targetHints":{"allow":["GET"]}}],"collection":[{"href":"https:\/\/www.opinionpublica.tv\/portada\/wp-json\/wp\/v2\/posts"}],"about":[{"href":"https:\/\/www.opinionpublica.tv\/portada\/wp-json\/wp\/v2\/types\/post"}],"author":[{"embeddable":true,"href":"https:\/\/www.opinionpublica.tv\/portada\/wp-json\/wp\/v2\/users\/6"}],"replies":[{"embeddable":true,"href":"https:\/\/www.opinionpublica.tv\/portada\/wp-json\/wp\/v2\/comments?post=57989"}],"version-history":[{"count":2,"href":"https:\/\/www.opinionpublica.tv\/portada\/wp-json\/wp\/v2\/posts\/57989\/revisions"}],"predecessor-version":[{"id":57992,"href":"https:\/\/www.opinionpublica.tv\/portada\/wp-json\/wp\/v2\/posts\/57989\/revisions\/57992"}],"wp:featuredmedia":[{"embeddable":true,"href":"https:\/\/www.opinionpublica.tv\/portada\/wp-json\/wp\/v2\/media\/57991"}],"wp:attachment":[{"href":"https:\/\/www.opinionpublica.tv\/portada\/wp-json\/wp\/v2\/media?parent=57989"}],"wp:term":[{"taxonomy":"category","embeddable":true,"href":"https:\/\/www.opinionpublica.tv\/portada\/wp-json\/wp\/v2\/categories?post=57989"},{"taxonomy":"post_tag","embeddable":true,"href":"https:\/\/www.opinionpublica.tv\/portada\/wp-json\/wp\/v2\/tags?post=57989"}],"curies":[{"name":"wp","href":"https:\/\/api.w.org\/{rel}","templated":true}]}}