{"id":57982,"date":"2025-04-27T00:01:00","date_gmt":"2025-04-27T06:01:00","guid":{"rendered":"https:\/\/www.opinionpublica.tv\/portada\/?p=57982"},"modified":"2025-04-26T23:23:59","modified_gmt":"2025-04-27T05:23:59","slug":"57982-2","status":"publish","type":"post","link":"https:\/\/www.opinionpublica.tv\/portada\/57982-2\/","title":{"rendered":"Desapariciones forzadas"},"content":{"rendered":"\n<h4 class=\"wp-block-heading\">Jos\u00e9 Woldenberg<\/h4>\n\n\n\n<p class=\"wp-block-paragraph\">___________________________<\/p>\n\n\n\n<p class=\"wp-block-paragraph\">Leo en una nota de Mar\u00eda Cabadas aparecida en estas mismas p\u00e1ginas (17-04-25) que \u201cser\u00eda a finales de septiembre o inicios de octubre pr\u00f3ximo cuando el Comit\u00e9 contra la Desaparici\u00f3n Forzada (CED) de Naciones Unidas dictamine si lleva o no el caso de las desapariciones en M\u00e9xico a la Asamblea General del organismo\u201d.<\/p>\n\n\n\n<p class=\"wp-block-paragraph\">La desaparici\u00f3n forzada es uno de los delitos m\u00e1s aberrantes y no es casual que la Organizaci\u00f3n de Naciones Unidas tenga un Comit\u00e9 especial para atender esos casos. Se entiende por desaparici\u00f3n forzada la privaci\u00f3n ilegal de la libertad de una persona por parte de alguna instituci\u00f3n estatal o por particulares en connivencia con agentes estatales. Y, por supuesto, si sucede y el gobierno lo niega el caso se vuelve m\u00e1s grave a\u00fan.<\/p>\n\n\n\n<p class=\"wp-block-paragraph\">La primera reacci\u00f3n de las autoridades mexicanas ante el emplazamiento de la ONU consisti\u00f3 en negar que en nuestro pa\u00eds existieran desapariciones forzosas. No obstante, M\u00e9xico es parte de un circuito internacional que le impone obligaciones y es improductivo intentar escapar de \u00e9l.<\/p>\n\n\n\n<p class=\"wp-block-paragraph\">La ret\u00f3rica negacionista en varias \u00e1reas le ha funcionado al gobierno en nuestro territorio, pero al parecer no se tiene conciencia que m\u00e1s all\u00e1 de nuestras fronteras no se debe ni se puede tapar el sol con un dedo.<\/p>\n\n\n\n<p class=\"wp-block-paragraph\">Como anexo a la nota aludida se reproduc\u00edan las declaraciones de la titular de la Comisi\u00f3n Nacional de los Derechos Humanos (CNDH): \u201ccritic\u00f3 al CED y asegur\u00f3 que est\u00e1 totalmente descontextualizado de las razones que motivan la persistencia de las desapariciones en M\u00e9xico\u201d; del presidente del Senado: \u201cson herramientas del poder econ\u00f3mico y del conservadurismo\u2026 para estar hostilizando a gobiernos que verdaderamente sirven al pueblo\u201d; de la presidenta de Morena: \u201cla posici\u00f3n de la ONU tiene orientaci\u00f3n pol\u00edtica, pues no le gustan los gobiernos progresistas y cercanos a la gente\u201d; la presienta Sheinbaum \u201cinform\u00f3 que enviaron una nota diplom\u00e1tica a la ONU al rechazar que haya desaparici\u00f3n forzada desde el Estado, pues es a causa del crimen organizado\u201d.<\/p>\n\n\n\n<p class=\"wp-block-paragraph\">Y en el extremo, el Senado de la Rep\u00fablica \u201caprob\u00f3 un pronunciamiento para pedir que sea destituido de su cargo en la ONU De Frouville\u201d, presidente de la CED. Una reacci\u00f3n, perdonen el adjetivo, provinciana y adem\u00e1s contraproducente.<\/p>\n\n\n\n<p class=\"wp-block-paragraph\">Seg\u00fan la nota de Mar\u00eda Cabadas, a pesar de esas declaraciones, las secretar\u00edas de Gobernaci\u00f3n y Relaciones Exteriores est\u00e1n llevando a cabo reuniones con la CED, y qu\u00e9 bueno que as\u00ed sea. Al igual que en materia de combate al crimen organizado, el gobierno de Trump se aprovech\u00f3 de las omisiones y negligencia del gobierno anterior; ahora la forma en que se desvirtu\u00f3 a la CNDH pasa factura.<\/p>\n\n\n\n<p class=\"wp-block-paragraph\">Se construy\u00f3 una Comisi\u00f3n que no molesta ni con el p\u00e9talo de una rosa a las autoridades federales, se olvid\u00f3 que esa Comisi\u00f3n puede ser un instrumento coadyuvante en la detecci\u00f3n y defensa de los derechos humanos, y su sumisi\u00f3n la volvi\u00f3 in\u00fatil para la misi\u00f3n que tiene encomendada.<\/p>\n\n\n\n<p class=\"wp-block-paragraph\">Si, por el contrario, se hubiese fortalecido el circuito de las comisiones (la federal y las estatales) hoy M\u00e9xico contar\u00eda con mejores instrumentos para atender las demandas de la ONU.<\/p>\n\n\n\n<p class=\"wp-block-paragraph\">Porque puede ser cierto que la inmensa mayor\u00eda de las \u201cdesapariciones forzadas\u201d sean obra de grupos delincuenciales, lo cual no permitir\u00eda catalogarlas como tales, \u00bfpero alguien medianamente informado puede asegurar que en algunas o muchas de ellas no hayan participado polic\u00edas municipales, estatales, integrantes de las fuerzas armadas u otros agentes estatales?<\/p>\n","protected":false},"excerpt":{"rendered":"<p>Jos\u00e9 Woldenberg ___________________________ Leo en una nota de Mar\u00eda Cabadas aparecida en estas mismas p\u00e1ginas (17-04-25) que \u201cser\u00eda a finales de septiembre o inicios de octubre pr\u00f3ximo cuando el Comit\u00e9 contra la Desaparici\u00f3n Forzada (CED) de Naciones Unidas dictamine si lleva o no el caso de las desapariciones en M\u00e9xico a la Asamblea General del [&hellip;]<\/p>\n","protected":false},"author":6,"featured_media":43694,"comment_status":"closed","ping_status":"closed","sticky":false,"template":"","format":"standard","meta":{"_acf_changed":false,"_monsterinsights_skip_tracking":false,"slim_seo":{"title":"Desapariciones forzadas - Opini\u00f3n P\u00fablica","description":"Jos\u00e9 Woldenberg ___________________________ Leo en una nota de Mar\u00eda Cabadas aparecida en estas mismas p\u00e1ginas (17-04-25) que \u201cser\u00eda a finales de septiembre o i"},"footnotes":""},"categories":[26,1],"tags":[782],"class_list":["post-57982","post","type-post","status-publish","format-standard","has-post-thumbnail","hentry","category-de-chile-dulce-y-manteca-columna-invitada","category-sin-categoria","tag-jose-woldenberg"],"acf":[],"_links":{"self":[{"href":"https:\/\/www.opinionpublica.tv\/portada\/wp-json\/wp\/v2\/posts\/57982","targetHints":{"allow":["GET"]}}],"collection":[{"href":"https:\/\/www.opinionpublica.tv\/portada\/wp-json\/wp\/v2\/posts"}],"about":[{"href":"https:\/\/www.opinionpublica.tv\/portada\/wp-json\/wp\/v2\/types\/post"}],"author":[{"embeddable":true,"href":"https:\/\/www.opinionpublica.tv\/portada\/wp-json\/wp\/v2\/users\/6"}],"replies":[{"embeddable":true,"href":"https:\/\/www.opinionpublica.tv\/portada\/wp-json\/wp\/v2\/comments?post=57982"}],"version-history":[{"count":5,"href":"https:\/\/www.opinionpublica.tv\/portada\/wp-json\/wp\/v2\/posts\/57982\/revisions"}],"predecessor-version":[{"id":57988,"href":"https:\/\/www.opinionpublica.tv\/portada\/wp-json\/wp\/v2\/posts\/57982\/revisions\/57988"}],"wp:featuredmedia":[{"embeddable":true,"href":"https:\/\/www.opinionpublica.tv\/portada\/wp-json\/wp\/v2\/media\/43694"}],"wp:attachment":[{"href":"https:\/\/www.opinionpublica.tv\/portada\/wp-json\/wp\/v2\/media?parent=57982"}],"wp:term":[{"taxonomy":"category","embeddable":true,"href":"https:\/\/www.opinionpublica.tv\/portada\/wp-json\/wp\/v2\/categories?post=57982"},{"taxonomy":"post_tag","embeddable":true,"href":"https:\/\/www.opinionpublica.tv\/portada\/wp-json\/wp\/v2\/tags?post=57982"}],"curies":[{"name":"wp","href":"https:\/\/api.w.org\/{rel}","templated":true}]}}