{"id":57970,"date":"2025-04-27T00:01:00","date_gmt":"2025-04-27T06:01:00","guid":{"rendered":"https:\/\/www.opinionpublica.tv\/portada\/?p=57970"},"modified":"2025-04-26T23:05:39","modified_gmt":"2025-04-27T05:05:39","slug":"alarma-retroceso-en-medios-publicos-por-posible-reforma-a-la-ley-de-telecomunicaciones","status":"publish","type":"post","link":"https:\/\/www.opinionpublica.tv\/portada\/alarma-retroceso-en-medios-publicos-por-posible-reforma-a-la-ley-de-telecomunicaciones\/","title":{"rendered":"Alarma retroceso en medios p\u00fablicos por posible reforma a la ley de telecomunicaciones"},"content":{"rendered":"\n<figure class=\"wp-block-image size-full\"><img fetchpriority=\"high\" decoding=\"async\" width=\"1100\" height=\"666\" src=\"https:\/\/www.opinionpublica.tv\/portada\/wp-content\/uploads\/2025\/04\/Alarma-retroceso-en-medios-publicos-por-posible-reforma-a-la-ley-de-telecomunicaciones.avif\" alt=\"Alarma retroceso en medios pu\u0301blicos por posible reforma a la ley de telecomunicaciones\" class=\"wp-image-57973\"\/><\/figure>\n\n\n\n<p class=\"wp-block-paragraph\">La reforma a la Ley General de Radiodifusi\u00f3n y Telecomunicaciones representa un retroceso en el contenido y gesti\u00f3n de los medios p\u00fablicos, de acuerdo con especialistas consultados por este diario, ya que se modifica el art\u00edculo d\u00e9cimo transitorio de esa ley, en el apartado que estipula que un medio p\u00fablico debe difundir informaci\u00f3n imparcial y objetiva, dar espacio a la expresi\u00f3n de la pluralidad de ideas y opiniones para fortalecer la vida democr\u00e1tica de la sociedad.<\/p>\n\n\n\n<p class=\"wp-block-paragraph\">El Senado de la Rep\u00fablica aplaz\u00f3 la aprobaci\u00f3n a la Ley de Telecomunicaciones con el objetivo de mejorar la redacci\u00f3n y consultar a expertos en el tema, y la discusi\u00f3n p\u00fablica se ha centrado en las repercusiones que la ley provocar\u00e1 a los medios digitales y las concesiones de medios privados. Sin embargo, medios p\u00fablicos como Canal 22, Canal Once y el IMER tambi\u00e9n se ver\u00e1n afectados.<\/p>\n\n\n\n<p class=\"wp-block-paragraph\">Jorge Bravo, presidente de la Asociaci\u00f3n Mexicana de Derecho a la Informaci\u00f3n, y Ernesto Villanueva, especialista en derechos a la informaci\u00f3n, coinciden en que la reforma de ley debilitar\u00e1 aun m\u00e1s a los medios p\u00fablicos, los cuales han enfrentado crisis presupuestales y de contenidos desde el sexenio de Andr\u00e9s Manuel L\u00f3pez Obrador.<\/p>\n\n\n\n<p class=\"wp-block-paragraph\">\u201cLo que vemos es que se va a modificar la reforma de Ley de Telecomunicaciones de 2014, en donde el art\u00edculo d\u00e9cimo transitorio, que es el que habla de los medios p\u00fablicos, mecanismos de participaci\u00f3n ciudadana, mecanismos de actualizaci\u00f3n tecnol\u00f3gica, y otros avances, van a desaparecer; en lugar de fortalecerlos, con esta ley los van a debilitar, el escenario es peor\u201d, se\u00f1ala Bravo.<\/p>\n\n\n\n<p class=\"wp-block-paragraph\">Villanueva observa que, con la reforma, los medios p\u00fablicos ya no tendr\u00e1n ninguna obligaci\u00f3n en espec\u00edfico (como lo estipula el art\u00edculo d\u00e9cimo transitorio). \u201cEn cuanto la iniciativa sea aprobada, los medios p\u00fablicos ya no tendr\u00e1n responsabilidades especificas o compromisos puntuales, en la medida que son medios sufragados por la sociedad, por eso deben tener mayores exigencias, en la nueva ley no se hace esa aclaraci\u00f3n\u201d, apunta.<\/p>\n\n\n\n<p class=\"wp-block-paragraph\">Otra posible afectaci\u00f3n de esta reforma son las radios comunitarias, cuyo sector denunci\u00f3 exclusi\u00f3n en los foros de discusi\u00f3n de esa Ley. De acuerdo con Melquiades Rosas, representante de este sector, la reforma de ley no mejora las condiciones del espectro destinado a la radiodifusi\u00f3n de \u00edndole social, es decir, la que las radios comunitarias pueden usar, y las deja con un 10% de todo el espectro.<\/p>\n\n\n\n<p class=\"wp-block-paragraph\">Agrega que el lunes emitir\u00e1n un comunicado con todas las afectaciones de la reforma.<\/p>\n\n\n\n<p class=\"wp-block-paragraph\">Sobre la censura en medios digitales, Jorge Bravo agrega que es un desprop\u00f3sito otorgarle tanto control a la Agencia de Transformaci\u00f3n Digital y de Telecomunicaciones, encabezada por Jos\u00e9 Merino. \u201cLa reforma de Ley es compleja, tiene muchas aristas, pero s\u00ed, s\u00ed es censura, s\u00ed es un control, es desproporcionado, no le corresponder\u00eda a la Agencia bloquear una plataforma de Internet, habr\u00e1 censura\u201d.<\/p>\n\n\n\n<p class=\"wp-block-paragraph\">Ernesto Villanueva se\u00f1ala que no hay par\u00e1metros para decidir quien encabeza esa Agencia, por lo que es peligroso darle la facultad de censurar canales o medios que vayan en contra de la ideolog\u00eda pol\u00edtica dominante. (El Universal)<\/p>\n","protected":false},"excerpt":{"rendered":"<p>La reforma a la Ley General de Radiodifusi\u00f3n y Telecomunicaciones representa un retroceso en el contenido y gesti\u00f3n de los medios p\u00fablicos, de acuerdo con especialistas consultados por este diario, ya que se modifica el art\u00edculo d\u00e9cimo transitorio de esa ley, en el apartado que estipula que un medio p\u00fablico debe difundir informaci\u00f3n imparcial y [&hellip;]<\/p>\n","protected":false},"author":6,"featured_media":57973,"comment_status":"closed","ping_status":"closed","sticky":false,"template":"","format":"standard","meta":{"_acf_changed":false,"_monsterinsights_skip_tracking":false,"slim_seo":{"title":"Alarma retroceso en medios p\u00fablicos por posible reforma a la ley de telecomunicaciones - Opini\u00f3n P\u00fablica","description":"La reforma a la Ley General de Radiodifusi\u00f3n y Telecomunicaciones representa un retroceso en el contenido y gesti\u00f3n de los medios p\u00fablicos, de acuerdo con espec"},"footnotes":""},"categories":[4],"tags":[],"class_list":["post-57970","post","type-post","status-publish","format-standard","has-post-thumbnail","hentry","category-pulsopolitico"],"acf":[],"_links":{"self":[{"href":"https:\/\/www.opinionpublica.tv\/portada\/wp-json\/wp\/v2\/posts\/57970","targetHints":{"allow":["GET"]}}],"collection":[{"href":"https:\/\/www.opinionpublica.tv\/portada\/wp-json\/wp\/v2\/posts"}],"about":[{"href":"https:\/\/www.opinionpublica.tv\/portada\/wp-json\/wp\/v2\/types\/post"}],"author":[{"embeddable":true,"href":"https:\/\/www.opinionpublica.tv\/portada\/wp-json\/wp\/v2\/users\/6"}],"replies":[{"embeddable":true,"href":"https:\/\/www.opinionpublica.tv\/portada\/wp-json\/wp\/v2\/comments?post=57970"}],"version-history":[{"count":2,"href":"https:\/\/www.opinionpublica.tv\/portada\/wp-json\/wp\/v2\/posts\/57970\/revisions"}],"predecessor-version":[{"id":57974,"href":"https:\/\/www.opinionpublica.tv\/portada\/wp-json\/wp\/v2\/posts\/57970\/revisions\/57974"}],"wp:featuredmedia":[{"embeddable":true,"href":"https:\/\/www.opinionpublica.tv\/portada\/wp-json\/wp\/v2\/media\/57973"}],"wp:attachment":[{"href":"https:\/\/www.opinionpublica.tv\/portada\/wp-json\/wp\/v2\/media?parent=57970"}],"wp:term":[{"taxonomy":"category","embeddable":true,"href":"https:\/\/www.opinionpublica.tv\/portada\/wp-json\/wp\/v2\/categories?post=57970"},{"taxonomy":"post_tag","embeddable":true,"href":"https:\/\/www.opinionpublica.tv\/portada\/wp-json\/wp\/v2\/tags?post=57970"}],"curies":[{"name":"wp","href":"https:\/\/api.w.org\/{rel}","templated":true}]}}