{"id":5782,"date":"2016-10-12T06:00:00","date_gmt":"2016-10-12T04:00:00","guid":{"rendered":"https:\/\/www.opinionpublica.tv\/portada\/2016\/10\/12\/serpiente-emplumada\/"},"modified":"2016-10-12T06:00:00","modified_gmt":"2016-10-12T04:00:00","slug":"serpiente-emplumada","status":"publish","type":"post","link":"https:\/\/www.opinionpublica.tv\/portada\/serpiente-emplumada\/","title":{"rendered":"&#8216;SERPIENTE EMPLUMADA&#8217;"},"content":{"rendered":"<p><img fetchpriority=\"high\" decoding=\"async\" class=\" size-full wp-image-5781\" src=\"https:\/\/www.opinionpublica.tv\/portada\/wp-content\/uploads\/2016\/10\/83274d52df243e3809825d8ba8bf8f65.jpg\" alt=\"\" width=\"366\" height=\"372\" srcset=\"https:\/\/www.opinionpublica.tv\/portada\/wp-content\/uploads\/2016\/10\/83274d52df243e3809825d8ba8bf8f65.jpg 366w, https:\/\/www.opinionpublica.tv\/portada\/wp-content\/uploads\/2016\/10\/83274d52df243e3809825d8ba8bf8f65-295x300.jpg 295w\" sizes=\"(max-width: 366px) 100vw, 366px\" \/><br \/>\n<!--more--><\/p>\n<p>El primer Dreamliner 787-9 Quetzalc\u00f3atl de Aerom\u00e9xico, despeg\u00f3 este mi\u00e9rcoles de la base de Boeing en Seattle, Washington para aterrizar a las 15:30 horas en el Aeropuerto Internacional de la Ciudad de M\u00e9xico (AICM).<\/p>\n<div class=\"SandboxRoot env-bp-350\" data-twitter-event-id=\"0\">\n<div id=\"twitter-widget-0\" class=\"EmbeddedTweet EmbeddedTweet--mediaForward media-forward js-clickToOpenTarget js-tweetIdInfo\" lang=\"es\" data-click-to-open-target=\"https:\/\/twitter.com\/Aeromexico\/status\/785492651386691584\" data-iframe-title=\"Tweet de Twitter\" data-dt-full=\"%{hours24}:%{minutes} - %{day} %{month} %{year}\" data-dt-months=\"ene|feb|mar|abr|Mayo|jun|jul|ago|sep|oct|nov|dic\" data-dt-am=\"AM\" data-dt-pm=\"PM\" data-dt-now=\"ahora\" data-dt-s=\"s\" data-dt-m=\"m\" data-dt-h=\"h\" data-dt-second=\"segundo\" data-dt-seconds=\"segundos\" data-dt-minute=\"minuto\" data-dt-minutes=\"minutos\" data-dt-hour=\"hora\" data-dt-hours=\"horas\" data-dt-abbr=\"%{number}%{symbol}\" data-dt-short=\"%{day} %{month}\" data-dt-long=\"%{day} %{month} %{year}\" data-scribe=\"page:tweet\" data-tweet-id=\"785492651386691584\" data-twitter-event-id=\"5\">\n<article class=\"MediaCard\n           MediaCard--mediaForward\n           \n           cards-multimedia\n           customisable-border\" dir=\"ltr\" data-scribe=\"component:card\"><\/p>\n<div class=\"MediaCard-media\">\n<div class=\"MediaCard-widthConstraint js-cspForcedStyle\" data-style=\"max-width: 2000px\">\n<div class=\"MediaCard-mediaContainer js-cspForcedStyle\" data-style=\"padding-bottom: 56.2500%\">\n<div class=\"NaturalImage-ctaOverlay PlayButton PlayButton--centered\" data-scribe=\"element:play_button\">\u00a0<\/div>\n<p><a class=\"MediaCard-mediaAsset MediaCard-mediaPlaceholder\n                    NaturalImage NaturalImage--fill\n                    \n                    js-playableMediaInterstitial\" href=\"https:\/\/twitter.com\/Aeromexico\/status\/785492651386691584\"><img decoding=\"async\" class=\"NaturalImage-image\" src=\"https:\/\/pbs.twimg.com\/media\/CuahTcaVIAARxzP.jpg\" alt=\"\" data-scribe=\"element:poster_image\" \/><\/a><\/div>\n<\/div>\n<\/div>\n<\/article>\n<div class=\"EmbeddedTweet-tweet\">\n<blockquote class=\"Tweet h-entry js-tweetIdInfo subject expanded \n<p>                    is-deciderHtmlWhitespace\" cite=\"https:\/\/twitter.com\/Aeromexico\/status\/785492651386691584\" data-tweet-id=\"785492651386691584\" data-scribe=\"section:subject\"><\/p>\n<div class=\"Tweet-header u-cf\">\n<div class=\"Tweet-brand u-floatRight\">\n<div class=\"Icon Icon--twitter \" title=\"\">\u00a0<\/div>\n<p><span class=\"u-hiddenInNarrowEnv\"><a class=\"FollowButton follow-button profile\" title=\"Seguir a Aerom\u00e9xico en Twitter\" href=\"https:\/\/twitter.com\/Aeromexico\" data-scribe=\"component:followbutton\">Seguir<\/a><\/span><\/div>\n<div class=\"TweetAuthor\" data-scribe=\"component:author\"><a class=\"TweetAuthor-link Identity u-linkBlend\" href=\"https:\/\/twitter.com\/Aeromexico\" data-scribe=\"element:user_link\"><span class=\"TweetAuthor-avatar Identity-avatar\"><img decoding=\"async\" class=\"Avatar\" src=\"https:\/\/pbs.twimg.com\/profile_images\/782268716562063360\/ceLfg3Wz_normal.jpg\" alt=\"\" data-scribe=\"element:avatar\" data-src-2x=\"https:\/\/pbs.twimg.com\/profile_images\/782268716562063360\/ceLfg3Wz_bigger.jpg\" data-src-1x=\"https:\/\/pbs.twimg.com\/profile_images\/782268716562063360\/ceLfg3Wz_normal.jpg\" \/><\/span><span class=\"TweetAuthor-name Identity-name customisable-highlight\" title=\"Aerom\u00e9xico\" data-scribe=\"element:name\">Aerom\u00e9xico<\/span> <\/a><\/p>\n<div class=\"Icon Icon--verified \" title=\"Cuenta verificada\">\u00a0<\/div>\n<p><a class=\"TweetAuthor-link Identity u-linkBlend\" href=\"https:\/\/twitter.com\/Aeromexico\" data-scribe=\"element:user_link\"><span class=\"TweetAuthor-verifiedBadge\" data-scribe=\"element:verified_badge\"><b class=\"u-hiddenVisually\">\u2714<\/b><\/span><span class=\"TweetAuthor-screenName Identity-screenName\" dir=\"ltr\" title=\"@Aeromexico\" data-scribe=\"element:screen_name\">@Aeromexico<\/span><\/a><\/div>\n<\/div>\n<div class=\"Tweet-body e-entry-content\" data-scribe=\"component:tweet\">\n<p class=\"Tweet-text e-entry-title\" dir=\"ltr\" lang=\"es\">Conoce a Quetzalc\u00f3atl, el nuevo embajador de Aerom\u00e9xico en el mundo <img decoding=\"async\" class=\"Emoji Emoji--forText\" title=\"Avi\u00f3n\" draggable=\"false\" src=\"https:\/\/abs.twimg.com\/emoji\/v2\/72x72\/2708.png\" alt=\"\u2708\ufe0f\" \/> <a class=\"PrettyLink hashtag customisable\" dir=\"ltr\" href=\"https:\/\/twitter.com\/hashtag\/EstrenandoAlas?src=hash\" rel=\"tag\" data-query-source=\"hashtag_click\" data-scribe=\"element:hashtag\"><span class=\"PrettyLink-prefix\">#<\/span><span class=\"PrettyLink-value\">EstrenandoAlas<\/span><\/a><\/p>\n<div class=\"Tweet-metadata dateline\"><a class=\"u-linkBlend u-url customisable-highlight long-permalink\" href=\"https:\/\/twitter.com\/Aeromexico\/status\/785492651386691584\" data-datetime=\"2016-10-10T14:50:16+0000\" data-scribe=\"element:full_timestamp\"><time class=\"dt-updated\" title=\"Publicado a las: 10 oct 2016, 14:50:16 (UTC)\" datetime=\"2016-10-10T14:50:16+0000\">08:50 &#8211; 10 oct 2016<\/time><\/a><\/div>\n<ul class=\"Tweet-actions\" data-scribe=\"component:actions\">\n<li class=\"Tweet-action\">\n<div class=\"Icon Icon--reply TweetAction-icon\" title=\"Responder\">\u00a0<\/div>\n<\/li>\n<li class=\"Tweet-action\">\n<div class=\"Icon Icon--retweet TweetAction-icon\" title=\"Retwittear\">\u00a0<\/div>\n<p><a class=\"TweetAction TweetAction--retweet web-intent\" href=\"https:\/\/twitter.com\/intent\/retweet?tweet_id=785492651386691584\" data-scribe=\"element:retweet\"><span class=\"TweetAction-stat\" data-scribe=\"element:retweet_count\">122<\/span><span class=\"u-hiddenVisually\">122 Retweets<\/span><\/a><\/li>\n<li class=\"Tweet-action\">\n<div class=\"Icon Icon--heart TweetAction-icon\" title=\"Me gusta\">\u00a0<\/div>\n<p><a class=\"TweetAction TweetAction--heart web-intent\" href=\"https:\/\/twitter.com\/intent\/like?tweet_id=785492651386691584\" data-scribe=\"element:heart\"><span class=\"TweetAction-stat\" data-scribe=\"element:heart_count\">259<\/span><span class=\"u-hiddenVisually\">259 me gusta<\/span><\/a><\/li>\n<\/ul>\n<\/div>\n<\/blockquote>\n<\/div>\n<\/div>\n<div class=\"resize-sensor\">\u00a0<\/div>\n<\/div>\n<p>La aerol\u00ednea inform\u00f3 que por primera vez en la historia de la aviaci\u00f3n mundial, un avi\u00f3n tiene un mural plasmado en su fuselaje, el cual, evoca a una de las deidades m\u00e1s simb\u00f3licas de la cultura prehisp\u00e1nica, figura realizada por Jos\u00e9 Manuel Escudero, dise\u00f1ador gr\u00e1fico originario de Veracruz.<\/p>\n<div class=\"SandboxRoot env-bp-350\" data-twitter-event-id=\"1\">\n<div id=\"twitter-widget-1\" class=\"EmbeddedTweet EmbeddedTweet--mediaForward media-forward js-clickToOpenTarget js-tweetIdInfo\" lang=\"es\" data-click-to-open-target=\"https:\/\/twitter.com\/Aeromexico\/status\/786034213946613760\" data-iframe-title=\"Tweet de Twitter\" data-dt-full=\"%{hours24}:%{minutes} - %{day} %{month} %{year}\" data-dt-months=\"ene|feb|mar|abr|Mayo|jun|jul|ago|sep|oct|nov|dic\" data-dt-am=\"AM\" data-dt-pm=\"PM\" data-dt-now=\"ahora\" data-dt-s=\"s\" data-dt-m=\"m\" data-dt-h=\"h\" data-dt-second=\"segundo\" data-dt-seconds=\"segundos\" data-dt-minute=\"minuto\" data-dt-minutes=\"minutos\" data-dt-hour=\"hora\" data-dt-hours=\"horas\" data-dt-abbr=\"%{number}%{symbol}\" data-dt-short=\"%{day} %{month}\" data-dt-long=\"%{day} %{month} %{year}\" data-scribe=\"page:tweet\" data-tweet-id=\"786034213946613760\" data-twitter-event-id=\"3\">\n<article class=\"MediaCard\n           MediaCard--mediaForward\n           \n           cards-multimedia\n           customisable-border\" dir=\"ltr\" data-scribe=\"component:card\"><\/p>\n<div class=\"MediaCard-media\">\n<div class=\"MediaCard-widthConstraint js-cspForcedStyle\" data-style=\"max-width: 800px\">\n<div class=\"MediaCard-mediaContainer js-cspForcedStyle\" data-style=\"padding-bottom: 100.0000%\">\n<div class=\"MediaCard-mediaAsset\">\n<div class=\"wvp-player-container\"><iframe data-mce-fragment=\"1\"><\/iframe><\/div>\n<\/div>\n<\/div>\n<\/div>\n<\/div>\n<\/article>\n<div class=\"EmbeddedTweet-tweet\">\n<blockquote class=\"Tweet h-entry js-tweetIdInfo subject expanded \n<p>                    is-deciderHtmlWhitespace\" cite=\"https:\/\/twitter.com\/Aeromexico\/status\/786034213946613760\" data-tweet-id=\"786034213946613760\" data-scribe=\"section:subject\"><\/p>\n<div class=\"Tweet-header u-cf\">\n<div class=\"Tweet-brand u-floatRight\">\n<div class=\"Icon Icon--twitter \" title=\"\">\u00a0<\/div>\n<p><span class=\"u-hiddenInNarrowEnv\"><a class=\"FollowButton follow-button profile\" title=\"Seguir a Aerom\u00e9xico en Twitter\" href=\"https:\/\/twitter.com\/Aeromexico\" data-scribe=\"component:followbutton\">Seguir<\/a><\/span><\/div>\n<div class=\"TweetAuthor\" data-scribe=\"component:author\"><a class=\"TweetAuthor-link Identity u-linkBlend\" href=\"https:\/\/twitter.com\/Aeromexico\" data-scribe=\"element:user_link\"><span class=\"TweetAuthor-avatar Identity-avatar\"><img decoding=\"async\" class=\"Avatar\" src=\"https:\/\/pbs.twimg.com\/profile_images\/782268716562063360\/ceLfg3Wz_normal.jpg\" alt=\"\" data-scribe=\"element:avatar\" data-src-2x=\"https:\/\/pbs.twimg.com\/profile_images\/782268716562063360\/ceLfg3Wz_bigger.jpg\" data-src-1x=\"https:\/\/pbs.twimg.com\/profile_images\/782268716562063360\/ceLfg3Wz_normal.jpg\" \/><\/span><span class=\"TweetAuthor-name Identity-name customisable-highlight\" title=\"Aerom\u00e9xico\" data-scribe=\"element:name\">Aerom\u00e9xico<\/span> <\/a><\/p>\n<div class=\"Icon Icon--verified \" title=\"Cuenta verificada\">\u00a0<\/div>\n<p><a class=\"TweetAuthor-link Identity u-linkBlend\" href=\"https:\/\/twitter.com\/Aeromexico\" data-scribe=\"element:user_link\"><span class=\"TweetAuthor-verifiedBadge\" data-scribe=\"element:verified_badge\"><b class=\"u-hiddenVisually\">\u2714<\/b><\/span><span class=\"TweetAuthor-screenName Identity-screenName\" dir=\"ltr\" title=\"@Aeromexico\" data-scribe=\"element:screen_name\">@Aeromexico<\/span><\/a><\/div>\n<\/div>\n<div class=\"Tweet-body e-entry-content\" data-scribe=\"component:tweet\">\n<p class=\"Tweet-text e-entry-title\" dir=\"ltr\" lang=\"es\">Quetzalco\u00e1tl est\u00e1 listo: <a class=\"link customisable\" dir=\"ltr\" title=\"http:\/\/viaja.am\/2d3hBSg\" href=\"https:\/\/t.co\/GFNy185XXt\" target=\"_blank\" rel=\"nofollow noopener\" data-expanded-url=\"http:\/\/viaja.am\/2d3hBSg\" data-scribe=\"element:url\"><span class=\"u-hiddenVisually\">http:\/\/<\/span>viaja.am\/2d3hBSg<span class=\"u-hiddenVisually\">\u00a0<\/span><\/a> <a class=\"PrettyLink hashtag customisable\" dir=\"ltr\" href=\"https:\/\/twitter.com\/hashtag\/EstrenandoAlas?src=hash\" rel=\"tag\" data-query-source=\"hashtag_click\" data-scribe=\"element:hashtag\"><span class=\"PrettyLink-prefix\">#<\/span><span class=\"PrettyLink-value\">EstrenandoAlas<\/span><\/a><a class=\"PrettyLink hashtag customisable\" dir=\"ltr\" href=\"https:\/\/twitter.com\/hashtag\/aeromexico?src=hash\" rel=\"tag\" data-query-source=\"hashtag_click\" data-scribe=\"element:hashtag\"><span class=\"PrettyLink-prefix\">#<\/span><span class=\"PrettyLink-value\">aeromexico<\/span><\/a> <a class=\"PrettyLink hashtag customisable\" dir=\"ltr\" href=\"https:\/\/twitter.com\/hashtag\/aviones?src=hash\" rel=\"tag\" data-query-source=\"hashtag_click\" data-scribe=\"element:hashtag\"><span class=\"PrettyLink-prefix\">#<\/span><span class=\"PrettyLink-value\">aviones<\/span><\/a> <a class=\"PrettyLink hashtag customisable\" dir=\"ltr\" href=\"https:\/\/twitter.com\/hashtag\/boeing?src=hash\" rel=\"tag\" data-query-source=\"hashtag_click\" data-scribe=\"element:hashtag\"><span class=\"PrettyLink-prefix\">#<\/span><span class=\"PrettyLink-value\">boeing<\/span><\/a><\/p>\n<div class=\"Tweet-metadata dateline\"><a class=\"u-linkBlend u-url customisable-highlight long-permalink\" href=\"https:\/\/twitter.com\/Aeromexico\/status\/786034213946613760\" data-datetime=\"2016-10-12T02:42:15+0000\" data-scribe=\"element:full_timestamp\"><time class=\"dt-updated\" title=\"Publicado a las: 12 oct 2016, 02:42:15 (UTC)\" datetime=\"2016-10-12T02:42:15+0000\">20:42 &#8211; 11 oct 2016<\/time><\/a><\/div>\n<ul class=\"Tweet-actions\" data-scribe=\"component:actions\">\n<li class=\"Tweet-action\">\n<div class=\"Icon Icon--reply TweetAction-icon\" title=\"Responder\">\u00a0<\/div>\n<\/li>\n<li class=\"Tweet-action\">\n<div class=\"Icon Icon--retweet TweetAction-icon\" title=\"Retwittear\">\u00a0<\/div>\n<p><a class=\"TweetAction TweetAction--retweet web-intent\" href=\"https:\/\/twitter.com\/intent\/retweet?tweet_id=786034213946613760\" data-scribe=\"element:retweet\"><span class=\"TweetAction-stat\" data-scribe=\"element:retweet_count\">32<\/span><span class=\"u-hiddenVisually\">32 Retweets<\/span><\/a><\/li>\n<li class=\"Tweet-action\">\n<div class=\"Icon Icon--heart TweetAction-icon\" title=\"Me gusta\">\u00a0<\/div>\n<p><a class=\"TweetAction TweetAction--heart web-intent\" href=\"https:\/\/twitter.com\/intent\/like?tweet_id=786034213946613760\" data-scribe=\"element:heart\"><span class=\"TweetAction-stat\" data-scribe=\"element:heart_count\">58<\/span><span class=\"u-hiddenVisually\">58 me gusta<\/span><\/a><\/li>\n<\/ul>\n<\/div>\n<\/blockquote>\n<\/div>\n<\/div>\n<div class=\"resize-sensor\">\u00a0<\/div>\n<\/div>\n<p>La propuesta result\u00f3 ganadora a trav\u00e9s de un concurso nacional lanzado a finales de 2014, que consist\u00eda en dise\u00f1ar la imagen m\u00e1s creativa para el fuselaje de dicho modelo y en donde se registraron m\u00e1s de 1,000 participantes durante cuatro semanas y se recibieron poco m\u00e1s de 600 propuestas, de las que se seleccionaron m\u00e1s de 400 que cumpl\u00edan los requisitos.<\/p>\n<div class=\"SandboxRoot env-bp-350\" data-twitter-event-id=\"2\">\n<div id=\"twitter-widget-2\" class=\"EmbeddedTweet EmbeddedTweet--mediaForward media-forward js-clickToOpenTarget js-tweetIdInfo\" lang=\"es\" data-click-to-open-target=\"https:\/\/twitter.com\/BoeingAirplanes\/status\/771781863056617472\" data-iframe-title=\"Tweet de Twitter\" data-dt-full=\"%{hours24}:%{minutes} - %{day} %{month} %{year}\" data-dt-months=\"ene|feb|mar|abr|Mayo|jun|jul|ago|sep|oct|nov|dic\" data-dt-am=\"AM\" data-dt-pm=\"PM\" data-dt-now=\"ahora\" data-dt-s=\"s\" data-dt-m=\"m\" data-dt-h=\"h\" data-dt-second=\"segundo\" data-dt-seconds=\"segundos\" data-dt-minute=\"minuto\" data-dt-minutes=\"minutos\" data-dt-hour=\"hora\" data-dt-hours=\"horas\" data-dt-abbr=\"%{number}%{symbol}\" data-dt-short=\"%{day} %{month}\" data-dt-long=\"%{day} %{month} %{year}\" data-scribe=\"page:tweet\" data-tweet-id=\"771781863056617472\" data-twitter-event-id=\"4\">\n<article class=\"MediaCard\n           MediaCard--mediaForward\n           \n           customisable-border\" dir=\"ltr\" data-scribe=\"component:card\"><\/p>\n<div class=\"MediaCard-mediaContainer js-cspForcedStyle\" data-style=\"padding-bottom: 50%\">\n<div class=\"MediaCard-mediaAsset\n                ImageGrid\n                ImageGrid--3\n                ImageGrid--roundedTop\n                \"><a class=\"ImageGrid-image\n                  ImageGrid-image-0\n                  CroppedImage\n                  \n                  CroppedImage--fillHeight\" href=\"https:\/\/twitter.com\/BoeingAirplanes\/status\/771781863056617472\/photo\/1\"><img decoding=\"async\" class=\"CroppedImage-image js-cspForcedStyle\" title=\"Ver imagen en Twitter\" src=\"https:\/\/pbs.twimg.com\/media\/CrXq3aQUEAA12mP.jpg:small\" alt=\"Ver imagen en Twitter\" width=\"1200\" height=\"900\" data-srcset=\"https%3A%2F%2Fpbs.twimg.com%2Fmedia%2FCrXq3aQUEAA12mP.jpg%3Alarge 2048w,https%3A%2F%2Fpbs.twimg.com%2Fmedia%2FCrXq3aQUEAA12mP.jpg 1200w,https%3A%2F%2Fpbs.twimg.com%2Fmedia%2FCrXq3aQUEAA12mP.jpg%3Asmall 680w\" data-style=\"left:-16%;\n                    ;\" \/><\/a><a class=\"ImageGrid-image\n                  ImageGrid-image-1\n                  CroppedImage\n                  CroppedImage--fillWidth\n                  \" href=\"https:\/\/twitter.com\/BoeingAirplanes\/status\/771781863056617472\/photo\/1\"><img decoding=\"async\" class=\"CroppedImage-image js-cspForcedStyle\" title=\"Ver imagen en Twitter\" src=\"https:\/\/pbs.twimg.com\/media\/CrXq7hIUkAAWUej.jpg:small\" alt=\"Ver imagen en Twitter\" width=\"1200\" height=\"900\" data-srcset=\"https%3A%2F%2Fpbs.twimg.com%2Fmedia%2FCrXq7hIUkAAWUej.jpg%3Alarge 2048w,https%3A%2F%2Fpbs.twimg.com%2Fmedia%2FCrXq7hIUkAAWUej.jpg 1200w,https%3A%2F%2Fpbs.twimg.com%2Fmedia%2FCrXq7hIUkAAWUej.jpg%3Asmall 680w\" data-style=\";\n                    top:-24%;\" \/><\/a><a class=\"ImageGrid-image\n                  ImageGrid-image-2\n                  CroppedImage\n                  CroppedImage--fillWidth\n                  \" href=\"https:\/\/twitter.com\/BoeingAirplanes\/status\/771781863056617472\/photo\/1\"><img loading=\"lazy\" decoding=\"async\" class=\"CroppedImage-image js-cspForcedStyle\" title=\"Ver imagen en Twitter\" src=\"https:\/\/pbs.twimg.com\/media\/CrXq-nzVIAA2GG_.jpg:small\" alt=\"Ver imagen en Twitter\" width=\"1200\" height=\"900\" data-srcset=\"https%3A%2F%2Fpbs.twimg.com%2Fmedia%2FCrXq-nzVIAA2GG_.jpg%3Alarge 2048w,https%3A%2F%2Fpbs.twimg.com%2Fmedia%2FCrXq-nzVIAA2GG_.jpg 1200w,https%3A%2F%2Fpbs.twimg.com%2Fmedia%2FCrXq-nzVIAA2GG_.jpg%3Asmall 680w\" data-style=\";\n                    top:-24%;\" \/><\/a><\/div>\n<\/div>\n<\/article>\n<div class=\"EmbeddedTweet-tweet\">\n<blockquote class=\"Tweet h-entry js-tweetIdInfo subject expanded \n<p>                    is-deciderHtmlWhitespace\" cite=\"https:\/\/twitter.com\/BoeingAirplanes\/status\/771781863056617472\" data-tweet-id=\"771781863056617472\" data-scribe=\"section:subject\"><\/p>\n<div class=\"Tweet-header u-cf\">\n<div class=\"Tweet-brand u-floatRight\">\n<div class=\"Icon Icon--twitter \" title=\"\">\u00a0<\/div>\n<p><span class=\"u-hiddenInNarrowEnv\"><a class=\"FollowButton follow-button profile\" title=\"Seguir a Boeing Airplanes en Twitter\" href=\"https:\/\/twitter.com\/BoeingAirplanes\" data-scribe=\"component:followbutton\">Seguir<\/a><\/span><\/div>\n<div class=\"TweetAuthor\" data-scribe=\"component:author\"><a class=\"TweetAuthor-link Identity u-linkBlend\" href=\"https:\/\/twitter.com\/BoeingAirplanes\" data-scribe=\"element:user_link\"><span class=\"TweetAuthor-avatar Identity-avatar\"><img decoding=\"async\" class=\"Avatar\" src=\"https:\/\/pbs.twimg.com\/profile_images\/512272574068162561\/4mk91UzF_normal.jpeg\" alt=\"\" data-scribe=\"element:avatar\" data-src-2x=\"https:\/\/pbs.twimg.com\/profile_images\/512272574068162561\/4mk91UzF_bigger.jpeg\" data-src-1x=\"https:\/\/pbs.twimg.com\/profile_images\/512272574068162561\/4mk91UzF_normal.jpeg\" \/><\/span><span class=\"TweetAuthor-name Identity-name customisable-highlight\" title=\"Boeing Airplanes\" data-scribe=\"element:name\">Boeing Airplanes<\/span> <\/a><\/p>\n<div class=\"Icon Icon--verified \" title=\"Cuenta verificada\">\u00a0<\/div>\n<p><a class=\"TweetAuthor-link Identity u-linkBlend\" href=\"https:\/\/twitter.com\/BoeingAirplanes\" data-scribe=\"element:user_link\"><span class=\"TweetAuthor-verifiedBadge\" data-scribe=\"element:verified_badge\"><b class=\"u-hiddenVisually\">\u2714<\/b><\/span><span class=\"TweetAuthor-screenName Identity-screenName\" dir=\"ltr\" title=\"@BoeingAirplanes\" data-scribe=\"element:screen_name\">@BoeingAirplanes<\/span><\/a><\/div>\n<\/div>\n<div class=\"Tweet-body e-entry-content\" data-scribe=\"component:tweet\">\n<p class=\"Tweet-text e-entry-title\" dir=\"ltr\" lang=\"en\">.<a class=\"PrettyLink profile customisable h-card\" dir=\"ltr\" href=\"https:\/\/twitter.com\/Aeromexico\" data-mentioned-user-id=\"50505691\" data-scribe=\"element:mention\"><span class=\"PrettyLink-prefix\">@<\/span><span class=\"PrettyLink-value\">Aeromexico<\/span><\/a> just revealed their <a class=\"PrettyLink hashtag customisable\" dir=\"ltr\" href=\"https:\/\/twitter.com\/hashtag\/Quetzalc%C3%B3atl?src=hash\" rel=\"tag\" data-query-source=\"hashtag_click\" data-scribe=\"element:hashtag\"><span class=\"PrettyLink-prefix\">#<\/span><span class=\"PrettyLink-value\">Quetzalc\u00f3atl<\/span><\/a> <a class=\"PrettyLink hashtag customisable\" dir=\"ltr\" href=\"https:\/\/twitter.com\/hashtag\/Dreamliner?src=hash\" rel=\"tag\" data-query-source=\"hashtag_click\" data-scribe=\"element:hashtag\"><span class=\"PrettyLink-prefix\">#<\/span><span class=\"PrettyLink-value\">Dreamliner<\/span><\/a>787-9 and it&#8217;s ready to travel the world!<\/p>\n<div class=\"Tweet-metadata dateline\"><a class=\"u-linkBlend u-url customisable-highlight long-permalink\" href=\"https:\/\/twitter.com\/BoeingAirplanes\/status\/771781863056617472\" data-datetime=\"2016-09-02T18:48:29+0000\" data-scribe=\"element:full_timestamp\"><time class=\"dt-updated\" title=\"Publicado a las: 02 sep 2016, 18:48:29 (UTC)\" datetime=\"2016-09-02T18:48:29+0000\">12:48 &#8211; 2 sep 2016<\/time><\/a><\/div>\n<ul class=\"Tweet-actions\" data-scribe=\"component:actions\">\n<li class=\"Tweet-action\">\n<div class=\"Icon Icon--reply TweetAction-icon\" title=\"Responder\">\u00a0<\/div>\n<\/li>\n<li class=\"Tweet-action\">\n<div class=\"Icon Icon--retweet TweetAction-icon\" title=\"Retwittear\">\u00a0<\/div>\n<p><a class=\"TweetAction TweetAction--retweet web-intent\" href=\"https:\/\/twitter.com\/intent\/retweet?tweet_id=771781863056617472\" data-scribe=\"element:retweet\"><span class=\"TweetAction-stat\" data-scribe=\"element:retweet_count\">526<\/span><span class=\"u-hiddenVisually\">526 Retweets<\/span><\/a><\/li>\n<li class=\"Tweet-action\">\n<div class=\"Icon Icon--heart TweetAction-icon\" title=\"Me gusta\">\u00a0<\/div>\n<p><a class=\"TweetAction TweetAction--heart web-intent\" href=\"https:\/\/twitter.com\/intent\/like?tweet_id=771781863056617472\" data-scribe=\"element:heart\"><span class=\"TweetAction-stat\" data-scribe=\"element:heart_count\">823<\/span><span class=\"u-hiddenVisually\">823 me gusta<\/span><\/a><\/li>\n<\/ul>\n<\/div>\n<\/blockquote>\n<\/div>\n<\/div>\n<div class=\"resize-sensor\">\u00a0<\/div>\n<\/div>\n<p>El Dreamliner es un avi\u00f3n comercial fabricado al 50% con materiales compuestos (pl\u00e1sticos reforzados con fibra de carbono), m\u00e1s resistentes y ligeros que el aluminio.<\/p>\n<p>Adem\u00e1s cuenta con nuevos motores, aerodin\u00e1mica moderna y sistemas avanzados que hacen que consuma 20% menos de combustible, lo que genera menos emisiones de carbono que un equipo de tama\u00f1o similar.<\/p>\n<p>\u00a0<\/p>\n","protected":false},"excerpt":{"rendered":"","protected":false},"author":1,"featured_media":5781,"comment_status":"open","ping_status":"open","sticky":false,"template":"","format":"standard","meta":{"_acf_changed":false,"_monsterinsights_skip_tracking":false,"slim_seo":{"title":"'SERPIENTE EMPLUMADA' - Opini\u00f3n P\u00fablica","description":"El primer Dreamliner 787-9 Quetzalc\u00f3atl de Aerom\u00e9xico, despeg\u00f3 este mi\u00e9rcoles de la base de Boeing en Seattle, Washington para aterrizar a las 15:30 horas en el"},"footnotes":""},"categories":[15],"tags":[],"class_list":["post-5782","post","type-post","status-publish","format-standard","has-post-thumbnail","hentry","category-galerias"],"acf":[],"_links":{"self":[{"href":"https:\/\/www.opinionpublica.tv\/portada\/wp-json\/wp\/v2\/posts\/5782","targetHints":{"allow":["GET"]}}],"collection":[{"href":"https:\/\/www.opinionpublica.tv\/portada\/wp-json\/wp\/v2\/posts"}],"about":[{"href":"https:\/\/www.opinionpublica.tv\/portada\/wp-json\/wp\/v2\/types\/post"}],"author":[{"embeddable":true,"href":"https:\/\/www.opinionpublica.tv\/portada\/wp-json\/wp\/v2\/users\/1"}],"replies":[{"embeddable":true,"href":"https:\/\/www.opinionpublica.tv\/portada\/wp-json\/wp\/v2\/comments?post=5782"}],"version-history":[{"count":0,"href":"https:\/\/www.opinionpublica.tv\/portada\/wp-json\/wp\/v2\/posts\/5782\/revisions"}],"wp:featuredmedia":[{"embeddable":true,"href":"https:\/\/www.opinionpublica.tv\/portada\/wp-json\/wp\/v2\/media\/5781"}],"wp:attachment":[{"href":"https:\/\/www.opinionpublica.tv\/portada\/wp-json\/wp\/v2\/media?parent=5782"}],"wp:term":[{"taxonomy":"category","embeddable":true,"href":"https:\/\/www.opinionpublica.tv\/portada\/wp-json\/wp\/v2\/categories?post=5782"},{"taxonomy":"post_tag","embeddable":true,"href":"https:\/\/www.opinionpublica.tv\/portada\/wp-json\/wp\/v2\/tags?post=5782"}],"curies":[{"name":"wp","href":"https:\/\/api.w.org\/{rel}","templated":true}]}}