{"id":57792,"date":"2025-04-24T00:01:00","date_gmt":"2025-04-24T06:01:00","guid":{"rendered":"https:\/\/www.opinionpublica.tv\/portada\/?p=57792"},"modified":"2025-04-23T20:16:22","modified_gmt":"2025-04-24T02:16:22","slug":"encabeza-alcalde-perez-cuellar-entrega-de-becas-de-equidad-social-en-juarez","status":"publish","type":"post","link":"https:\/\/www.opinionpublica.tv\/portada\/encabeza-alcalde-perez-cuellar-entrega-de-becas-de-equidad-social-en-juarez\/","title":{"rendered":"Encabeza alcalde Cruz P\u00e9rez Cu\u00e9llar entrega de Becas de Equidad Social en Ju\u00e1rez"},"content":{"rendered":"\n<figure class=\"wp-block-image size-large\"><img fetchpriority=\"high\" decoding=\"async\" width=\"1024\" height=\"682\" src=\"https:\/\/www.opinionpublica.tv\/portada\/wp-content\/uploads\/2025\/04\/Encabeza-alcalde-Cruz-Perez-Cuellar-entrega-de-Becas-de-Equidad-Social-en-Juarez-1024x682.jpeg\" alt=\"Encabeza alcalde cruz pe\u0301rez cue\u0301llar entrega de becas de equidad social en jua\u0301rez\" class=\"wp-image-57795\" srcset=\"https:\/\/www.opinionpublica.tv\/portada\/wp-content\/uploads\/2025\/04\/Encabeza-alcalde-Cruz-Perez-Cuellar-entrega-de-Becas-de-Equidad-Social-en-Juarez-1024x682.jpeg 1024w, https:\/\/www.opinionpublica.tv\/portada\/wp-content\/uploads\/2025\/04\/Encabeza-alcalde-Cruz-Perez-Cuellar-entrega-de-Becas-de-Equidad-Social-en-Juarez-300x200.jpeg 300w, https:\/\/www.opinionpublica.tv\/portada\/wp-content\/uploads\/2025\/04\/Encabeza-alcalde-Cruz-Perez-Cuellar-entrega-de-Becas-de-Equidad-Social-en-Juarez-768x512.jpeg 768w, https:\/\/www.opinionpublica.tv\/portada\/wp-content\/uploads\/2025\/04\/Encabeza-alcalde-Cruz-Perez-Cuellar-entrega-de-Becas-de-Equidad-Social-en-Juarez-1536x1023.jpeg 1536w, https:\/\/www.opinionpublica.tv\/portada\/wp-content\/uploads\/2025\/04\/Encabeza-alcalde-Cruz-Perez-Cuellar-entrega-de-Becas-de-Equidad-Social-en-Juarez.jpeg 1600w\" sizes=\"(max-width: 1024px) 100vw, 1024px\" \/><\/figure>\n\n\n\n<p class=\"wp-block-paragraph\"><em>Ciudad Ju\u00e1rez, Chih<\/em>.- El presidente municipal, Cruz P\u00e9rez Cu\u00e9llar, encabez\u00f3 la primera entrega de Becas de Equidad Social a estudiantes de preescolar y primaria de escuelas p\u00fablicas y alumnos de Barreras de Aprendizaje.<\/p>\n\n\n\n<p class=\"wp-block-paragraph\">El alcalde mencion\u00f3 que en esta ocasi\u00f3n se entregan 9 mil 880 becas, con una inversi\u00f3n global de 14 millones 820 mil pesos.<\/p>\n\n\n\n<p class=\"wp-block-paragraph\">Adem\u00e1s del apoyo econ\u00f3mico, el Gobierno Municipal ha rehabilitado 507 escuelas p\u00fablicas, ha instalado 127 domos y ha entregado miles de \u00fatiles escolares y mochilas, lo que convierte a Ciudad Ju\u00e1rez en el municipio que m\u00e1s invierte en la educaci\u00f3n en todo el pa\u00eds.<\/p>\n\n\n\n<p class=\"wp-block-paragraph\">El director de Educaci\u00f3n, Guillermo Enrique Alv\u00eddrez Olivas, anunci\u00f3 que en agosto del presente a\u00f1o se entregar\u00e1n 130 mil paquetes escolares, adem\u00e1s se llevar\u00e1 a cabo la segunda entrega de becas para que el apoyo a la econom\u00eda de las familias sea mayor.<\/p>\n\n\n\n<p class=\"wp-block-paragraph\">P\u00e9rez Cu\u00e9llar mencion\u00f3 que quienes realizan el mayor esfuerzo para sacar a los hijos adelante son los padres de familia, sin embargo el Gobierno Municipal colabora con su granito de arena para aliviar un poco la carga de los progenitores y para que los alumnos tengan espacios m\u00e1s dignos.<\/p>\n\n\n\n<p class=\"wp-block-paragraph\">Diego, estudiante de la primaria L\u00e1zaro C\u00e1rdenas, agradeci\u00f3 al presidente por la beca y expres\u00f3 que esos apoyos los motiva a seguirse superando. Tambi\u00e9n agradeci\u00f3 a padres y maestros por su amor y motivaci\u00f3n para seguir aprendiendo.<\/p>\n\n\n\n<p class=\"wp-block-paragraph\">Paula Garc\u00eda, madre de \u00c1mbar Michel, destac\u00f3 el apoyo econ\u00f3mico que se otorga a trav\u00e9s de la beca Barreras de Aprendizaje, ya que es una oportunidad invaluable que motiva a los hijos a cumplir su meta.<\/p>\n\n\n\n<p class=\"wp-block-paragraph\">Adem\u00e1s agradeci\u00f3 el compromiso del presidente municipal con la educaci\u00f3n de Ju\u00e1rez.<\/p>\n","protected":false},"excerpt":{"rendered":"<p>Ciudad Ju\u00e1rez, Chih.- El presidente municipal, Cruz P\u00e9rez Cu\u00e9llar, encabez\u00f3 la primera entrega de Becas de Equidad Social a estudiantes de preescolar y primaria de escuelas p\u00fablicas y alumnos de Barreras de Aprendizaje. El alcalde mencion\u00f3 que en esta ocasi\u00f3n se entregan 9 mil 880 becas, con una inversi\u00f3n global de 14 millones 820 mil [&hellip;]<\/p>\n","protected":false},"author":6,"featured_media":57795,"comment_status":"closed","ping_status":"closed","sticky":false,"template":"","format":"standard","meta":{"_acf_changed":false,"_monsterinsights_skip_tracking":false,"slim_seo":{"title":"Encabeza alcalde Cruz P\u00e9rez Cu\u00e9llar entrega de Becas de Equidad Social en Ju\u00e1rez - Opini\u00f3n P\u00fablica","description":"Ciudad Ju\u00e1rez, Chih .- El presidente municipal, Cruz P\u00e9rez Cu\u00e9llar, encabez\u00f3 la primera entrega de Becas de Equidad Social a estudiantes de preescolar y primari"},"footnotes":""},"categories":[41],"tags":[],"class_list":["post-57792","post","type-post","status-publish","format-standard","has-post-thumbnail","hentry","category-juarez"],"acf":[],"_links":{"self":[{"href":"https:\/\/www.opinionpublica.tv\/portada\/wp-json\/wp\/v2\/posts\/57792","targetHints":{"allow":["GET"]}}],"collection":[{"href":"https:\/\/www.opinionpublica.tv\/portada\/wp-json\/wp\/v2\/posts"}],"about":[{"href":"https:\/\/www.opinionpublica.tv\/portada\/wp-json\/wp\/v2\/types\/post"}],"author":[{"embeddable":true,"href":"https:\/\/www.opinionpublica.tv\/portada\/wp-json\/wp\/v2\/users\/6"}],"replies":[{"embeddable":true,"href":"https:\/\/www.opinionpublica.tv\/portada\/wp-json\/wp\/v2\/comments?post=57792"}],"version-history":[{"count":2,"href":"https:\/\/www.opinionpublica.tv\/portada\/wp-json\/wp\/v2\/posts\/57792\/revisions"}],"predecessor-version":[{"id":57796,"href":"https:\/\/www.opinionpublica.tv\/portada\/wp-json\/wp\/v2\/posts\/57792\/revisions\/57796"}],"wp:featuredmedia":[{"embeddable":true,"href":"https:\/\/www.opinionpublica.tv\/portada\/wp-json\/wp\/v2\/media\/57795"}],"wp:attachment":[{"href":"https:\/\/www.opinionpublica.tv\/portada\/wp-json\/wp\/v2\/media?parent=57792"}],"wp:term":[{"taxonomy":"category","embeddable":true,"href":"https:\/\/www.opinionpublica.tv\/portada\/wp-json\/wp\/v2\/categories?post=57792"},{"taxonomy":"post_tag","embeddable":true,"href":"https:\/\/www.opinionpublica.tv\/portada\/wp-json\/wp\/v2\/tags?post=57792"}],"curies":[{"name":"wp","href":"https:\/\/api.w.org\/{rel}","templated":true}]}}