{"id":57784,"date":"2025-04-24T00:01:00","date_gmt":"2025-04-24T06:01:00","guid":{"rendered":"https:\/\/www.opinionpublica.tv\/portada\/?p=57784"},"modified":"2025-04-23T20:11:20","modified_gmt":"2025-04-24T02:11:20","slug":"se-han-registra-al-menos-289-incendios-forestales-en-lo-que-va-de-2025-en-chihuahua","status":"publish","type":"post","link":"https:\/\/www.opinionpublica.tv\/portada\/se-han-registra-al-menos-289-incendios-forestales-en-lo-que-va-de-2025-en-chihuahua\/","title":{"rendered":"Se han registrado al menos 289 incendios forestales en Chihuahua durante el 2025"},"content":{"rendered":"\n<figure class=\"wp-block-image size-large\"><img fetchpriority=\"high\" decoding=\"async\" width=\"1024\" height=\"682\" src=\"https:\/\/www.opinionpublica.tv\/portada\/wp-content\/uploads\/2025\/04\/Se-han-registrado-al-menos-289-incendios-forestales-en-Chihuahua-durante-2025-1024x682.jpeg\" alt=\"Se han registrado al menos 289 incendios forestales en chihuahua durante 2025\" class=\"wp-image-57789\" srcset=\"https:\/\/www.opinionpublica.tv\/portada\/wp-content\/uploads\/2025\/04\/Se-han-registrado-al-menos-289-incendios-forestales-en-Chihuahua-durante-2025-1024x682.jpeg 1024w, https:\/\/www.opinionpublica.tv\/portada\/wp-content\/uploads\/2025\/04\/Se-han-registrado-al-menos-289-incendios-forestales-en-Chihuahua-durante-2025-300x200.jpeg 300w, https:\/\/www.opinionpublica.tv\/portada\/wp-content\/uploads\/2025\/04\/Se-han-registrado-al-menos-289-incendios-forestales-en-Chihuahua-durante-2025-768x512.jpeg 768w, https:\/\/www.opinionpublica.tv\/portada\/wp-content\/uploads\/2025\/04\/Se-han-registrado-al-menos-289-incendios-forestales-en-Chihuahua-durante-2025-1536x1023.jpeg 1536w, https:\/\/www.opinionpublica.tv\/portada\/wp-content\/uploads\/2025\/04\/Se-han-registrado-al-menos-289-incendios-forestales-en-Chihuahua-durante-2025.jpeg 1600w\" sizes=\"(max-width: 1024px) 100vw, 1024px\" \/><\/figure>\n\n\n\n<p class=\"wp-block-paragraph\"><em>Chihuahua, Chih<\/em>.- La Secretar\u00eda de Desarrollo Rural (SDR), inform\u00f3 que en lo que va del presente a\u00f1o se han registrado 289 incendios forestales en la entidad, los cuales han afectado preliminarmente una superficie de 43 mil 206.76 hect\u00e1reas.<\/p>\n\n\n\n<p class=\"wp-block-paragraph\">Este lunes 21 de abril, la Comisi\u00f3n Nacional Forestal (conafor) report\u00f3 11 siniestros activos, localizados en los municipios de Guachochi, Guerrero, Bocoyna, Balleza, Guadalupe y Calvo, y Madera.<\/p>\n\n\n\n<p class=\"wp-block-paragraph\">Para el combate de estos incendios, se han desplegado 221 combatientes pertenecientes a diversas brigadas conjuntas del Gobierno del Estado, la Conafor, as\u00ed como voluntarios de las comunidades afectadas, quienes trabajan de manera coordinada para controlar los incendios y prevenir mayores da\u00f1os.<\/p>\n\n\n\n<p class=\"wp-block-paragraph\">La SDR exhorta a la ciudadan\u00eda a reportar de inmediato cualquier incendio forestal a los n\u00fameros de emergencia (800) 737-00-00 o 911.<\/p>\n","protected":false},"excerpt":{"rendered":"<p>Chihuahua, Chih.- La Secretar\u00eda de Desarrollo Rural (SDR), inform\u00f3 que en lo que va del presente a\u00f1o se han registrado 289 incendios forestales en la entidad, los cuales han afectado preliminarmente una superficie de 43 mil 206.76 hect\u00e1reas. Este lunes 21 de abril, la Comisi\u00f3n Nacional Forestal (conafor) report\u00f3 11 siniestros activos, localizados en los [&hellip;]<\/p>\n","protected":false},"author":6,"featured_media":57789,"comment_status":"closed","ping_status":"closed","sticky":false,"template":"","format":"standard","meta":{"_acf_changed":false,"_monsterinsights_skip_tracking":false,"slim_seo":{"title":"Se han registrado al menos 289 incendios forestales en Chihuahua durante el 2025 - Opini\u00f3n P\u00fablica","description":"Chihuahua, Chih .- La Secretar\u00eda de Desarrollo Rural (SDR), inform\u00f3 que en lo que va del presente a\u00f1o se han registrado 289 incendios forestales en la entidad,"},"footnotes":""},"categories":[11],"tags":[],"class_list":["post-57784","post","type-post","status-publish","format-standard","has-post-thumbnail","hentry","category-tendencias"],"acf":[],"_links":{"self":[{"href":"https:\/\/www.opinionpublica.tv\/portada\/wp-json\/wp\/v2\/posts\/57784","targetHints":{"allow":["GET"]}}],"collection":[{"href":"https:\/\/www.opinionpublica.tv\/portada\/wp-json\/wp\/v2\/posts"}],"about":[{"href":"https:\/\/www.opinionpublica.tv\/portada\/wp-json\/wp\/v2\/types\/post"}],"author":[{"embeddable":true,"href":"https:\/\/www.opinionpublica.tv\/portada\/wp-json\/wp\/v2\/users\/6"}],"replies":[{"embeddable":true,"href":"https:\/\/www.opinionpublica.tv\/portada\/wp-json\/wp\/v2\/comments?post=57784"}],"version-history":[{"count":5,"href":"https:\/\/www.opinionpublica.tv\/portada\/wp-json\/wp\/v2\/posts\/57784\/revisions"}],"predecessor-version":[{"id":57791,"href":"https:\/\/www.opinionpublica.tv\/portada\/wp-json\/wp\/v2\/posts\/57784\/revisions\/57791"}],"wp:featuredmedia":[{"embeddable":true,"href":"https:\/\/www.opinionpublica.tv\/portada\/wp-json\/wp\/v2\/media\/57789"}],"wp:attachment":[{"href":"https:\/\/www.opinionpublica.tv\/portada\/wp-json\/wp\/v2\/media?parent=57784"}],"wp:term":[{"taxonomy":"category","embeddable":true,"href":"https:\/\/www.opinionpublica.tv\/portada\/wp-json\/wp\/v2\/categories?post=57784"},{"taxonomy":"post_tag","embeddable":true,"href":"https:\/\/www.opinionpublica.tv\/portada\/wp-json\/wp\/v2\/tags?post=57784"}],"curies":[{"name":"wp","href":"https:\/\/api.w.org\/{rel}","templated":true}]}}