{"id":57765,"date":"2025-04-24T00:01:00","date_gmt":"2025-04-24T06:01:00","guid":{"rendered":"https:\/\/www.opinionpublica.tv\/portada\/?p=57765"},"modified":"2025-04-23T19:56:39","modified_gmt":"2025-04-24T01:56:39","slug":"tepjf-remite-queja-contra-andrea-chavez-por-campana-anticipada-en-chihuahua-acusan-uso-indebido-de-recursos-publicos","status":"publish","type":"post","link":"https:\/\/www.opinionpublica.tv\/portada\/tepjf-remite-queja-contra-andrea-chavez-por-campana-anticipada-en-chihuahua-acusan-uso-indebido-de-recursos-publicos\/","title":{"rendered":"TEPJF remite queja vs Andrea Ch\u00e1vez por campa\u00f1a anticipada en Chihuahua por uso indebido de recursos p\u00fablicos"},"content":{"rendered":"\n<figure class=\"wp-block-image size-full\"><img fetchpriority=\"high\" decoding=\"async\" width=\"1100\" height=\"666\" src=\"https:\/\/www.opinionpublica.tv\/portada\/wp-content\/uploads\/2025\/04\/TEPJF-remite-queja-vs-Andrea-Chavez-por-campana-anticipada-en-Chihuahua-por-uso-indebido-de-recursos-publicos.avif\" alt=\"Tepjf remite queja vs andrea cha\u0301vez por campan\u0303a anticipada en chihuahua por uso indebido de recursos pu\u0301blicos\" class=\"wp-image-57768\"\/><\/figure>\n\n\n\n<p class=\"wp-block-paragraph\"><em>Ciudad de M\u00e9xico<\/em>.- La Sala Superior del Tribunal Electoral remiti\u00f3 al Organismo P\u00fablico Local Electoral del Estado de Chihuahua la queja presentada contra la senadora de Morena, Andrea Ch\u00e1vez por presuntos actos anticipados de campa\u00f1a por sus caravanas de la salud que han circulado en dicho estado.<\/p>\n\n\n\n<p class=\"wp-block-paragraph\">Por unanimidad, el Tribunal confirm\u00f3 la resoluci\u00f3n de la Unidad T\u00e9cnica de lo Contencioso Electoral del INE, que determin\u00f3 que no es la autoridad competente para atender la queja.<\/p>\n\n\n\n<p class=\"wp-block-paragraph\">La queja contra la senadora fue presentada por presunta comisi\u00f3n de actos anticipados de campa\u00f1a, promoci\u00f3n personalizada, uso indebido de recursos p\u00fablicos, as\u00ed como propaganda gubernamental derivado de la realizaci\u00f3n de caravanas y brigadas de salud en Chihuahua.<\/p>\n\n\n\n<p class=\"wp-block-paragraph\">El TEPJF expone que por la naturaleza del cargo de la persona denunciada no es un elemento que define la competencia de la autoridad administrativa electoral, sino que se deben analizar los elementos correspondientes a la materia de la denuncia, as\u00ed como al territorio donde tienen efectos la conducta denunciada.<\/p>\n\n\n\n<p class=\"wp-block-paragraph\"><em>Con informaci\u00f3n de El Universal<\/em>.<\/p>\n","protected":false},"excerpt":{"rendered":"<p>Ciudad de M\u00e9xico.- La Sala Superior del Tribunal Electoral remiti\u00f3 al Organismo P\u00fablico Local Electoral del Estado de Chihuahua la queja presentada contra la senadora de Morena, Andrea Ch\u00e1vez por presuntos actos anticipados de campa\u00f1a por sus caravanas de la salud que han circulado en dicho estado. Por unanimidad, el Tribunal confirm\u00f3 la resoluci\u00f3n de [&hellip;]<\/p>\n","protected":false},"author":6,"featured_media":57768,"comment_status":"closed","ping_status":"closed","sticky":false,"template":"","format":"standard","meta":{"_acf_changed":false,"_monsterinsights_skip_tracking":false,"slim_seo":{"title":"TEPJF remite queja vs Andrea Ch\u00e1vez por campa\u00f1a anticipada en Chihuahua por uso indebido de recursos p\u00fablicos - Opini\u00f3n P\u00fablica","description":"Ciudad de M\u00e9xico .- La Sala Superior del Tribunal Electoral remiti\u00f3 al Organismo P\u00fablico Local Electoral del Estado de Chihuahua la queja presentada contra la s"},"footnotes":""},"categories":[3],"tags":[],"class_list":["post-57765","post","type-post","status-publish","format-standard","has-post-thumbnail","hentry","category-principal"],"acf":[],"_links":{"self":[{"href":"https:\/\/www.opinionpublica.tv\/portada\/wp-json\/wp\/v2\/posts\/57765","targetHints":{"allow":["GET"]}}],"collection":[{"href":"https:\/\/www.opinionpublica.tv\/portada\/wp-json\/wp\/v2\/posts"}],"about":[{"href":"https:\/\/www.opinionpublica.tv\/portada\/wp-json\/wp\/v2\/types\/post"}],"author":[{"embeddable":true,"href":"https:\/\/www.opinionpublica.tv\/portada\/wp-json\/wp\/v2\/users\/6"}],"replies":[{"embeddable":true,"href":"https:\/\/www.opinionpublica.tv\/portada\/wp-json\/wp\/v2\/comments?post=57765"}],"version-history":[{"count":3,"href":"https:\/\/www.opinionpublica.tv\/portada\/wp-json\/wp\/v2\/posts\/57765\/revisions"}],"predecessor-version":[{"id":57770,"href":"https:\/\/www.opinionpublica.tv\/portada\/wp-json\/wp\/v2\/posts\/57765\/revisions\/57770"}],"wp:featuredmedia":[{"embeddable":true,"href":"https:\/\/www.opinionpublica.tv\/portada\/wp-json\/wp\/v2\/media\/57768"}],"wp:attachment":[{"href":"https:\/\/www.opinionpublica.tv\/portada\/wp-json\/wp\/v2\/media?parent=57765"}],"wp:term":[{"taxonomy":"category","embeddable":true,"href":"https:\/\/www.opinionpublica.tv\/portada\/wp-json\/wp\/v2\/categories?post=57765"},{"taxonomy":"post_tag","embeddable":true,"href":"https:\/\/www.opinionpublica.tv\/portada\/wp-json\/wp\/v2\/tags?post=57765"}],"curies":[{"name":"wp","href":"https:\/\/api.w.org\/{rel}","templated":true}]}}