{"id":57759,"date":"2025-04-24T00:01:00","date_gmt":"2025-04-24T06:01:00","guid":{"rendered":"https:\/\/www.opinionpublica.tv\/portada\/?p=57759"},"modified":"2025-04-23T19:50:34","modified_gmt":"2025-04-24T01:50:34","slug":"hay-una-veintena-de-candidatos-defensores-del-narco-revela-fernandez-norona","status":"publish","type":"post","link":"https:\/\/www.opinionpublica.tv\/portada\/hay-una-veintena-de-candidatos-defensores-del-narco-revela-fernandez-norona\/","title":{"rendered":"\u00abHay una veintena de candidatos defensores del narco\u00bb: Fern\u00e1ndez Noro\u00f1a"},"content":{"rendered":"\n<figure class=\"wp-block-image size-full\"><img fetchpriority=\"high\" decoding=\"async\" width=\"1100\" height=\"666\" src=\"https:\/\/www.opinionpublica.tv\/portada\/wp-content\/uploads\/2025\/04\/22Hay-una-veintena-de-candidatos-defensores-del-narco22-Fernandez-Norona.avif\" alt=\"%22hay una veintena de candidatos defensores del narco%22 ferna\u0301ndez noron\u0303a\" class=\"wp-image-57763\"\/><\/figure>\n\n\n\n<p class=\"wp-block-paragraph\">El presidente del Senado, Gerardo Fern\u00e1ndez Noro\u00f1a revel\u00f3 que son una veintena los candidatos a jueces que han defendido narcotraficantes, dijo que se impugnaran sus candidaturas, pero que por el momento no revelar\u00e1 los nombres.<\/p>\n\n\n\n<p class=\"wp-block-paragraph\">En rueda de prensa rechaz\u00f3 que vayan a sancionar a los legisladores o al comit\u00e9 de evaluaci\u00f3n que fall\u00f3 en los filtros, asegurando que no hubo mala fe en ning\u00fan caso.<\/p>\n\n\n\n<p class=\"wp-block-paragraph\">\u201cEl comit\u00e9 procesa, claro que puede tener un error, es que es bien bonito, as\u00ed desde la comodidad de la\u2026 si lo digo, de andar de chingaquedito, decir es que hicieron mal, hay que bajarle tantito, el n\u00famero de candidaturas, de aspirantes que recibieron, que procesaron el trabajo que realizaron, en un proceso in\u00e9dito, sin una estructura, es un trabajo honor\u00edfico y ahora adem\u00e1s los vamos a sancionar, no bueno me parece que no hubo mala fe en ning\u00fan caso, que hubo un proceso altamente profesional\u201d.<\/p>\n\n\n\n<p class=\"wp-block-paragraph\">El senador por Morena dijo que las candidaturas, en caso de ser retiradas, no podr\u00e1n ser sustituidas. Anunci\u00f3 que de manera conjunta con el presidente de la C\u00e1mara de Diputados se presentar\u00e1n los recursos de impugnaci\u00f3n de dichas candidaturas ante el Tribunal Electoral del Poder Judicial de la Federaci\u00f3n. (El Universal)<\/p>\n","protected":false},"excerpt":{"rendered":"<p>El presidente del Senado, Gerardo Fern\u00e1ndez Noro\u00f1a revel\u00f3 que son una veintena los candidatos a jueces que han defendido narcotraficantes, dijo que se impugnaran sus candidaturas, pero que por el momento no revelar\u00e1 los nombres. En rueda de prensa rechaz\u00f3 que vayan a sancionar a los legisladores o al comit\u00e9 de evaluaci\u00f3n que fall\u00f3 en [&hellip;]<\/p>\n","protected":false},"author":6,"featured_media":57763,"comment_status":"closed","ping_status":"closed","sticky":false,"template":"","format":"standard","meta":{"_acf_changed":false,"_monsterinsights_skip_tracking":false,"slim_seo":{"title":"\"Hay una veintena de candidatos defensores del narco\": Fern\u00e1ndez Noro\u00f1a - Opini\u00f3n P\u00fablica","description":"El presidente del Senado, Gerardo Fern\u00e1ndez Noro\u00f1a revel\u00f3 que son una veintena los candidatos a jueces que han defendido narcotraficantes, dijo que se impugnara"},"footnotes":""},"categories":[4],"tags":[],"class_list":["post-57759","post","type-post","status-publish","format-standard","has-post-thumbnail","hentry","category-pulsopolitico"],"acf":[],"_links":{"self":[{"href":"https:\/\/www.opinionpublica.tv\/portada\/wp-json\/wp\/v2\/posts\/57759","targetHints":{"allow":["GET"]}}],"collection":[{"href":"https:\/\/www.opinionpublica.tv\/portada\/wp-json\/wp\/v2\/posts"}],"about":[{"href":"https:\/\/www.opinionpublica.tv\/portada\/wp-json\/wp\/v2\/types\/post"}],"author":[{"embeddable":true,"href":"https:\/\/www.opinionpublica.tv\/portada\/wp-json\/wp\/v2\/users\/6"}],"replies":[{"embeddable":true,"href":"https:\/\/www.opinionpublica.tv\/portada\/wp-json\/wp\/v2\/comments?post=57759"}],"version-history":[{"count":3,"href":"https:\/\/www.opinionpublica.tv\/portada\/wp-json\/wp\/v2\/posts\/57759\/revisions"}],"predecessor-version":[{"id":57764,"href":"https:\/\/www.opinionpublica.tv\/portada\/wp-json\/wp\/v2\/posts\/57759\/revisions\/57764"}],"wp:featuredmedia":[{"embeddable":true,"href":"https:\/\/www.opinionpublica.tv\/portada\/wp-json\/wp\/v2\/media\/57763"}],"wp:attachment":[{"href":"https:\/\/www.opinionpublica.tv\/portada\/wp-json\/wp\/v2\/media?parent=57759"}],"wp:term":[{"taxonomy":"category","embeddable":true,"href":"https:\/\/www.opinionpublica.tv\/portada\/wp-json\/wp\/v2\/categories?post=57759"},{"taxonomy":"post_tag","embeddable":true,"href":"https:\/\/www.opinionpublica.tv\/portada\/wp-json\/wp\/v2\/tags?post=57759"}],"curies":[{"name":"wp","href":"https:\/\/api.w.org\/{rel}","templated":true}]}}