{"id":57747,"date":"2025-04-24T00:01:00","date_gmt":"2025-04-24T06:01:00","guid":{"rendered":"https:\/\/www.opinionpublica.tv\/portada\/?p=57747"},"modified":"2025-04-23T19:30:35","modified_gmt":"2025-04-24T01:30:35","slug":"efemerides-24-de-abril-6","status":"publish","type":"post","link":"https:\/\/www.opinionpublica.tv\/portada\/efemerides-24-de-abril-6\/","title":{"rendered":"Efem\u00e9rides 24 de abril"},"content":{"rendered":"\n<p class=\"wp-block-paragraph\"><em>Un d\u00eda 24 de abril, pero de 2012, Google lanza Google Drive, una herramienta para el alojamiento de texto, foto y video en la nube<\/em>.<\/p>\n\n\n\n<figure class=\"wp-block-image size-full\"><img fetchpriority=\"high\" decoding=\"async\" width=\"600\" height=\"338\" src=\"https:\/\/www.opinionpublica.tv\/portada\/wp-content\/uploads\/2025\/04\/Google-lanza-Google-Drive-una-herramienta-para-el-alojamiento-de-texto-foto-y-video-en-la-nube.webp\" alt=\"Google lanza google drive, una herramienta para el alojamiento de texto, foto y vi\u0301deo en la nube\" class=\"wp-image-57748\" srcset=\"https:\/\/www.opinionpublica.tv\/portada\/wp-content\/uploads\/2025\/04\/Google-lanza-Google-Drive-una-herramienta-para-el-alojamiento-de-texto-foto-y-video-en-la-nube.webp 600w, https:\/\/www.opinionpublica.tv\/portada\/wp-content\/uploads\/2025\/04\/Google-lanza-Google-Drive-una-herramienta-para-el-alojamiento-de-texto-foto-y-video-en-la-nube-300x169.webp 300w\" sizes=\"(max-width: 600px) 100vw, 600px\" \/><\/figure>\n\n\n\n<p class=\"wp-block-paragraph\"><strong>Otras efem\u00e9rides<\/strong><\/p>\n\n\n\n<p class=\"wp-block-paragraph\">1701.- Con la llegada a Espa\u00f1a de Felipe V, comienza el reinado de la Casa de Borb\u00f3n.<\/p>\n\n\n\n<p class=\"wp-block-paragraph\">1704.- Aparece el primer peri\u00f3dico publicado en EEUU, el \u00abBoston Letters\u00bb.<\/p>\n\n\n\n<p class=\"wp-block-paragraph\">1800.- Fundaci\u00f3n de la Biblioteca del Congreso de EEUU.<\/p>\n\n\n\n<p class=\"wp-block-paragraph\">1824.- Las Provincias Unidas de Centro\u00e1merica (Guatemala, El Salvador, Honduras, Nicaragua y Costa Rica) declaran abolida la esclavitud.<\/p>\n\n\n\n<p class=\"wp-block-paragraph\">1834.- Concluye la guerra civil en Per\u00fa con la victoria de Luis J. Orbegozo sobre Maquinhucayo.<\/p>\n\n\n\n<p class=\"wp-block-paragraph\">1854.- El emperador Francisco Jos\u00e9 de Austria contrae matrimonio en Viena con Elizabeth de Wittelsbach, \u00abSissi\u00bb.<\/p>\n\n\n\n<p class=\"wp-block-paragraph\">1915.- El pueblo armenio sufre una de los mayores genocidios de la historia por parte del Imperio Otomano. En la matanza mueren mill\u00f3n y medio de personas.<\/p>\n\n\n\n<p class=\"wp-block-paragraph\">1916.- Tienen lugar en Dubl\u00edn los \u00abLevantamientos de Pascua\u00bb, la sangrienta revuelta que aceler\u00f3 la independencia de Irlanda del Reino Unido.<\/p>\n\n\n\n<p class=\"wp-block-paragraph\">1918.- Primera Guerra Mundial: Primera batalla en la historia de carros blindados, entre tres tanques ingleses y tres alemanes en el norte de Francia.<\/p>\n\n\n\n<p class=\"wp-block-paragraph\">1923.- Sigmund Freud publica en Viena (Austria) la tesis Das Ich und das Es (El yo y el ello), donde aparecen por primera vez las ideas del ello, el yo y el supery\u00f3.<\/p>\n\n\n\n<p class=\"wp-block-paragraph\">1934.- El ingeniero Laureans Hammond patenta en Chicago un instrumento electr\u00f3nico, conocido como \u00f3rgano Hammond.<\/p>\n\n\n\n<p class=\"wp-block-paragraph\">1950.- El gobierno jordano hace p\u00fablica la anexi\u00f3n de la Palestina \u00e1rabe a Jordania.<\/p>\n\n\n\n<p class=\"wp-block-paragraph\">1953.- La reina Isabel II nombra caballero a Winston Churchill.<\/p>\n\n\n\n<p class=\"wp-block-paragraph\">1965.- La \u00abrevoluci\u00f3n constitucionalista\u00bb derroca en la Rep\u00fablica Dominicana al triunvirato presidido por Donald Reid Cabral, con idea de reponer al expresidente Juan Bosch.<\/p>\n\n\n\n<p class=\"wp-block-paragraph\">1967.- Primer accidente mortal conocido en la carrera espacial, al estrellarse la nave \u00abSoyuz\u00bb y morir el cosmonauta ruso Vladimir Komarov.<\/p>\n\n\n\n<p class=\"wp-block-paragraph\">1990.- Lanzado el transbordador Discovery con el telescopio espacial Hubble.<\/p>\n\n\n\n<p class=\"wp-block-paragraph\">1994.- Armando Calder\u00f3n (ARENA) vence en las elecciones presidenciales de El Salvador.<\/p>\n\n\n\n<p class=\"wp-block-paragraph\">1996.- El Consejo Nacional Palestino elimina de la \u00abCarta Nacional\u00bb las cl\u00e1usulas que llaman a la lucha armada y la destrucci\u00f3n del Estado de Israel.<\/p>\n\n\n\n<p class=\"wp-block-paragraph\">1999.- La OTAN celebra en Washington su 50 aniversario con una cumbre de gobernantes en la que se aprueba el nuevo concepto estrat\u00e9gico de la Organizaci\u00f3n.<\/p>\n\n\n\n<p class=\"wp-block-paragraph\">2000.- El escritor chileno Jorge Edwards recibe el Premio Cervantes.<\/p>\n\n\n\n<p class=\"wp-block-paragraph\">2005.- Benedicto XVI comienza su Pontificado con una misa solemne.<\/p>\n\n\n\n<p class=\"wp-block-paragraph\">2007.- Cient\u00edficos de la Organizaci\u00f3n Europea para la Investigaci\u00f3n Astron\u00f3mica en el Hemisferio Austral descubren un planeta habitable fuera de nuestro sistema solar.<\/p>\n\n\n\n<p class=\"wp-block-paragraph\">2013.- Mueren cerca de 1.200 personas al derrumbarse un edificio que albergaba varias f\u00e1bricas textiles en Dacca (Bangladesh).<\/p>\n\n\n\n<p class=\"wp-block-paragraph\">2014.- El Parlamento argentino aprueba el proyecto gubernamental que convalida el acuerdo alcanzado con la espa\u00f1ola Repsol por la expropiaci\u00f3n del 51 por ciento de las acciones de YPF.<\/p>\n\n\n\n<p class=\"wp-block-paragraph\">2018.- La danza Anata de Camilaca de Per\u00fa es declarada Patrimonio Cultural de la Naci\u00f3n.<\/p>\n\n\n\n<p class=\"wp-block-paragraph\">2021.- El presidente de Estados Unidos, Joe Biden, reconoce como \u00abgenocidio\u00bb el exterminio de un mill\u00f3n y medio de armenios a manos del Imperio Otomano en 1915.<\/p>\n\n\n\n<p class=\"wp-block-paragraph\">2022.- El liberal Emmanuel Macron, reelegido presidente de Francia.<\/p>\n\n\n\n<p class=\"wp-block-paragraph\"><strong>Nacimientos<\/strong><\/p>\n\n\n\n<p class=\"wp-block-paragraph\">1856.- Henri Philippe Petain, mariscal y presidente de Francia.<\/p>\n\n\n\n<p class=\"wp-block-paragraph\">1903.- Jos\u00e9 Antonio Primo de Rivera, fundador de Falange espa\u00f1ola.<\/p>\n\n\n\n<p class=\"wp-block-paragraph\">1904.- Willen de Kooning, pintor estadounidense.<\/p>\n\n\n\n<p class=\"wp-block-paragraph\">1919.- C\u00e9sar Manrique, arquitecto, pintor, escultor, decorador y urbanista espa\u00f1ol.<\/p>\n\n\n\n<p class=\"wp-block-paragraph\">1930.- Jos\u00e9 Sarney, presidente de Brasil de 1985 a 1990.<\/p>\n\n\n\n<p class=\"wp-block-paragraph\">1934.- Shirley MacLaine, actriz estadounidense.<\/p>\n\n\n\n<p class=\"wp-block-paragraph\">1942.- Barbra Streisand, cantante y actriz estadounidense.<\/p>\n\n\n\n<p class=\"wp-block-paragraph\">1952.- Jean Paul Gaultier, modisto franc\u00e9s.<\/p>\n\n\n\n<p class=\"wp-block-paragraph\">1971.- Alejandro Fern\u00e1ndez, cantante mexicano.<\/p>\n\n\n\n<p class=\"wp-block-paragraph\"><strong>Defunciones<\/strong><\/p>\n\n\n\n<p class=\"wp-block-paragraph\">1479.- Jorge Manrique, poeta y escritor espa\u00f1ol.<\/p>\n\n\n\n<p class=\"wp-block-paragraph\">1731.- Daniel Defoe, escritor brit\u00e1nico.<\/p>\n\n\n\n<p class=\"wp-block-paragraph\">1918.- Jos\u00e9 Men\u00e9ndez, empresario espa\u00f1ol, llamado \u00abrey de la Patagonia\u00bb.<\/p>\n\n\n\n<p class=\"wp-block-paragraph\">1986.- Wallis Simpson, Duquesa de Windsor.<\/p>\n\n\n\n<p class=\"wp-block-paragraph\">2004.- Est\u00e9e Lauder, estadounidense, creadora de la firma cosm\u00e9tica que lleva su nombre.<\/p>\n\n\n\n<p class=\"wp-block-paragraph\">2016.- Billy Paul, vocalista estadounidense.<\/p>\n\n\n\n<p class=\"wp-block-paragraph\">2019.- Jean-Pierre Marielle, actor franc\u00e9s.<\/p>\n","protected":false},"excerpt":{"rendered":"<p>Un d\u00eda 24 de abril, pero de 2012, Google lanza Google Drive, una herramienta para el alojamiento de texto, foto y video en la nube. Otras efem\u00e9rides 1701.- Con la llegada a Espa\u00f1a de Felipe V, comienza el reinado de la Casa de Borb\u00f3n. 1704.- Aparece el primer peri\u00f3dico publicado en EEUU, el \u00abBoston Letters\u00bb. [&hellip;]<\/p>\n","protected":false},"author":6,"featured_media":57748,"comment_status":"closed","ping_status":"closed","sticky":false,"template":"","format":"standard","meta":{"_acf_changed":false,"_monsterinsights_skip_tracking":false,"slim_seo":{"title":"Efem\u00e9rides 24 de abril - Opini\u00f3n P\u00fablica","description":"Un d\u00eda 24 de abril, pero de 2012, Google lanza Google Drive, una herramienta para el alojamiento de texto, foto y video en la nube . Otras efem\u00e9rides 1701.- Con"},"footnotes":""},"categories":[27],"tags":[],"class_list":["post-57747","post","type-post","status-publish","format-standard","has-post-thumbnail","hentry","category-un-dia-como-hoy"],"acf":[],"_links":{"self":[{"href":"https:\/\/www.opinionpublica.tv\/portada\/wp-json\/wp\/v2\/posts\/57747","targetHints":{"allow":["GET"]}}],"collection":[{"href":"https:\/\/www.opinionpublica.tv\/portada\/wp-json\/wp\/v2\/posts"}],"about":[{"href":"https:\/\/www.opinionpublica.tv\/portada\/wp-json\/wp\/v2\/types\/post"}],"author":[{"embeddable":true,"href":"https:\/\/www.opinionpublica.tv\/portada\/wp-json\/wp\/v2\/users\/6"}],"replies":[{"embeddable":true,"href":"https:\/\/www.opinionpublica.tv\/portada\/wp-json\/wp\/v2\/comments?post=57747"}],"version-history":[{"count":1,"href":"https:\/\/www.opinionpublica.tv\/portada\/wp-json\/wp\/v2\/posts\/57747\/revisions"}],"predecessor-version":[{"id":57749,"href":"https:\/\/www.opinionpublica.tv\/portada\/wp-json\/wp\/v2\/posts\/57747\/revisions\/57749"}],"wp:featuredmedia":[{"embeddable":true,"href":"https:\/\/www.opinionpublica.tv\/portada\/wp-json\/wp\/v2\/media\/57748"}],"wp:attachment":[{"href":"https:\/\/www.opinionpublica.tv\/portada\/wp-json\/wp\/v2\/media?parent=57747"}],"wp:term":[{"taxonomy":"category","embeddable":true,"href":"https:\/\/www.opinionpublica.tv\/portada\/wp-json\/wp\/v2\/categories?post=57747"},{"taxonomy":"post_tag","embeddable":true,"href":"https:\/\/www.opinionpublica.tv\/portada\/wp-json\/wp\/v2\/tags?post=57747"}],"curies":[{"name":"wp","href":"https:\/\/api.w.org\/{rel}","templated":true}]}}