{"id":57743,"date":"2025-04-24T00:01:00","date_gmt":"2025-04-24T06:01:00","guid":{"rendered":"https:\/\/www.opinionpublica.tv\/portada\/?p=57743"},"modified":"2025-04-23T18:51:47","modified_gmt":"2025-04-24T00:51:47","slug":"video-miles-de-fieles-dan-ultimo-adios-al-papa-francisco-dw","status":"publish","type":"post","link":"https:\/\/www.opinionpublica.tv\/portada\/video-miles-de-fieles-dan-ultimo-adios-al-papa-francisco-dw\/","title":{"rendered":"Video: Miles de fieles dan su \u00faltimo adi\u00f3s al Papa Francisco | DW"},"content":{"rendered":"\n<figure class=\"wp-block-embed is-type-video is-provider-youtube wp-block-embed-youtube wp-embed-aspect-16-9 wp-has-aspect-ratio\"><div class=\"wp-block-embed__wrapper\">\n<iframe title=\"Multitudes dan su \u00faltimo adi\u00f3s al papa Francisco\" width=\"800\" height=\"450\" src=\"https:\/\/www.youtube.com\/embed\/RUc3MAo8odA?feature=oembed\" frameborder=\"0\" allow=\"accelerometer; autoplay; clipboard-write; encrypted-media; gyroscope; picture-in-picture; web-share\" referrerpolicy=\"strict-origin-when-cross-origin\" allowfullscreen><\/iframe>\n<\/div><\/figure>\n\n\n\n<p class=\"wp-block-paragraph\">Largas filas de fieles se formaron frente a la Bas\u00edlica de San Pedro del Vaticano para velar los restos del para Francisco.<\/p>\n\n\n\n<p class=\"wp-block-paragraph\">La capilla abrir\u00e1 sus puertas al p\u00fablico durante tres d\u00edas antes del funeral del s\u00e1bado.<\/p>\n\n\n\n<p class=\"wp-block-paragraph\"><em>Cr\u00e9ditos: DW en espa\u00f1ol<\/em>.<a href=\"https:\/\/www.youtube.com\/@dwespanol\"><\/a><\/p>\n","protected":false},"excerpt":{"rendered":"<p>Largas filas de fieles se formaron frente a la Bas\u00edlica de San Pedro del Vaticano para velar los restos del para Francisco. La capilla abrir\u00e1 sus puertas al p\u00fablico durante tres d\u00edas antes del funeral del s\u00e1bado. Cr\u00e9ditos: DW en espa\u00f1ol.<\/p>\n","protected":false},"author":6,"featured_media":57745,"comment_status":"closed","ping_status":"closed","sticky":false,"template":"","format":"standard","meta":{"_acf_changed":false,"_monsterinsights_skip_tracking":false,"slim_seo":{"title":"Video: Miles de fieles dan su \u00faltimo adi\u00f3s al Papa Francisco | DW - Opini\u00f3n P\u00fablica","description":"https:\/\/youtu.be\/RUc3MAo8odA?si=XW6dfLUTuSiY2Uxp Largas filas de fieles se formaron frente a la Bas\u00edlica de San Pedro del Vaticano para velar los restos del par"},"footnotes":""},"categories":[2,13,8],"tags":[],"class_list":["post-57743","post","type-post","status-publish","format-standard","has-post-thumbnail","hentry","category-videos-destacados","category-videos-destacados-contenido","category-videos"],"acf":[],"_links":{"self":[{"href":"https:\/\/www.opinionpublica.tv\/portada\/wp-json\/wp\/v2\/posts\/57743","targetHints":{"allow":["GET"]}}],"collection":[{"href":"https:\/\/www.opinionpublica.tv\/portada\/wp-json\/wp\/v2\/posts"}],"about":[{"href":"https:\/\/www.opinionpublica.tv\/portada\/wp-json\/wp\/v2\/types\/post"}],"author":[{"embeddable":true,"href":"https:\/\/www.opinionpublica.tv\/portada\/wp-json\/wp\/v2\/users\/6"}],"replies":[{"embeddable":true,"href":"https:\/\/www.opinionpublica.tv\/portada\/wp-json\/wp\/v2\/comments?post=57743"}],"version-history":[{"count":2,"href":"https:\/\/www.opinionpublica.tv\/portada\/wp-json\/wp\/v2\/posts\/57743\/revisions"}],"predecessor-version":[{"id":57746,"href":"https:\/\/www.opinionpublica.tv\/portada\/wp-json\/wp\/v2\/posts\/57743\/revisions\/57746"}],"wp:featuredmedia":[{"embeddable":true,"href":"https:\/\/www.opinionpublica.tv\/portada\/wp-json\/wp\/v2\/media\/57745"}],"wp:attachment":[{"href":"https:\/\/www.opinionpublica.tv\/portada\/wp-json\/wp\/v2\/media?parent=57743"}],"wp:term":[{"taxonomy":"category","embeddable":true,"href":"https:\/\/www.opinionpublica.tv\/portada\/wp-json\/wp\/v2\/categories?post=57743"},{"taxonomy":"post_tag","embeddable":true,"href":"https:\/\/www.opinionpublica.tv\/portada\/wp-json\/wp\/v2\/tags?post=57743"}],"curies":[{"name":"wp","href":"https:\/\/api.w.org\/{rel}","templated":true}]}}