{"id":57734,"date":"2025-04-23T12:38:00","date_gmt":"2025-04-23T18:38:00","guid":{"rendered":"https:\/\/www.opinionpublica.tv\/portada\/?p=57734"},"modified":"2025-04-23T12:38:01","modified_gmt":"2025-04-23T18:38:01","slug":"cuando-no-sabes-lo-que-quieres","status":"publish","type":"post","link":"https:\/\/www.opinionpublica.tv\/portada\/cuando-no-sabes-lo-que-quieres\/","title":{"rendered":"Cuando no sabes lo que quieres"},"content":{"rendered":"\n<h4 class=\"wp-block-heading\">Ra\u00fal Ruiz<\/h4>\n\n\n\n<p class=\"wp-block-paragraph\">___________________________<\/p>\n\n\n\n<p class=\"wp-block-paragraph\">Me divierte mucho, y al mismo tiempo me aterra, ver a la comunidad de esta frontera, caminar entre los fangos de la ablepsia.<\/p>\n\n\n\n<p class=\"wp-block-paragraph\">Dando tumbos, tomados de los hombros, en fila India, como si hubieran amanecido infectados por la \u00abceguera blanca\u00bb, creada por Jos\u00e9 Saramago, en su novela, \u00abEnsayo sobre la Ceguera\u00bb.<\/p>\n\n\n\n<p class=\"wp-block-paragraph\">Incapacitados para entender o comprender algo y discernir lo mejor para la aldea.<\/p>\n\n\n\n<p class=\"wp-block-paragraph\">Hablo del vetusto tema del CENTRO DE CONVENCIONES, infinitamente descompuesto por los juarenses; incre\u00edbles personajes, tal vez sacados de una novela aleg\u00f3rica que reflexiona sobre temas como la discordia, el ego\u00edsmo, la deshumanizaci\u00f3n y el poder destructivo de la antipat\u00eda.<\/p>\n\n\n\n<p class=\"wp-block-paragraph\">En la que, al estilo de Saramago, nos sumerge en un mundo ca\u00f3tico y visceral.<\/p>\n\n\n\n<p class=\"wp-block-paragraph\">\u00c9sta, no es la primera vez que escribo sobre el tema de la necesidad de un Centro de Convenciones en Ciudad Ju\u00e1rez.<\/p>\n\n\n\n<p class=\"wp-block-paragraph\">Hace casi tres lustros lo hice, y obvio, no hubo reacci\u00f3n ninguna, pues la clase pol\u00edtica y empresarial, en su infinita soberbia, suele menospreciar las ideas que no emergen desde sus alba\u00f1ales.<\/p>\n\n\n\n<p class=\"wp-block-paragraph\">Eran tiempos de palos de ciego, proyectos escritos sobre las rodillas, y desde entonces, hasta la fecha, nos movemos en trompicones, sin saber exactamente qu\u00e9 queremos, para luego decidir, c\u00f3mo lo hacemos, y con cu\u00e1nto.<\/p>\n\n\n\n<p class=\"wp-block-paragraph\">A ver.<\/p>\n\n\n\n<p class=\"wp-block-paragraph\">\u00bfQueremos una bodega para exhibir productos perecederos y promoci\u00f3n de ferias agropecuarias?<\/p>\n\n\n\n<p class=\"wp-block-paragraph\">\u00bfQueremos un espacio para exhibir solamente? O tambi\u00e9n un lugar donde puedan coincidir grupos para hacer negocios.<\/p>\n\n\n\n<p class=\"wp-block-paragraph\">Importante decidir primero entre un centro de exhibiciones o un centro de convenciones.<\/p>\n\n\n\n<p class=\"wp-block-paragraph\">La diferencia principal radica en el prop\u00f3sito y el tipo de eventos que se realizan en cada uno:<\/p>\n\n\n\n<p class=\"wp-block-paragraph\">1. Centro de convenciones: Est\u00e1 dise\u00f1ado para albergar reuniones, conferencias y eventos corporativos.<\/p>\n\n\n\n<p class=\"wp-block-paragraph\">Su enfoque est\u00e1 en la&nbsp; interacci\u00f3n entre los participantes, el intercambio de ideas y la formaci\u00f3n.<\/p>\n\n\n\n<p class=\"wp-block-paragraph\">Incluye espacios como auditorios, salas de reuniones y \u00e1reas para talleres.<\/p>\n\n\n\n<p class=\"wp-block-paragraph\">Las convenciones suelen ser privadas y dirigidas a grupos espec\u00edficos.<\/p>\n\n\n\n<p class=\"wp-block-paragraph\">2. Centro de exhibiciones: Se centra en mostrar productos, servicios o arte a un p\u00fablico m\u00e1s amplio. Incluye \u00e1reas de exposici\u00f3n con stands y espacios abiertos para exhibiciones.<\/p>\n\n\n\n<p class=\"wp-block-paragraph\">Su objetivo principal es generar visibilidad, ventas y networking. Las exposiciones suelen estar abiertas al p\u00fablico general.<\/p>\n\n\n\n<p class=\"wp-block-paragraph\">Los centros de convenciones m\u00e1s destacados del mundo se caracterizan por su capacidad, dise\u00f1o y servicios:<\/p>\n\n\n\n<p class=\"wp-block-paragraph\">1. Hannover Messegel\u00e4nde (Alemania): Es el centro de exposiciones m\u00e1s grande del mundo con una superficie total de 496,000 m\u00b2 y 26 salas de exposiciones.<\/p>\n\n\n\n<p class=\"wp-block-paragraph\">2. National Exhibition and Convention Center (Shanghai, China): Tiene una extensi\u00f3n de 400,001 m\u00b2, dividida en salas de exhibiciones, oficinas y un hotel de lujo.<\/p>\n\n\n\n<p class=\"wp-block-paragraph\">3. Messe Frankfurt (Alemania): Ofrece 366,637 m\u00b2 de espacio, incluyendo 96,000 m\u00b2 de \u00e1reas libres.<\/p>\n\n\n\n<p class=\"wp-block-paragraph\">4. Fiera Milano (Italia): Cuenta con 345,000 m\u00b2 de espacio cubierto y 60,000 m\u00b2 de espacio descubierto.<\/p>\n\n\n\n<p class=\"wp-block-paragraph\">5. Canton Fair Complex (Guangzhou, China): Tiene un \u00e1rea de exhibici\u00f3n interior de 338,000 m\u00b2 y un \u00e1rea exterior de 43,600 m\u00b2.<\/p>\n\n\n\n<p class=\"wp-block-paragraph\">Estos centros est\u00e1n dise\u00f1ados para albergar eventos de gran escala, con caracter\u00edsticas como conectividad avanzada, accesibilidad y servicios complementarios como alojamiento y transporte.<\/p>\n\n\n\n<p class=\"wp-block-paragraph\">Es importante saber, que un centro de convenciones, no es solamente la estructura f\u00edsica, sino el cuerpo administrativo, equipos para el montaje y desmontaje de los eventos, servicios como alimentaci\u00f3n, hospedaje, transporte terrestre. Seguridad privada.<\/p>\n\n\n\n<p class=\"wp-block-paragraph\">Servicios bancarios y financieros en corto.<\/p>\n\n\n\n<p class=\"wp-block-paragraph\">Personal pol\u00edglota de hostess, relaciones p\u00fablicas, asistencia empresarial.<\/p>\n\n\n\n<p class=\"wp-block-paragraph\">Especialistas en misiones comerciales, Etc. Etc.<\/p>\n\n\n\n<p class=\"wp-block-paragraph\">Los juarenses somos testigos de un rabioso jaloneo entre los \u00abdefensores de todo\u00bb, contra los conductores pol\u00edticos de la aldea y la comarca, que no hacen una propuesta s\u00f3lida, congruente a nuestras posibilidades; donde la necedad, priva sobre el razonamiento.<\/p>\n\n\n\n<p class=\"wp-block-paragraph\">Es cosa de meterle un poco de filosof\u00eda al problema.<\/p>\n\n\n\n<p class=\"wp-block-paragraph\">Pensemos en la mesa de HABERMAS.<\/p>\n\n\n\n<p class=\"wp-block-paragraph\">LA MESA DE J\u00dcRGEN HABERMAS<\/p>\n\n\n\n<p class=\"wp-block-paragraph\">Una mesa con varias sillas vac\u00edas, y le preguntan, \u00bfPor qu\u00e9 no hay nadie sentado?<\/p>\n\n\n\n<p class=\"wp-block-paragraph\">\u00c9l contesta. Porque es la mesa donde a\u00fan no tenemos di\u00e1logo.<\/p>\n\n\n\n<p class=\"wp-block-paragraph\">Recordemos que el fil\u00f3sofo HABERMAS es el autor de la teor\u00eda del discurso.<\/p>\n\n\n\n<p class=\"wp-block-paragraph\">\u00abLa Teor\u00eda del Discurso de Habermas, tambi\u00e9n conocida como la \u00e9tica del discurso o \u00e9tica discursiva, es una teor\u00eda filos\u00f3fica que postula que la validez de las normas morales y de las decisiones pol\u00edticas debe ser justificada a trav\u00e9s de la discusi\u00f3n racional y la b\u00fasqueda de consenso entre todos los afectados.\u00bb<\/p>\n\n\n\n<p class=\"wp-block-paragraph\">Hay que sentarse y decidir: \u00bfQU\u00c9 ES LO QUE QUEREMOS?<\/p>\n\n\n\n<p class=\"wp-block-paragraph\">Y luego, \u00bfD\u00f3nde lo ponemos? Y hacer n\u00fameros&#8230; \u00bfCu\u00e1nto le vamos a invertir?<\/p>\n\n\n\n<p class=\"wp-block-paragraph\">Mientras tanto este impasse sirve para que las huestes \u00abdefensores de todo\u00bb, agarren notoriedad, junto con los pol\u00edticos de medio pelo.<\/p>\n\n\n\n<p class=\"wp-block-paragraph\">A estas alturas de la refriega, hasta el due\u00f1o de LAS ANITAS, pone a disposici\u00f3n su propiedad ya para que no le anden buscando ruido al chicharr\u00f3n.<\/p>\n\n\n\n<p class=\"wp-block-paragraph\">Incre\u00edble.<\/p>\n","protected":false},"excerpt":{"rendered":"<p>Ra\u00fal Ruiz ___________________________ Me divierte mucho, y al mismo tiempo me aterra, ver a la comunidad de esta frontera, caminar entre los fangos de la ablepsia. Dando tumbos, tomados de los hombros, en fila India, como si hubieran amanecido infectados por la \u00abceguera blanca\u00bb, creada por Jos\u00e9 Saramago, en su novela, \u00abEnsayo sobre la Ceguera\u00bb. [&hellip;]<\/p>\n","protected":false},"author":6,"featured_media":43347,"comment_status":"closed","ping_status":"closed","sticky":false,"template":"","format":"standard","meta":{"_acf_changed":false,"_monsterinsights_skip_tracking":false,"slim_seo":{"title":"Cuando no sabes lo que quieres - Opini\u00f3n P\u00fablica","description":"Ra\u00fal Ruiz ___________________________ Me divierte mucho, y al mismo tiempo me aterra, ver a la comunidad de esta frontera, caminar entre los fangos de la ableps"},"footnotes":""},"categories":[21],"tags":[593],"class_list":["post-57734","post","type-post","status-publish","format-standard","has-post-thumbnail","hentry","category-cartapacio","tag-cartapacio"],"acf":[],"_links":{"self":[{"href":"https:\/\/www.opinionpublica.tv\/portada\/wp-json\/wp\/v2\/posts\/57734","targetHints":{"allow":["GET"]}}],"collection":[{"href":"https:\/\/www.opinionpublica.tv\/portada\/wp-json\/wp\/v2\/posts"}],"about":[{"href":"https:\/\/www.opinionpublica.tv\/portada\/wp-json\/wp\/v2\/types\/post"}],"author":[{"embeddable":true,"href":"https:\/\/www.opinionpublica.tv\/portada\/wp-json\/wp\/v2\/users\/6"}],"replies":[{"embeddable":true,"href":"https:\/\/www.opinionpublica.tv\/portada\/wp-json\/wp\/v2\/comments?post=57734"}],"version-history":[{"count":1,"href":"https:\/\/www.opinionpublica.tv\/portada\/wp-json\/wp\/v2\/posts\/57734\/revisions"}],"predecessor-version":[{"id":57735,"href":"https:\/\/www.opinionpublica.tv\/portada\/wp-json\/wp\/v2\/posts\/57734\/revisions\/57735"}],"wp:featuredmedia":[{"embeddable":true,"href":"https:\/\/www.opinionpublica.tv\/portada\/wp-json\/wp\/v2\/media\/43347"}],"wp:attachment":[{"href":"https:\/\/www.opinionpublica.tv\/portada\/wp-json\/wp\/v2\/media?parent=57734"}],"wp:term":[{"taxonomy":"category","embeddable":true,"href":"https:\/\/www.opinionpublica.tv\/portada\/wp-json\/wp\/v2\/categories?post=57734"},{"taxonomy":"post_tag","embeddable":true,"href":"https:\/\/www.opinionpublica.tv\/portada\/wp-json\/wp\/v2\/tags?post=57734"}],"curies":[{"name":"wp","href":"https:\/\/api.w.org\/{rel}","templated":true}]}}