{"id":57721,"date":"2025-04-23T00:01:00","date_gmt":"2025-04-23T06:01:00","guid":{"rendered":"https:\/\/www.opinionpublica.tv\/portada\/?p=57721"},"modified":"2025-04-22T20:23:44","modified_gmt":"2025-04-23T02:23:44","slug":"invitan-a-celebrar-dia-de-la-ninez-con-actividades-recreativas-para-toda-la-familia","status":"publish","type":"post","link":"https:\/\/www.opinionpublica.tv\/portada\/invitan-a-celebrar-dia-de-la-ninez-con-actividades-recreativas-para-toda-la-familia\/","title":{"rendered":"Invitan a celebrar D\u00eda de la Ni\u00f1ez con actividades para las familias chihuahuenses"},"content":{"rendered":"\n<figure class=\"wp-block-image size-large\"><img fetchpriority=\"high\" decoding=\"async\" width=\"1024\" height=\"576\" src=\"https:\/\/www.opinionpublica.tv\/portada\/wp-content\/uploads\/2025\/04\/Invitan-a-celebrar-Dia-de-la-Ninez-con-actividades-para-toda-la-familia-chihuahuense-1024x576.jpeg\" alt=\"Invitan a celebrar di\u0301a de la nin\u0303ez con actividades para toda la familia chihuahuense\" class=\"wp-image-57725\" srcset=\"https:\/\/www.opinionpublica.tv\/portada\/wp-content\/uploads\/2025\/04\/Invitan-a-celebrar-Dia-de-la-Ninez-con-actividades-para-toda-la-familia-chihuahuense-1024x576.jpeg 1024w, https:\/\/www.opinionpublica.tv\/portada\/wp-content\/uploads\/2025\/04\/Invitan-a-celebrar-Dia-de-la-Ninez-con-actividades-para-toda-la-familia-chihuahuense-300x169.jpeg 300w, https:\/\/www.opinionpublica.tv\/portada\/wp-content\/uploads\/2025\/04\/Invitan-a-celebrar-Dia-de-la-Ninez-con-actividades-para-toda-la-familia-chihuahuense-768x432.jpeg 768w, https:\/\/www.opinionpublica.tv\/portada\/wp-content\/uploads\/2025\/04\/Invitan-a-celebrar-Dia-de-la-Ninez-con-actividades-para-toda-la-familia-chihuahuense-1536x864.jpeg 1536w, https:\/\/www.opinionpublica.tv\/portada\/wp-content\/uploads\/2025\/04\/Invitan-a-celebrar-Dia-de-la-Ninez-con-actividades-para-toda-la-familia-chihuahuense.jpeg 1600w\" sizes=\"(max-width: 1024px) 100vw, 1024px\" \/><\/figure>\n\n\n\n<p class=\"wp-block-paragraph\"><em>Ciudad Ju\u00e1rez, Chih<\/em>.- En el marco de la conmemoraci\u00f3n por el D\u00eda de la Ni\u00f1ez, el DIF Estatal invita a participar en las actividades especiales preparadas para el domingo 27 de abril, con el objetivo de promover la convivencia familiar, la cultura y el bienestar de las ni\u00f1as y ni\u00f1os de Chihuahua.<\/p>\n\n\n\n<p class=\"wp-block-paragraph\">De 11:00 a 20:00 horas, el Parque Infantil El Colibr\u00ed abrir\u00e1 sus puertas con una entrada general de 10 pesos, y con din\u00e1micas recreativas en el \u00e1rea de la pista de patinaje, baile en familia y una caravana.<\/p>\n\n\n\n<p class=\"wp-block-paragraph\">Adem\u00e1s, se realizar\u00e1 la premiaci\u00f3n del ganador del concurso \u201cPonle nombre a la mascota del DIF\u201d, cuya convocatoria cierra el viernes 25 de abril, y en la que se puede participar al dejar sus propuestas en las redes sociales de la dependencia.<\/p>\n\n\n\n<p class=\"wp-block-paragraph\">Ese mismo d\u00eda, el Museo Semilla, tambi\u00e9n con entrada general de 10 pesos, ofrecer\u00e1 acceso a su exposici\u00f3n permanente y a una exhibici\u00f3n de danzas y bailes tradicionales a cargo de grupos locales, en celebraci\u00f3n del D\u00eda Mundial de la Danza, en un horario de 11:00 a 20:00 horas.<\/p>\n\n\n\n<p class=\"wp-block-paragraph\">En Ciudad Ju\u00e1rez, en coordinaci\u00f3n con otras dependencias de Gobierno, se llevar\u00e1 a cabo el \u201cFestival de la Ni\u00f1ez Juarense\u201d en el Parque Central, un evento gratuito que contar\u00e1 con actividades como loter\u00eda, jenga, cancha inflable de futbol, ludoteca, ruleta de la vida, botargas, taller de arte y rifa de bicicletas.<\/p>\n\n\n\n<p class=\"wp-block-paragraph\">De igual manera, durante las jornadas en los diferentes puntos, se invitar\u00e1 a las personas asistentes a sumarse a la campa\u00f1a \u201cCuenta Conmigo, Tu Familia es Primero\u201d, que promueve la crianza afectiva y la cohesi\u00f3n familiar.<\/p>\n\n\n\n<p class=\"wp-block-paragraph\">Con estas actividades, el DIF Estatal reafirma su compromiso con el desarrollo integral, la protecci\u00f3n y el bienestar de la ni\u00f1ez chihuahuense, al fomentar espacios seguros, divertidos y educativos.<\/p>\n","protected":false},"excerpt":{"rendered":"<p>Ciudad Ju\u00e1rez, Chih.- En el marco de la conmemoraci\u00f3n por el D\u00eda de la Ni\u00f1ez, el DIF Estatal invita a participar en las actividades especiales preparadas para el domingo 27 de abril, con el objetivo de promover la convivencia familiar, la cultura y el bienestar de las ni\u00f1as y ni\u00f1os de Chihuahua. De 11:00 a [&hellip;]<\/p>\n","protected":false},"author":6,"featured_media":57725,"comment_status":"closed","ping_status":"closed","sticky":false,"template":"","format":"standard","meta":{"_acf_changed":false,"_monsterinsights_skip_tracking":false,"slim_seo":{"title":"Invitan a celebrar D\u00eda de la Ni\u00f1ez con actividades para las familias chihuahuenses - Opini\u00f3n P\u00fablica","description":"Ciudad Ju\u00e1rez, Chih .- En el marco de la conmemoraci\u00f3n por el D\u00eda de la Ni\u00f1ez, el DIF Estatal invita a participar en las actividades especiales preparadas para"},"footnotes":""},"categories":[11],"tags":[],"class_list":["post-57721","post","type-post","status-publish","format-standard","has-post-thumbnail","hentry","category-tendencias"],"acf":[],"_links":{"self":[{"href":"https:\/\/www.opinionpublica.tv\/portada\/wp-json\/wp\/v2\/posts\/57721","targetHints":{"allow":["GET"]}}],"collection":[{"href":"https:\/\/www.opinionpublica.tv\/portada\/wp-json\/wp\/v2\/posts"}],"about":[{"href":"https:\/\/www.opinionpublica.tv\/portada\/wp-json\/wp\/v2\/types\/post"}],"author":[{"embeddable":true,"href":"https:\/\/www.opinionpublica.tv\/portada\/wp-json\/wp\/v2\/users\/6"}],"replies":[{"embeddable":true,"href":"https:\/\/www.opinionpublica.tv\/portada\/wp-json\/wp\/v2\/comments?post=57721"}],"version-history":[{"count":4,"href":"https:\/\/www.opinionpublica.tv\/portada\/wp-json\/wp\/v2\/posts\/57721\/revisions"}],"predecessor-version":[{"id":57727,"href":"https:\/\/www.opinionpublica.tv\/portada\/wp-json\/wp\/v2\/posts\/57721\/revisions\/57727"}],"wp:featuredmedia":[{"embeddable":true,"href":"https:\/\/www.opinionpublica.tv\/portada\/wp-json\/wp\/v2\/media\/57725"}],"wp:attachment":[{"href":"https:\/\/www.opinionpublica.tv\/portada\/wp-json\/wp\/v2\/media?parent=57721"}],"wp:term":[{"taxonomy":"category","embeddable":true,"href":"https:\/\/www.opinionpublica.tv\/portada\/wp-json\/wp\/v2\/categories?post=57721"},{"taxonomy":"post_tag","embeddable":true,"href":"https:\/\/www.opinionpublica.tv\/portada\/wp-json\/wp\/v2\/tags?post=57721"}],"curies":[{"name":"wp","href":"https:\/\/api.w.org\/{rel}","templated":true}]}}