{"id":57700,"date":"2025-04-23T00:01:00","date_gmt":"2025-04-23T06:01:00","guid":{"rendered":"https:\/\/www.opinionpublica.tv\/portada\/?p=57700"},"modified":"2025-04-22T20:04:12","modified_gmt":"2025-04-23T02:04:12","slug":"superpeso-se-fortalece-frente-al-dolar-y-cierra-en-19-52-mercados-atentos-ante-posibles-acuerdos-comerciales-de-eu","status":"publish","type":"post","link":"https:\/\/www.opinionpublica.tv\/portada\/superpeso-se-fortalece-frente-al-dolar-y-cierra-en-19-52-mercados-atentos-ante-posibles-acuerdos-comerciales-de-eu\/","title":{"rendered":"Superpeso se fortalece frente al d\u00f3lar, cierra en 19.52; mercados atentos por posibles acuerdos comerciales de EU"},"content":{"rendered":"\n<figure class=\"wp-block-image size-full\"><img fetchpriority=\"high\" decoding=\"async\" width=\"1100\" height=\"666\" src=\"https:\/\/www.opinionpublica.tv\/portada\/wp-content\/uploads\/2025\/04\/Superpeso-se-fortalece-frente-al-dolar-cierra-en-19.52-mercados-atentos-por-posibles-acuerdos-comerciales-de-EU.avif\" alt=\"Superpeso se fortalece frente al do\u0301lar, cierra en 19.52; mercados atentos por posibles acuerdos comerciales de eu\" class=\"wp-image-57704\"\/><\/figure>\n\n\n\n<p class=\"wp-block-paragraph\">Luego de llegar a tocar un m\u00ednimo de 19.52 pesos por d\u00f3lar en la jornada, la divisa mexicana en los mercados internacionales concluy\u00f3 la sesi\u00f3n alrededor de 20.63 unidades, lo que signific\u00f3 una apreciaci\u00f3n de 0.46% o 9 centavos respecto a la cierre anterior, de acuerdo con informaci\u00f3n de Bloomberg.<\/p>\n\n\n\n<p class=\"wp-block-paragraph\">Por su parte, el d\u00f3lar al menudeo cerr\u00f3 este martes en 20.14 pesos a la venta en las ventanillas de las sucursales de Banamex, 0.3% o 6 centavos por debajo de la jornada anterior.<\/p>\n\n\n\n<p class=\"wp-block-paragraph\">De acuerdo con la secretaria de prensa de la Casa Blanca, Karoline Leavitt, se est\u00e1n logrando avances en los acuerdos comerciales, mientras que, asegur\u00f3 que la situaci\u00f3n con China va por buen camino.<\/p>\n\n\n\n<p class=\"wp-block-paragraph\">El mercado de capitales cerr\u00f3 la sesi\u00f3n con ganancias entre los principales \u00edndices burs\u00e1tiles a nivel global. Los avances de la sesi\u00f3n se dan por un efecto rebote, luego de las fuertes p\u00e9rdidas observadas en la sesi\u00f3n del lunes.<\/p>\n\n\n\n<p class=\"wp-block-paragraph\">El Dow Jones registr\u00f3 una ganancia de 2.66%, cortando una racha de cuatro sesiones de p\u00e9rdidas. El Nasdaq Composite mostr\u00f3 un avance de 2.71% y el S&amp;P 500 subi\u00f3 2.51%, la mayor alza desde el 9 de abril.<\/p>\n\n\n\n<p class=\"wp-block-paragraph\">En M\u00e9xico, el \u00cdndice de Precios y Cotizaciones de la BMV cerr\u00f3 la sesi\u00f3n con una ganancia de 1.9%, ligando cinco sesiones al alza, algo que no ocurr\u00eda desde el 7 al 13 de febrero, cerrando en su mayor nivel desde el 12 de julio del 2024. Al interior, resaltaron los aumentos de las emisoras como Banorte, con un incremento de 4.5%; Walmex, 4.5%; Cemex, 3.7%; Am\u00e9rica M\u00f3vil, 2.3%; y Femsa, 1.1%.<\/p>\n\n\n\n<p class=\"wp-block-paragraph\">En el mercado de materias primas, el oro cerr\u00f3 la sesi\u00f3n perdiendo 1.55%, cotizando en tres mil 281 d\u00f3lares por onza, luego de tocar un nuevo m\u00e1ximo hist\u00f3rico de tres mil 500 d\u00f3lares.<\/p>\n\n\n\n<p class=\"wp-block-paragraph\">Por su parte, el petr\u00f3leo WTI de referencia para la mezcla mexicana, cerr\u00f3 la sesi\u00f3n cotizando en 64.31 d\u00f3lares por barril, ganando 1.95%, ante la expectativa de una menor oferta global.<\/p>\n\n\n\n<p class=\"wp-block-paragraph\"><em>Con informaci\u00f3n de El Financiero<\/em>.<\/p>\n","protected":false},"excerpt":{"rendered":"<p>Luego de llegar a tocar un m\u00ednimo de 19.52 pesos por d\u00f3lar en la jornada, la divisa mexicana en los mercados internacionales concluy\u00f3 la sesi\u00f3n alrededor de 20.63 unidades, lo que signific\u00f3 una apreciaci\u00f3n de 0.46% o 9 centavos respecto a la cierre anterior, de acuerdo con informaci\u00f3n de Bloomberg. Por su parte, el d\u00f3lar [&hellip;]<\/p>\n","protected":false},"author":6,"featured_media":57704,"comment_status":"closed","ping_status":"closed","sticky":false,"template":"","format":"standard","meta":{"_acf_changed":false,"_monsterinsights_skip_tracking":false,"slim_seo":{"title":"Superpeso se fortalece frente al d\u00f3lar, cierra en 19.52; mercados atentos por posibles acuerdos comerciales de EU - Opini\u00f3n P\u00fablica","description":"Luego de llegar a tocar un m\u00ednimo de 19.52 pesos por d\u00f3lar en la jornada, la divisa mexicana en los mercados internacionales concluy\u00f3 la sesi\u00f3n alrededor de 20."},"footnotes":""},"categories":[3],"tags":[],"class_list":["post-57700","post","type-post","status-publish","format-standard","has-post-thumbnail","hentry","category-principal"],"acf":[],"_links":{"self":[{"href":"https:\/\/www.opinionpublica.tv\/portada\/wp-json\/wp\/v2\/posts\/57700","targetHints":{"allow":["GET"]}}],"collection":[{"href":"https:\/\/www.opinionpublica.tv\/portada\/wp-json\/wp\/v2\/posts"}],"about":[{"href":"https:\/\/www.opinionpublica.tv\/portada\/wp-json\/wp\/v2\/types\/post"}],"author":[{"embeddable":true,"href":"https:\/\/www.opinionpublica.tv\/portada\/wp-json\/wp\/v2\/users\/6"}],"replies":[{"embeddable":true,"href":"https:\/\/www.opinionpublica.tv\/portada\/wp-json\/wp\/v2\/comments?post=57700"}],"version-history":[{"count":3,"href":"https:\/\/www.opinionpublica.tv\/portada\/wp-json\/wp\/v2\/posts\/57700\/revisions"}],"predecessor-version":[{"id":57705,"href":"https:\/\/www.opinionpublica.tv\/portada\/wp-json\/wp\/v2\/posts\/57700\/revisions\/57705"}],"wp:featuredmedia":[{"embeddable":true,"href":"https:\/\/www.opinionpublica.tv\/portada\/wp-json\/wp\/v2\/media\/57704"}],"wp:attachment":[{"href":"https:\/\/www.opinionpublica.tv\/portada\/wp-json\/wp\/v2\/media?parent=57700"}],"wp:term":[{"taxonomy":"category","embeddable":true,"href":"https:\/\/www.opinionpublica.tv\/portada\/wp-json\/wp\/v2\/categories?post=57700"},{"taxonomy":"post_tag","embeddable":true,"href":"https:\/\/www.opinionpublica.tv\/portada\/wp-json\/wp\/v2\/tags?post=57700"}],"curies":[{"name":"wp","href":"https:\/\/api.w.org\/{rel}","templated":true}]}}