{"id":57692,"date":"2025-04-23T00:01:00","date_gmt":"2025-04-23T06:01:00","guid":{"rendered":"https:\/\/www.opinionpublica.tv\/portada\/?p=57692"},"modified":"2025-04-22T19:32:49","modified_gmt":"2025-04-23T01:32:49","slug":"pelea-en-vaticano-cardenal-destituido-por-francisco-exige-participar-en-conclave","status":"publish","type":"post","link":"https:\/\/www.opinionpublica.tv\/portada\/pelea-en-vaticano-cardenal-destituido-por-francisco-exige-participar-en-conclave\/","title":{"rendered":"Pelea en El Vaticano: Cardenal destituido por Papa Francisco exige participar en C\u00f3nclave"},"content":{"rendered":"\n<figure class=\"wp-block-image size-full\"><img fetchpriority=\"high\" decoding=\"async\" width=\"1100\" height=\"666\" src=\"https:\/\/www.opinionpublica.tv\/portada\/wp-content\/uploads\/2025\/04\/Pelea-en-Vaticano-Cardenal-destituido-por-Papa-Francisco-exige-participar-en-Conclave.avif\" alt=\"Pelea en vaticano cardenal destituido por papa francisco exige participar en co\u0301nclave\" class=\"wp-image-57696\"\/><\/figure>\n\n\n\n<p class=\"wp-block-paragraph\"><em>Ciudad del Vaticano<\/em>.- El cardenal italiano Angelo Becciu, condenado a cinco a\u00f1os y seis meses de c\u00e1rcel por un caso de irregularidades financieras, y al que el papa Francisco retir\u00f3 sus privilegios como purpurado, es la gran inc\u00f3gnita del pr\u00f3ximo c\u00f3nclave que elegir\u00e1 al sucesor del Pont\u00edfice ya que se desconoce si podr\u00e1 entrar.<\/p>\n\n\n\n<p class=\"wp-block-paragraph\">Salvo decisi\u00f3n contraria, no debe participar en el c\u00f3nclave, e incluso en las estad\u00edsticas del Vaticano le cuentan como cardenal no elector, a pesar de tener 76 a\u00f1os.<\/p>\n\n\n\n<p class=\"wp-block-paragraph\">La oficina de prensa del Vaticano asegur\u00f3 que todos los cardenales, incluido el que fuera el poderoso sustituto de Estado vaticano, pueden participar en las congregaciones, las reuniones preparatorias, pero que otra cosa es entrar en el c\u00f3nclave.<\/p>\n\n\n\n<p class=\"wp-block-paragraph\">En 2020, Francisco lo suspendi\u00f3, despoj\u00e1ndolo de los \u201cderechos asociados al cardenalato\u201d tras conocerse su implicaci\u00f3n en irregularidades financieras.<\/p>\n\n\n\n<p class=\"wp-block-paragraph\">Pero no suspendi\u00f3 sus deberes, entre los que corresponden a un cardenal est\u00e1 la elecci\u00f3n de un nuevo papa, explican los analistas.<\/p>\n\n\n\n<p class=\"wp-block-paragraph\">\u00abEl Papa reconoci\u00f3 mis prerrogativas cardenalicias como intactas ya que no hubo voluntad expl\u00edcita de excluirme del c\u00f3nclave ni petici\u00f3n de mi renuncia expl\u00edcita por escrito\u00bb, declar\u00f3 este martes Becciu al diario Unione Sarda.<\/p>\n\n\n\n<p class=\"wp-block-paragraph\">Seguramente la cuesti\u00f3n de la participaci\u00f3n de Becciu ser\u00e1 uno de los argumentos que se debatir\u00e1 en las congregaciones de cardenales, las reuniones preparatorias del c\u00f3nclave.<\/p>\n\n\n\n<p class=\"wp-block-paragraph\">Becciu, primer cardenal juzgado por un tribunal penal del Vaticano, tambi\u00e9n fue condenado a inhabilitaci\u00f3n \u00abperpetua\u00bb para ejercer cargos en la Santa Sede.<\/p>\n\n\n\n<p class=\"wp-block-paragraph\">El esc\u00e1ndalo estall\u00f3 al trascender la compra de un edificio en el coraz\u00f3n londinense, en Sloane Avenue, una antigua sede de las galer\u00edas Harrods en el exclusivo barrio de Chelsea.<\/p>\n\n\n\n<p class=\"wp-block-paragraph\">Adem\u00e1s, durante el proceso surgieron otros delitos financieros cometidos presuntamente por Becciu como las donaciones de 125 mil euros que el cardenal ingres\u00f3 en la cuenta de una asociaci\u00f3n, vinculada a la C\u00e1ritas sarda de Ozieri, su lugar natal, y que en ese momento presid\u00eda uno de sus hermanos.<\/p>\n\n\n\n<p class=\"wp-block-paragraph\">En el c\u00f3nclave, en el que entrar\u00e1n 133 cardenales, si no se cuenta a Becciu y otros dos cardenales que por razones de salud no asistir\u00e1n, tambi\u00e9n hay dos casos peculiares.<\/p>\n\n\n\n<p class=\"wp-block-paragraph\">El cardenal Philippe Ou\u00e9draogo de Burkina Faso, ten\u00eda como fecha de nacimiento el 25 de enero de 1945 en el nuevo anuario pontificio de 2024, aunque el octog\u00e9simo cumplea\u00f1os se pospone al 31 de diciembre, por lo que podr\u00e1 entrar en la Capilla Sixtina, revel\u00f3 el medio Nederlands Dagblad.<\/p>\n\n\n\n<p class=\"wp-block-paragraph\">Hace unos meses, el diario de la Conferencia Episcopal italiana, Avvenire, tambi\u00e9n destac\u00f3 un precedente, el del keniano John Njue, cuyo nacimiento hab\u00eda sido corregido de 1944 a 1946: \u00e9l tambi\u00e9n ser\u00eda todav\u00eda elector en un posible c\u00f3nclave.<\/p>\n\n\n\n<p class=\"wp-block-paragraph\">El periodista holand\u00e9s pregunt\u00f3 a Ou\u00e9draogo: \u00abEn mi pueblo no hab\u00eda hospitales ni escuelas. Nac\u00ed en casa y no me dieron fecha de nacimiento\u00bb, dijo el cardenal.<\/p>\n\n\n\n<p class=\"wp-block-paragraph\">\u201cEs posible que hayan llegado algunos documentos\u201d, comentaron desde la oficina de prensa del Vaticano. (El Universal)<\/p>\n","protected":false},"excerpt":{"rendered":"<p>Ciudad del Vaticano.- El cardenal italiano Angelo Becciu, condenado a cinco a\u00f1os y seis meses de c\u00e1rcel por un caso de irregularidades financieras, y al que el papa Francisco retir\u00f3 sus privilegios como purpurado, es la gran inc\u00f3gnita del pr\u00f3ximo c\u00f3nclave que elegir\u00e1 al sucesor del Pont\u00edfice ya que se desconoce si podr\u00e1 entrar. Salvo [&hellip;]<\/p>\n","protected":false},"author":6,"featured_media":57696,"comment_status":"closed","ping_status":"closed","sticky":false,"template":"","format":"standard","meta":{"_acf_changed":false,"_monsterinsights_skip_tracking":false,"slim_seo":{"title":"Pelea en El Vaticano: Cardenal destituido por Papa Francisco exige participar en C\u00f3nclave - Opini\u00f3n P\u00fablica","description":"Ciudad del Vaticano .- El cardenal italiano Angelo Becciu, condenado a cinco a\u00f1os y seis meses de c\u00e1rcel por un caso de irregularidades financieras, y al que el"},"footnotes":""},"categories":[4],"tags":[],"class_list":["post-57692","post","type-post","status-publish","format-standard","has-post-thumbnail","hentry","category-pulsopolitico"],"acf":[],"_links":{"self":[{"href":"https:\/\/www.opinionpublica.tv\/portada\/wp-json\/wp\/v2\/posts\/57692","targetHints":{"allow":["GET"]}}],"collection":[{"href":"https:\/\/www.opinionpublica.tv\/portada\/wp-json\/wp\/v2\/posts"}],"about":[{"href":"https:\/\/www.opinionpublica.tv\/portada\/wp-json\/wp\/v2\/types\/post"}],"author":[{"embeddable":true,"href":"https:\/\/www.opinionpublica.tv\/portada\/wp-json\/wp\/v2\/users\/6"}],"replies":[{"embeddable":true,"href":"https:\/\/www.opinionpublica.tv\/portada\/wp-json\/wp\/v2\/comments?post=57692"}],"version-history":[{"count":5,"href":"https:\/\/www.opinionpublica.tv\/portada\/wp-json\/wp\/v2\/posts\/57692\/revisions"}],"predecessor-version":[{"id":57699,"href":"https:\/\/www.opinionpublica.tv\/portada\/wp-json\/wp\/v2\/posts\/57692\/revisions\/57699"}],"wp:featuredmedia":[{"embeddable":true,"href":"https:\/\/www.opinionpublica.tv\/portada\/wp-json\/wp\/v2\/media\/57696"}],"wp:attachment":[{"href":"https:\/\/www.opinionpublica.tv\/portada\/wp-json\/wp\/v2\/media?parent=57692"}],"wp:term":[{"taxonomy":"category","embeddable":true,"href":"https:\/\/www.opinionpublica.tv\/portada\/wp-json\/wp\/v2\/categories?post=57692"},{"taxonomy":"post_tag","embeddable":true,"href":"https:\/\/www.opinionpublica.tv\/portada\/wp-json\/wp\/v2\/tags?post=57692"}],"curies":[{"name":"wp","href":"https:\/\/api.w.org\/{rel}","templated":true}]}}