{"id":57649,"date":"2025-04-23T00:01:00","date_gmt":"2025-04-23T06:01:00","guid":{"rendered":"https:\/\/www.opinionpublica.tv\/portada\/?p=57649"},"modified":"2025-04-21T21:43:37","modified_gmt":"2025-04-22T03:43:37","slug":"efemerides-23-de-abril-5","status":"publish","type":"post","link":"https:\/\/www.opinionpublica.tv\/portada\/efemerides-23-de-abril-5\/","title":{"rendered":"Efem\u00e9rides 23 de abril"},"content":{"rendered":"\n<p class=\"wp-block-paragraph\"><em>Un d\u00eda 23 de abril como hoy, pero de 1982, el poeta mexicano Octavio Paz, recibe el premio Cervantes 1981<\/em>.<\/p>\n\n\n\n<figure class=\"wp-block-image size-full\"><img fetchpriority=\"high\" decoding=\"async\" width=\"600\" height=\"395\" src=\"https:\/\/www.opinionpublica.tv\/portada\/wp-content\/uploads\/2025\/04\/el-poeta-mexicano-Octavio-Paz-recibe-el-premio-Cervantes-1981.jpg\" alt=\"El poeta mexicano octavio paz, recibe el premio cervantes 1981\" class=\"wp-image-57650\" srcset=\"https:\/\/www.opinionpublica.tv\/portada\/wp-content\/uploads\/2025\/04\/el-poeta-mexicano-Octavio-Paz-recibe-el-premio-Cervantes-1981.jpg 600w, https:\/\/www.opinionpublica.tv\/portada\/wp-content\/uploads\/2025\/04\/el-poeta-mexicano-Octavio-Paz-recibe-el-premio-Cervantes-1981-300x198.jpg 300w\" sizes=\"(max-width: 600px) 100vw, 600px\" \/><\/figure>\n\n\n\n<p class=\"wp-block-paragraph\"><strong>Otras efem\u00e9rides<\/strong><\/p>\n\n\n\n<p class=\"wp-block-paragraph\">1348.- El rey Eduardo III de Inglaterra crea la Nobil\u00edsima Orden de la Jarretera.<\/p>\n\n\n\n<p class=\"wp-block-paragraph\">1516.- Proclamaci\u00f3n de la Ley de Pureza a la cerveza b\u00e1vara por parte del duque Guillermo IV de Baviera.<\/p>\n\n\n\n<p class=\"wp-block-paragraph\">1616.- Los restos mortales de Cervantes son enterrados en la iglesia de las Trinitarias, en Madrid.<\/p>\n\n\n\n<p class=\"wp-block-paragraph\">1844.- Comienza la publicaci\u00f3n de los Anales de la Universidad de Chile, la obra peri\u00f3dica en espa\u00f1ol m\u00e1s antigua de Am\u00e9rica.<\/p>\n\n\n\n<p class=\"wp-block-paragraph\">1848.- Los franceses votan por primera vez de acuerdo con el sufragio universal establecido en el pa\u00eds.<\/p>\n\n\n\n<p class=\"wp-block-paragraph\">1919.- La Asamblea Nacional francesa aprueba la jornada laboral de ocho horas.<\/p>\n\n\n\n<p class=\"wp-block-paragraph\">1920.- Inaugurada en Ankara la Gran Asamblea Nacional Turca, que proclama la destituci\u00f3n del sult\u00e1n Mehmet VI.<\/p>\n\n\n\n<p class=\"wp-block-paragraph\">1925.- Primera edici\u00f3n de El Quijote en sistema Braille.<\/p>\n\n\n\n<p class=\"wp-block-paragraph\">1951.- Inicio en M\u00e9xico el primer Congreso de Academias de la Lengua Espa\u00f1ola.<\/p>\n\n\n\n<p class=\"wp-block-paragraph\">1968.- Sud\u00e1frica es excluida de los Juegos Ol\u00edmpicos de M\u00e9xico por su pol\u00edtica de apartheid.<\/p>\n\n\n\n<p class=\"wp-block-paragraph\">1982.- Lanzado al mercado el ZX Spectrum, uno de los ordenadores m\u00e1s populares de los a\u00f1os 80.<\/p>\n\n\n\n<p class=\"wp-block-paragraph\">1986.- Oleada de 23 suicidios de j\u00f3venes en Jap\u00f3n despu\u00e9s de que lo hiciese la cantante \u00abpop\u00bb Yukito Okada, de 18 a\u00f1os.<\/p>\n\n\n\n<p class=\"wp-block-paragraph\">1990.- Namibia es admitida oficialmente como miembro de la ONU.<\/p>\n\n\n\n<p class=\"wp-block-paragraph\">1993.- Los presidentes de Guatemala, Honduras, El Salvador y Nicaragua firman en Managua un acuerdo para establecer una zona de libre comercio y uni\u00f3n aduanera.<\/p>\n\n\n\n<p class=\"wp-block-paragraph\">1995.- La Organizaci\u00f3n de las Naciones Unidas para la Educaci\u00f3n, la Ciencia y la Cultura (UNESCO) declara El D\u00eda Mundial del Libro y el Derecho de Autor.<\/p>\n\n\n\n<p class=\"wp-block-paragraph\">1998.- El cubano Guillermo Cabrera Infante recibe el Premio Cervantes de Literatura de manos del Rey de Espa\u00f1a.<\/p>\n\n\n\n<p class=\"wp-block-paragraph\">2002.- Uruguay rompe relaciones diplom\u00e1ticas con Cuba.<\/p>\n\n\n\n<p class=\"wp-block-paragraph\">2003.- Yaser Arafat y Abu Mazen firman un hist\u00f3rico acuerdo para la creaci\u00f3n de un Gobierno palestino.<\/p>\n\n\n\n<p class=\"wp-block-paragraph\">2003.- El presidente de Brasil, Luiz In\u00e1cio Lula da Silva, lanza el proyecto \u00abBrasil Alfabetizado\u00bb.<\/p>\n\n\n\n<p class=\"wp-block-paragraph\">2005.- Se publica el primer video en Youtube.<\/p>\n\n\n\n<p class=\"wp-block-paragraph\">2010.- Grecia pide la activaci\u00f3n del mecanismo de ayuda crediticia de la UE y el FMI.<\/p>\n\n\n\n<p class=\"wp-block-paragraph\">2014.- La escritora mexicana Elene Poniatowska recibe el Premio Cervantes.<\/p>\n\n\n\n<p class=\"wp-block-paragraph\">2015.- El volc\u00e1n chileno Calbuco entra en erupci\u00f3n tras 42 a\u00f1os inactivo y obliga a evacuar a m\u00e1s de 6 mil 400 personas.<\/p>\n\n\n\n<p class=\"wp-block-paragraph\">2018.- Un atropello masivo en Toronto (Canad\u00e1) causa al menos diez muertos y 15 heridos.<\/p>\n\n\n\n<p class=\"wp-block-paragraph\">2019.- El s\u00ed gana el refer\u00e9ndum para la reforma de la Constituci\u00f3n egipcia, avalando la ampliaci\u00f3n del mandato del presidente, Abedelfatah al Sisi.<\/p>\n\n\n\n<p class=\"wp-block-paragraph\">2019.- La Justicia de Brasil reduce a ocho a\u00f1os, diez meses y veinte d\u00edas la pena de doce a\u00f1os de c\u00e1rcel dictada por una corte inferior contra el expresidente, Luiz In\u00e1cio Lula da Silva.<\/p>\n\n\n\n<p class=\"wp-block-paragraph\">2022.- La Uni\u00f3n Europea obliga a las plataformas digitales a controlar sus contenidos y retirar los ilegales.<\/p>\n\n\n\n<p class=\"wp-block-paragraph\"><strong>Nacimientos<\/strong><\/p>\n\n\n\n<p class=\"wp-block-paragraph\">1858.- Max Planck, f\u00edsico alem\u00e1n, autor de las bases de la Teor\u00eda Cu\u00e1ntica y premio Nobel de F\u00edsica 1918.<\/p>\n\n\n\n<p class=\"wp-block-paragraph\">1897.- Lester Pearson, pol\u00edtico canadiense, Premio Nobel de la Paz 1957.<\/p>\n\n\n\n<p class=\"wp-block-paragraph\">1899.- Vladimir Nabokov, escritor ruso.<\/p>\n\n\n\n<p class=\"wp-block-paragraph\">1902.- Halldor Kilian Laxnes, novelista island\u00e9s, Premio Nobel de Literatura 1955.<\/p>\n\n\n\n<p class=\"wp-block-paragraph\">1923.- Manuel Mej\u00eda Vallejo, escritor colombiano, premio Nadal 1963.<\/p>\n\n\n\n<p class=\"wp-block-paragraph\">1928.- Shirley Temple, actriz de cine y embajadora estadounidense.<\/p>\n\n\n\n<p class=\"wp-block-paragraph\">1936.- Roy Orbison, cantante estadounidense.<\/p>\n\n\n\n<p class=\"wp-block-paragraph\">1943.- Carmen Cervera, baronesa Thysen, espa\u00f1ola.<\/p>\n\n\n\n<p class=\"wp-block-paragraph\">1954.- Michael Moore, escritor y cineasta estadounidense.<\/p>\n\n\n\n<p class=\"wp-block-paragraph\">1969.- Mart\u00edn L\u00f3pez Zubero, nadador hispano-estadounidense.<\/p>\n\n\n\n<p class=\"wp-block-paragraph\">1995.- Gigi Hadid, modelo estadounidense.<\/p>\n\n\n\n<p class=\"wp-block-paragraph\">2018.- Pr\u00edncipe Luis de Gales, cuarto en la l\u00ednea de sucesi\u00f3n del trono brit\u00e1nico.<\/p>\n\n\n\n<p class=\"wp-block-paragraph\"><strong>Defunciones<\/strong><\/p>\n\n\n\n<p class=\"wp-block-paragraph\">1616.- William Shakespeare, dramaturgo ingl\u00e9s (seg\u00fan el calendario juliano, lo que supone que en realidad, feneci\u00f3 el 3 de mayo de ese mismo a\u00f1o).<\/p>\n\n\n\n<p class=\"wp-block-paragraph\">1616.- Inca Garcilaso de la Vega, escritor e historiador hispano-peruano.<\/p>\n\n\n\n<p class=\"wp-block-paragraph\">1986.- Otto Preminger, cineasta estadounidense.<\/p>\n\n\n\n<p class=\"wp-block-paragraph\">1990.- Paulette Goddard, actriz estadounidense.<\/p>\n\n\n\n<p class=\"wp-block-paragraph\">1998.- Constantinos Caramanlis, ex presidente y ex primer ministro griego.<\/p>\n\n\n\n<p class=\"wp-block-paragraph\">2005.- Sir John Mills, actor brit\u00e1nico.<\/p>\n\n\n\n<p class=\"wp-block-paragraph\">2007.- Boris Yeltsin, primer presidente ruso.<\/p>\n\n\n\n<p class=\"wp-block-paragraph\">2013.- Mul\u00e1 Omar, l\u00edder de los talibanes.<\/p>\n\n\n\n<p class=\"wp-block-paragraph\">2016.- Papa Wemba, cantante congole\u00f1o.<\/p>\n\n\n\n<p class=\"wp-block-paragraph\">2019.- Juan de Luxemburgo.<\/p>\n\n\n\n<p class=\"wp-block-paragraph\">2021.- Milva (Maria Ilva Biolcati), cantante italiana. 2021.- Mario Meoni, pol\u00edtico argentino.<\/p>\n","protected":false},"excerpt":{"rendered":"<p>Un d\u00eda 23 de abril como hoy, pero de 1982, el poeta mexicano Octavio Paz, recibe el premio Cervantes 1981. Otras efem\u00e9rides 1348.- El rey Eduardo III de Inglaterra crea la Nobil\u00edsima Orden de la Jarretera. 1516.- Proclamaci\u00f3n de la Ley de Pureza a la cerveza b\u00e1vara por parte del duque Guillermo IV de Baviera. [&hellip;]<\/p>\n","protected":false},"author":6,"featured_media":57650,"comment_status":"closed","ping_status":"closed","sticky":false,"template":"","format":"standard","meta":{"_acf_changed":false,"_monsterinsights_skip_tracking":false,"slim_seo":{"title":"Efem\u00e9rides 23 de abril - Opini\u00f3n P\u00fablica","description":"Un d\u00eda 23 de abril como hoy, pero de 1982, el poeta mexicano Octavio Paz, recibe el premio Cervantes 1981 . Otras efem\u00e9rides 1348.- El rey Eduardo III de Inglat"},"footnotes":""},"categories":[27],"tags":[],"class_list":["post-57649","post","type-post","status-publish","format-standard","has-post-thumbnail","hentry","category-un-dia-como-hoy"],"acf":[],"_links":{"self":[{"href":"https:\/\/www.opinionpublica.tv\/portada\/wp-json\/wp\/v2\/posts\/57649","targetHints":{"allow":["GET"]}}],"collection":[{"href":"https:\/\/www.opinionpublica.tv\/portada\/wp-json\/wp\/v2\/posts"}],"about":[{"href":"https:\/\/www.opinionpublica.tv\/portada\/wp-json\/wp\/v2\/types\/post"}],"author":[{"embeddable":true,"href":"https:\/\/www.opinionpublica.tv\/portada\/wp-json\/wp\/v2\/users\/6"}],"replies":[{"embeddable":true,"href":"https:\/\/www.opinionpublica.tv\/portada\/wp-json\/wp\/v2\/comments?post=57649"}],"version-history":[{"count":1,"href":"https:\/\/www.opinionpublica.tv\/portada\/wp-json\/wp\/v2\/posts\/57649\/revisions"}],"predecessor-version":[{"id":57651,"href":"https:\/\/www.opinionpublica.tv\/portada\/wp-json\/wp\/v2\/posts\/57649\/revisions\/57651"}],"wp:featuredmedia":[{"embeddable":true,"href":"https:\/\/www.opinionpublica.tv\/portada\/wp-json\/wp\/v2\/media\/57650"}],"wp:attachment":[{"href":"https:\/\/www.opinionpublica.tv\/portada\/wp-json\/wp\/v2\/media?parent=57649"}],"wp:term":[{"taxonomy":"category","embeddable":true,"href":"https:\/\/www.opinionpublica.tv\/portada\/wp-json\/wp\/v2\/categories?post=57649"},{"taxonomy":"post_tag","embeddable":true,"href":"https:\/\/www.opinionpublica.tv\/portada\/wp-json\/wp\/v2\/tags?post=57649"}],"curies":[{"name":"wp","href":"https:\/\/api.w.org\/{rel}","templated":true}]}}