{"id":57638,"date":"2025-04-22T00:01:00","date_gmt":"2025-04-22T06:01:00","guid":{"rendered":"https:\/\/www.opinionpublica.tv\/portada\/?p=57638"},"modified":"2025-04-21T21:19:22","modified_gmt":"2025-04-22T03:19:22","slug":"video-que-logro-cambiar-el-papa-francisco-en-la-iglesia-catolica-y-que-no-bbc","status":"publish","type":"post","link":"https:\/\/www.opinionpublica.tv\/portada\/video-que-logro-cambiar-el-papa-francisco-en-la-iglesia-catolica-y-que-no-bbc\/","title":{"rendered":"Video: Qu\u00e9 logr\u00f3 cambiar Francisco en la Iglesia Cat\u00f3lica y qu\u00e9 no | BBC"},"content":{"rendered":"\n<figure class=\"wp-block-embed is-type-video is-provider-youtube wp-block-embed-youtube wp-embed-aspect-16-9 wp-has-aspect-ratio\"><div class=\"wp-block-embed__wrapper\">\n<iframe title=\"Qu\u00e9 logr\u00f3 cambiar el papa Francisco en la Iglesia cat\u00f3lica (y qu\u00e9 no)| BBC Mundo\" width=\"800\" height=\"450\" src=\"https:\/\/www.youtube.com\/embed\/NkSX0Nz5LJo?feature=oembed\" frameborder=\"0\" allow=\"accelerometer; autoplay; clipboard-write; encrypted-media; gyroscope; picture-in-picture; web-share\" referrerpolicy=\"strict-origin-when-cross-origin\" allowfullscreen><\/iframe>\n<\/div><\/figure>\n\n\n\n<p class=\"wp-block-paragraph\">Jorge Mario Bergoglio, el Papa Francisco, falleci\u00f3 tras 12 a\u00f1os de papado en los que marc\u00f3 varios hitos. Cuando fue elegido sucesor de Benedicto XVI en 2013, la imagen de la Iglesia se encontraba da\u00f1ada tras varios esc\u00e1ndalos de corrupci\u00f3n, abusos y conflictos internos.<\/p>\n\n\n\n<p class=\"wp-block-paragraph\">A pesar de la edad a la que comenz\u00f3 su papado, 76 a\u00f1os, viaj\u00f3 a m\u00e1s de 60 pa\u00edses y recibi\u00f3 a l\u00edderes pol\u00edticos, religiosos y sociales en el Vaticano. Destac\u00f3 por su estilo novedoso, su car\u00e1cter c\u00e1lido y humilde, y sus planes de reforma.<\/p>\n\n\n\n<p class=\"wp-block-paragraph\">Aunque tambi\u00e9n recibi\u00f3 fuertes cr\u00edticas de los que no quedaron satisfechos con sus cambios o de los que creyeron que fue demasiado lejos. Este video de la BBC narra sus hitos y tambi\u00e9n que logr\u00f3 cambiar y qu\u00e9 no en la Iglesia Cat\u00f3lica.<\/p>\n\n\n\n<p class=\"wp-block-paragraph\"><em>Cr\u00e9ditos: BBC Mundo<\/em>.<a href=\"https:\/\/www.youtube.com\/@BBCMundo\"><\/a><\/p>\n","protected":false},"excerpt":{"rendered":"<p>Jorge Mario Bergoglio, el Papa Francisco, falleci\u00f3 tras 12 a\u00f1os de papado en los que marc\u00f3 varios hitos. Cuando fue elegido sucesor de Benedicto XVI en 2013, la imagen de la Iglesia se encontraba da\u00f1ada tras varios esc\u00e1ndalos de corrupci\u00f3n, abusos y conflictos internos. A pesar de la edad a la que comenz\u00f3 su papado, [&hellip;]<\/p>\n","protected":false},"author":6,"featured_media":57643,"comment_status":"closed","ping_status":"closed","sticky":false,"template":"","format":"standard","meta":{"_acf_changed":false,"_monsterinsights_skip_tracking":false,"slim_seo":{"title":"Video: Qu\u00e9 logr\u00f3 cambiar Francisco en la Iglesia Cat\u00f3lica y qu\u00e9 no | BBC - Opini\u00f3n P\u00fablica","description":"https:\/\/youtu.be\/NkSX0Nz5LJo?si=JGK-5JbU8jJ_Xg5R Jorge Mario Bergoglio, el Papa Francisco, falleci\u00f3 tras 12 a\u00f1os de papado en los que marc\u00f3 varios hitos. Cuando"},"footnotes":""},"categories":[2,13,8],"tags":[],"class_list":["post-57638","post","type-post","status-publish","format-standard","has-post-thumbnail","hentry","category-videos-destacados","category-videos-destacados-contenido","category-videos"],"acf":[],"_links":{"self":[{"href":"https:\/\/www.opinionpublica.tv\/portada\/wp-json\/wp\/v2\/posts\/57638","targetHints":{"allow":["GET"]}}],"collection":[{"href":"https:\/\/www.opinionpublica.tv\/portada\/wp-json\/wp\/v2\/posts"}],"about":[{"href":"https:\/\/www.opinionpublica.tv\/portada\/wp-json\/wp\/v2\/types\/post"}],"author":[{"embeddable":true,"href":"https:\/\/www.opinionpublica.tv\/portada\/wp-json\/wp\/v2\/users\/6"}],"replies":[{"embeddable":true,"href":"https:\/\/www.opinionpublica.tv\/portada\/wp-json\/wp\/v2\/comments?post=57638"}],"version-history":[{"count":3,"href":"https:\/\/www.opinionpublica.tv\/portada\/wp-json\/wp\/v2\/posts\/57638\/revisions"}],"predecessor-version":[{"id":57642,"href":"https:\/\/www.opinionpublica.tv\/portada\/wp-json\/wp\/v2\/posts\/57638\/revisions\/57642"}],"wp:featuredmedia":[{"embeddable":true,"href":"https:\/\/www.opinionpublica.tv\/portada\/wp-json\/wp\/v2\/media\/57643"}],"wp:attachment":[{"href":"https:\/\/www.opinionpublica.tv\/portada\/wp-json\/wp\/v2\/media?parent=57638"}],"wp:term":[{"taxonomy":"category","embeddable":true,"href":"https:\/\/www.opinionpublica.tv\/portada\/wp-json\/wp\/v2\/categories?post=57638"},{"taxonomy":"post_tag","embeddable":true,"href":"https:\/\/www.opinionpublica.tv\/portada\/wp-json\/wp\/v2\/tags?post=57638"}],"curies":[{"name":"wp","href":"https:\/\/api.w.org\/{rel}","templated":true}]}}