{"id":57633,"date":"2025-04-22T00:01:00","date_gmt":"2025-04-22T06:01:00","guid":{"rendered":"https:\/\/www.opinionpublica.tv\/portada\/?p=57633"},"modified":"2025-04-21T21:10:59","modified_gmt":"2025-04-22T03:10:59","slug":"una-rata-en-tribuna","status":"publish","type":"post","link":"https:\/\/www.opinionpublica.tv\/portada\/una-rata-en-tribuna\/","title":{"rendered":"Una rata en tribuna"},"content":{"rendered":"\n<h4 class=\"wp-block-heading\">Luis Villegas Montes<\/h4>\n\n\n\n<p class=\"wp-block-paragraph\">___________________________<\/p>\n\n\n\n<p class=\"wp-block-paragraph\">Hace unos d\u00edas ocurri\u00f3 una escena de antolog\u00eda: el Senado de la Rep\u00fablica se convirti\u00f3 en un teatrillo de carpa barata; al fondo, en el estrado, aparece el gran actor de comedia involuntaria, el eterno hablador, el desvergonzado profesional, el mequetrefe proverbial: Javier Corral Jurado; y como no pod\u00eda ser de otra manera, fiel a su costumbre, volvi\u00f3 a abrir el hocico para vomitar su sarta de infundios.<\/p>\n\n\n\n<p class=\"wp-block-paragraph\">Transcurridas tres horas con 35 minutos de la sesi\u00f3n (querida lectora, gentil lector, revise la siguiente direcci\u00f3n: https:\/\/www.google.com\/search?q=senado+de+la+Republica+sesion+en+vivo&amp;rlz=1C1CHBF_enMX1152MX1152&amp;oq=senado+de+la+Republica+sesion+en+vivo&amp;gs_lcrp=EgZjaHJvbWUyBggAEEUYOTIKCAEQABgTGBYYHjIKCAIQABgTGBYYHjIHCAMQABjvBTIHCAQQABjvBTIKCAUQABiABBiiBDIHCAYQABjvBdIBCDcxMjJqMGo3qAIAsAIA&amp;sourceid=chrome&amp;ie=UTF-8#fpstate=ive&amp;vld=cid:a3f50064,vid:4C_M4xhtnT4,st:0), el exgobernador de Chihuahua \u2014ahora travestido en senador morenista\u2014, afirm\u00f3 con su habitual voz impostada y su histrionismo de segunda: \u201cLuis Villegas Montes, por cierto, uno de los peores magistrados que ha tenido Chihuahua, es una verg\u00fcenza en el Tribunal de Justicia del Estado\u201d.<\/p>\n\n\n\n<p class=\"wp-block-paragraph\">\u00a1T\u00f3mala! Como si a estas alturas su juicio moral tuviera el m\u00e1s m\u00ednimo valor. Como si su palabra no estuviera ya depreciada por a\u00f1os de trapacer\u00edas, traiciones y ridiculeces p\u00fablicas.<\/p>\n\n\n\n<p class=\"wp-block-paragraph\">S\u00ed se\u00f1or, Javier Corral no es un pol\u00edtico, es un performance fallido, un sketch mal actuado de lo que alguna vez quiso ser un tribuno virtuoso y acab\u00f3 de matraquero del oprobio. Su tr\u00e1nsito por la vida p\u00fablica ha sido como el de una rata enloquecida en un gabinete de porcelana: mucho ruido, muchas roturas y al final\u2026 una peste insoportable.<\/p>\n\n\n\n<p class=\"wp-block-paragraph\">Lo suyo no es el servicio, sino el circo: cada intervenci\u00f3n suya, cada \u201cpronunciamiento categ\u00f3rico\u201d, es una cabriola desesperada por no ser olvidado, un chillido m\u00e1s para no desaparecer bajo el fango de su propio descr\u00e9dito.<\/p>\n\n\n\n<p class=\"wp-block-paragraph\">As\u00ed que cuando el hoy Senador de MORENA (\u00a1ay, qu\u00e9 delicia escribirlo as\u00ed!) pretende insultar llam\u00e1ndome \u201cuna verg\u00fcenza para el Tribunal\u201d, lo \u00fanico que hace es certificar su propio naufragio \u00e9tico. Porque si alguien sabe de verg\u00fcenzas \u2014propias y ajenas\u2014, si alguien ha hecho de la deshonra un modo de vida y del trapecismo moral una vocaci\u00f3n incesante, ese es Javier Corral; sus ladridos los agradezco viniendo de quien vienen: uno que hace rato dej\u00f3 de distinguir la decencia del excremento.<\/p>\n\n\n\n<p class=\"wp-block-paragraph\">Porque, a ver, Javier, \u00bfverg\u00fcenza yo? \u00a1Verg\u00fcenza t\u00fa, infeliz! Que no s\u00f3lo te fuiste por la puerta trasera del PAN, sino que la cerraste con pestillo y ahora andas mendigando cari\u00f1o entre faldas y braguetas de morenistas, como perro apaleado que cambia de amo cada sexenio.<\/p>\n\n\n\n<p class=\"wp-block-paragraph\">\u00bfVienes t\u00fa, precisamente t\u00fa, a hablar de verg\u00fcenza en el Poder Judicial? El mismo que intentaste manipular con tus llamadas indecorosas, tus imposiciones ilegales y tus grotescos experimentos con Lucha Castro y compa\u00f1\u00eda.<\/p>\n\n\n\n<p class=\"wp-block-paragraph\">\u00bfQu\u00e9 sabes t\u00fa de la judicatura, si nunca supiste ni de derecho constitucional ni de administrativo, y menos de moral p\u00fablica, estudiantillo (ahora m\u00e1s que nunca de cuarta), leguleyo de mentiritas? Lo tuyo ha sido siempre el alarde, la grilla, el autoelogio, el berrinche. El uso de tribunas \u2014antes las de Acci\u00f3n Nacional, ahora las del MORENA\u2014 para arremeter contra todo aquel que ose llevarte la contraria, o peor a\u00fan, recordarte tus bajezas. Te crees palad\u00edn de la democracia cuando en realidad eres un pe\u00f3n disfrazado de rey.<\/p>\n\n\n\n<p class=\"wp-block-paragraph\">Es pat\u00e9tico \u2014no hay otra palabra\u2014 que un hombre con tu historial, lleno de lodo y oportunismo, se atreva a poner en duda mi trayectoria, cuando t\u00fa no puedes mirar atr\u00e1s sin encontrarte con los escombros de tu propia desverg\u00fcenza. T\u00fa, que te cagaste \u2014con perd\u00f3n de la expresi\u00f3n, pero no hay otra\u2014 en todo lo que dec\u00edas defender: en la independencia judicial, en el PAN, en el federalismo, en el respeto institucional. Cada principio que invocabas en tus floridos discursos hoy yace pisoteado bajo tus zapatos sucios de traici\u00f3n.<\/p>\n\n\n\n<p class=\"wp-block-paragraph\">Ya puestos, d\u00e9jame recordarte algo, Javier: t\u00fa no estar\u00edas en el Senado, ni habr\u00edas sido diputado, ni senador, ni gobernador, sin el trabajo de muchos a quienes luego escupiste.<\/p>\n\n\n\n<p class=\"wp-block-paragraph\">Sin mi presencia, mis litigios, mis escritos, mi lucha\u2026 mis pantalones. Sin mi entrega, que t\u00fa, ingrato y miserable, convertiste en tu pedestal moment\u00e1neo para luego empujarme por la borda en cuanto ya no te serv\u00eda. De ingratos como t\u00fa, est\u00e1 llena la historia\u2026 pero tambi\u00e9n la historia se encarga de ponerlos en su lugar.<\/p>\n\n\n\n<p class=\"wp-block-paragraph\">As\u00ed que no, Javier, no soy una verg\u00fcenza. Soy un hombre (yo s\u00ed) \u00edntegro, un abogado de carrera, alguien que ha dedicado su vida a las leyes y a las letras. T\u00fa, en cambio, eres la encarnaci\u00f3n del fracaso pol\u00edtico y moral. Un buf\u00f3n sin gracia, un Judas sin remordimiento, un hablador compulsivo que ya ni se escucha a s\u00ed mismo. Tu palabra vale lo que una promesa en mitin de campa\u00f1a: aire caliente, saliva desperdiciada.<\/p>\n\n\n\n<p class=\"wp-block-paragraph\">Con tu venia, caro Senado, pero el que debe pedir disculpas p\u00fablicas \u2014y no s\u00f3lo a m\u00ed, sino a Chihuahua entero\u2014 eres t\u00fa, Javier Corral; y si algo de honor o verg\u00fcenza te queda (que lo dudo), accede a un debate p\u00fablico, donde sin asesores ni tarjetitas, pongamos las cartas sobre la mesa y se vea qui\u00e9n es qui\u00e9n.<\/p>\n\n\n\n<p class=\"wp-block-paragraph\">Spoiler: no vas a responder. Porque la verdad no est\u00e1 de tu lado, porque eres un cobarde (m\u00faltiples videos en lugares p\u00fablicos dan fe de ello) y porque la historia te va a recordar no como un defensor de la justicia, sino como un pelele grit\u00f3n, un traidor serial y un cobarde de marca.<\/p>\n\n\n\n<p class=\"wp-block-paragraph\">Te espero. Donde quieras, cuando quieras. Como siempre,<\/p>\n\n\n\n<p class=\"wp-block-paragraph\">Doctor Luis Villegas Montes, Magistrado. Con todas sus letras. Aunque te pese.<\/p>\n","protected":false},"excerpt":{"rendered":"<p>Luis Villegas Montes ___________________________ Hace unos d\u00edas ocurri\u00f3 una escena de antolog\u00eda: el Senado de la Rep\u00fablica se convirti\u00f3 en un teatrillo de carpa barata; al fondo, en el estrado, aparece el gran actor de comedia involuntaria, el eterno hablador, el desvergonzado profesional, el mequetrefe proverbial: Javier Corral Jurado; y como no pod\u00eda ser de [&hellip;]<\/p>\n","protected":false},"author":6,"featured_media":45647,"comment_status":"closed","ping_status":"closed","sticky":false,"template":"","format":"standard","meta":{"_acf_changed":false,"_monsterinsights_skip_tracking":false,"slim_seo":{"title":"Una rata en tribuna - Opini\u00f3n P\u00fablica","description":"Luis Villegas Montes ___________________________ Hace unos d\u00edas ocurri\u00f3 una escena de antolog\u00eda: el Senado de la Rep\u00fablica se convirti\u00f3 en un teatrillo de carpa"},"footnotes":""},"categories":[19],"tags":[78],"class_list":["post-57633","post","type-post","status-publish","format-standard","has-post-thumbnail","hentry","category-principal-columnas","tag-luis-villegas"],"acf":[],"_links":{"self":[{"href":"https:\/\/www.opinionpublica.tv\/portada\/wp-json\/wp\/v2\/posts\/57633","targetHints":{"allow":["GET"]}}],"collection":[{"href":"https:\/\/www.opinionpublica.tv\/portada\/wp-json\/wp\/v2\/posts"}],"about":[{"href":"https:\/\/www.opinionpublica.tv\/portada\/wp-json\/wp\/v2\/types\/post"}],"author":[{"embeddable":true,"href":"https:\/\/www.opinionpublica.tv\/portada\/wp-json\/wp\/v2\/users\/6"}],"replies":[{"embeddable":true,"href":"https:\/\/www.opinionpublica.tv\/portada\/wp-json\/wp\/v2\/comments?post=57633"}],"version-history":[{"count":4,"href":"https:\/\/www.opinionpublica.tv\/portada\/wp-json\/wp\/v2\/posts\/57633\/revisions"}],"predecessor-version":[{"id":57637,"href":"https:\/\/www.opinionpublica.tv\/portada\/wp-json\/wp\/v2\/posts\/57633\/revisions\/57637"}],"wp:featuredmedia":[{"embeddable":true,"href":"https:\/\/www.opinionpublica.tv\/portada\/wp-json\/wp\/v2\/media\/45647"}],"wp:attachment":[{"href":"https:\/\/www.opinionpublica.tv\/portada\/wp-json\/wp\/v2\/media?parent=57633"}],"wp:term":[{"taxonomy":"category","embeddable":true,"href":"https:\/\/www.opinionpublica.tv\/portada\/wp-json\/wp\/v2\/categories?post=57633"},{"taxonomy":"post_tag","embeddable":true,"href":"https:\/\/www.opinionpublica.tv\/portada\/wp-json\/wp\/v2\/tags?post=57633"}],"curies":[{"name":"wp","href":"https:\/\/api.w.org\/{rel}","templated":true}]}}