{"id":57335,"date":"2025-04-18T00:01:00","date_gmt":"2025-04-18T06:01:00","guid":{"rendered":"https:\/\/www.opinionpublica.tv\/portada\/?p=57335"},"modified":"2025-04-17T17:46:09","modified_gmt":"2025-04-17T23:46:09","slug":"video-por-que-trump-quiere-recortar-la-financiacion-a-harvard-bbc","status":"publish","type":"post","link":"https:\/\/www.opinionpublica.tv\/portada\/video-por-que-trump-quiere-recortar-la-financiacion-a-harvard-bbc\/","title":{"rendered":"Video: Por qu\u00e9 Donald Trump quiere recortarle recursos a Harvard | BBC"},"content":{"rendered":"\n<figure class=\"wp-block-embed is-type-video is-provider-youtube wp-block-embed-youtube wp-embed-aspect-16-9 wp-has-aspect-ratio\"><div class=\"wp-block-embed__wrapper\">\n<iframe title=\"Por qu\u00e9 Trump quiere recortar la financiaci\u00f3n a Harvard (y c\u00f3mo afectar\u00e1 a las universidades)\" width=\"800\" height=\"450\" src=\"https:\/\/www.youtube.com\/embed\/pI8Z8jZL_xs?feature=oembed\" frameborder=\"0\" allow=\"accelerometer; autoplay; clipboard-write; encrypted-media; gyroscope; picture-in-picture; web-share\" referrerpolicy=\"strict-origin-when-cross-origin\" allowfullscreen><\/iframe>\n<\/div><\/figure>\n\n\n\n<p class=\"wp-block-paragraph\">Desde que Donald Trump fuera reelegido como presidente de EE.UU., ha buscado reestructurar las universidades de \u00e9lite. Seg\u00fan el mandatario, est\u00e1 combatiendo en las instituciones educativas lo que considera un sesgo de ideolog\u00eda de izquierda o lo que tambi\u00e9n ha llamado ideolog\u00eda woke.<\/p>\n\n\n\n<p class=\"wp-block-paragraph\">La Universidad de Harvard rechaz\u00f3 las exigencias de la administraci\u00f3n y, en respuesta, Trump dijo que congelar\u00e1 m\u00e1s de 2.000 millones de d\u00f3lares en fondos para la universidad.<\/p>\n\n\n\n<p class=\"wp-block-paragraph\">En este video, la BBC explica por qu\u00e9 Trump est\u00e1 cortando fondos a las universidades y c\u00f3mo este enfrentamiento puede afectar al futuro de estas instituciones.<\/p>\n\n\n\n<p class=\"wp-block-paragraph\"><em>Cr\u00e9ditos: BBC Mundo<\/em>.<\/p>\n","protected":false},"excerpt":{"rendered":"<p>Desde que Donald Trump fuera reelegido como presidente de EE.UU., ha buscado reestructurar las universidades de \u00e9lite. Seg\u00fan el mandatario, est\u00e1 combatiendo en las instituciones educativas lo que considera un sesgo de ideolog\u00eda de izquierda o lo que tambi\u00e9n ha llamado ideolog\u00eda woke. La Universidad de Harvard rechaz\u00f3 las exigencias de la administraci\u00f3n y, en [&hellip;]<\/p>\n","protected":false},"author":6,"featured_media":57339,"comment_status":"closed","ping_status":"closed","sticky":false,"template":"","format":"standard","meta":{"_acf_changed":false,"_monsterinsights_skip_tracking":false,"slim_seo":{"title":"Video: Por qu\u00e9 Donald Trump quiere recortarle recursos a Harvard | BBC - Opini\u00f3n P\u00fablica","description":"https:\/\/youtu.be\/pI8Z8jZL_xs?si=Zzc89b4ih6kxlN8o Desde que Donald Trump fuera reelegido como presidente de EE.UU., ha buscado reestructurar las universidades de"},"footnotes":""},"categories":[2,13,8],"tags":[],"class_list":["post-57335","post","type-post","status-publish","format-standard","has-post-thumbnail","hentry","category-videos-destacados","category-videos-destacados-contenido","category-videos"],"acf":[],"_links":{"self":[{"href":"https:\/\/www.opinionpublica.tv\/portada\/wp-json\/wp\/v2\/posts\/57335","targetHints":{"allow":["GET"]}}],"collection":[{"href":"https:\/\/www.opinionpublica.tv\/portada\/wp-json\/wp\/v2\/posts"}],"about":[{"href":"https:\/\/www.opinionpublica.tv\/portada\/wp-json\/wp\/v2\/types\/post"}],"author":[{"embeddable":true,"href":"https:\/\/www.opinionpublica.tv\/portada\/wp-json\/wp\/v2\/users\/6"}],"replies":[{"embeddable":true,"href":"https:\/\/www.opinionpublica.tv\/portada\/wp-json\/wp\/v2\/comments?post=57335"}],"version-history":[{"count":3,"href":"https:\/\/www.opinionpublica.tv\/portada\/wp-json\/wp\/v2\/posts\/57335\/revisions"}],"predecessor-version":[{"id":57338,"href":"https:\/\/www.opinionpublica.tv\/portada\/wp-json\/wp\/v2\/posts\/57335\/revisions\/57338"}],"wp:featuredmedia":[{"embeddable":true,"href":"https:\/\/www.opinionpublica.tv\/portada\/wp-json\/wp\/v2\/media\/57339"}],"wp:attachment":[{"href":"https:\/\/www.opinionpublica.tv\/portada\/wp-json\/wp\/v2\/media?parent=57335"}],"wp:term":[{"taxonomy":"category","embeddable":true,"href":"https:\/\/www.opinionpublica.tv\/portada\/wp-json\/wp\/v2\/categories?post=57335"},{"taxonomy":"post_tag","embeddable":true,"href":"https:\/\/www.opinionpublica.tv\/portada\/wp-json\/wp\/v2\/tags?post=57335"}],"curies":[{"name":"wp","href":"https:\/\/api.w.org\/{rel}","templated":true}]}}