{"id":57278,"date":"2025-04-17T00:01:00","date_gmt":"2025-04-17T06:01:00","guid":{"rendered":"https:\/\/www.opinionpublica.tv\/portada\/?p=57278"},"modified":"2025-04-16T17:45:07","modified_gmt":"2025-04-16T23:45:07","slug":"las-cuatro-estaciones-trailer-oficial-netflix","status":"publish","type":"post","link":"https:\/\/www.opinionpublica.tv\/portada\/las-cuatro-estaciones-trailer-oficial-netflix\/","title":{"rendered":"Video: Las cuatro estaciones | Tr\u00e1iler oficial | Estreno Netflix"},"content":{"rendered":"\n<p class=\"wp-block-paragraph\"><a href=\"https:\/\/www.youtube.com\/@NetflixLATAM\"><\/a><\/p>\n\n\n\n<figure class=\"wp-block-embed is-type-video is-provider-youtube wp-block-embed-youtube wp-embed-aspect-16-9 wp-has-aspect-ratio\"><div class=\"wp-block-embed__wrapper\">\n<iframe title=\"Las cuatro estaciones | Tr\u00e1iler oficial | Netflix\" width=\"800\" height=\"450\" src=\"https:\/\/www.youtube.com\/embed\/QspxBQWvK5E?feature=oembed\" frameborder=\"0\" allow=\"accelerometer; autoplay; clipboard-write; encrypted-media; gyroscope; picture-in-picture; web-share\" referrerpolicy=\"strict-origin-when-cross-origin\" allowfullscreen><\/iframe>\n<\/div><\/figure>\n\n\n\n<p class=\"wp-block-paragraph\">Tres parejas, cuatro vacaciones y mucho por recorrer. \u00abLas cuatro estaciones\u00bb sigue a un grupo de viejos amigos mientras transitan los altibajos de la vida durante cuatro vacaciones distintas, una en cada estaci\u00f3n del a\u00f1o.<\/p>\n\n\n\n<p class=\"wp-block-paragraph\">El elenco est\u00e1 compuesto por <a href=\"https:\/\/www.youtube.com\/hashtag\/tinafey\">#TinaFey<\/a>, Will Forte, Kerri Kenney\u2011Silver, Marco Calvani, Erika Henningsen, Colman Domingo y <a href=\"https:\/\/www.youtube.com\/hashtag\/stevecarell\">#SteveCarell<\/a>. La direcci\u00f3n y el guion est\u00e1n a cargo de Tina Fey, Lang Fisher y Tracey Wigfield (\u00ab30 Rock\u00bb, \u00abUnbreakable Kimmy Schmidt\u00bb).<\/p>\n","protected":false},"excerpt":{"rendered":"<p>Tres parejas, cuatro vacaciones y mucho por recorrer. \u00abLas cuatro estaciones\u00bb sigue a un grupo de viejos amigos mientras transitan los altibajos de la vida durante cuatro vacaciones distintas, una en cada estaci\u00f3n del a\u00f1o. El elenco est\u00e1 compuesto por #TinaFey, Will Forte, Kerri Kenney\u2011Silver, Marco Calvani, Erika Henningsen, Colman Domingo y #SteveCarell. La direcci\u00f3n [&hellip;]<\/p>\n","protected":false},"author":6,"featured_media":57281,"comment_status":"closed","ping_status":"closed","sticky":false,"template":"","format":"standard","meta":{"_acf_changed":false,"_monsterinsights_skip_tracking":false,"slim_seo":{"title":"Video: Las cuatro estaciones | Tr\u00e1iler oficial | Estreno Netflix - Opini\u00f3n P\u00fablica","description":"https:\/\/youtu.be\/QspxBQWvK5E?si=dtb-qrMmndGnge4y Tres parejas, cuatro vacaciones y mucho por recorrer. \u00abLas cuatro estaciones\u00bb sigue a un grupo de viejos amigos"},"footnotes":""},"categories":[13,2,8],"tags":[],"class_list":["post-57278","post","type-post","status-publish","format-standard","has-post-thumbnail","hentry","category-videos-destacados-contenido","category-videos-destacados","category-videos"],"acf":[],"_links":{"self":[{"href":"https:\/\/www.opinionpublica.tv\/portada\/wp-json\/wp\/v2\/posts\/57278","targetHints":{"allow":["GET"]}}],"collection":[{"href":"https:\/\/www.opinionpublica.tv\/portada\/wp-json\/wp\/v2\/posts"}],"about":[{"href":"https:\/\/www.opinionpublica.tv\/portada\/wp-json\/wp\/v2\/types\/post"}],"author":[{"embeddable":true,"href":"https:\/\/www.opinionpublica.tv\/portada\/wp-json\/wp\/v2\/users\/6"}],"replies":[{"embeddable":true,"href":"https:\/\/www.opinionpublica.tv\/portada\/wp-json\/wp\/v2\/comments?post=57278"}],"version-history":[{"count":2,"href":"https:\/\/www.opinionpublica.tv\/portada\/wp-json\/wp\/v2\/posts\/57278\/revisions"}],"predecessor-version":[{"id":57282,"href":"https:\/\/www.opinionpublica.tv\/portada\/wp-json\/wp\/v2\/posts\/57278\/revisions\/57282"}],"wp:featuredmedia":[{"embeddable":true,"href":"https:\/\/www.opinionpublica.tv\/portada\/wp-json\/wp\/v2\/media\/57281"}],"wp:attachment":[{"href":"https:\/\/www.opinionpublica.tv\/portada\/wp-json\/wp\/v2\/media?parent=57278"}],"wp:term":[{"taxonomy":"category","embeddable":true,"href":"https:\/\/www.opinionpublica.tv\/portada\/wp-json\/wp\/v2\/categories?post=57278"},{"taxonomy":"post_tag","embeddable":true,"href":"https:\/\/www.opinionpublica.tv\/portada\/wp-json\/wp\/v2\/tags?post=57278"}],"curies":[{"name":"wp","href":"https:\/\/api.w.org\/{rel}","templated":true}]}}