{"id":57199,"date":"2025-04-15T00:19:00","date_gmt":"2025-04-15T06:19:00","guid":{"rendered":"https:\/\/www.opinionpublica.tv\/portada\/?p=57199"},"modified":"2025-04-15T00:19:51","modified_gmt":"2025-04-15T06:19:51","slug":"participan-180-atletas-en-carrera-copper-canyon-trail-run-en-parque-barrancas","status":"publish","type":"post","link":"https:\/\/www.opinionpublica.tv\/portada\/participan-180-atletas-en-carrera-copper-canyon-trail-run-en-parque-barrancas\/","title":{"rendered":"Participan 180 atletas en carrera Copper Canyon Trail Run en Parque Barrancas"},"content":{"rendered":"\n<figure class=\"wp-block-image size-large\"><img fetchpriority=\"high\" decoding=\"async\" width=\"1024\" height=\"682\" src=\"https:\/\/www.opinionpublica.tv\/portada\/wp-content\/uploads\/2025\/04\/Participan-180-atletas-en-carrera-Copper-Canyon-Trail-Run-en-Parque-Barrancas-1024x682.jpeg\" alt=\"Participan 180 atletas en carrera copper canyon trail run en parque barrancas\" class=\"wp-image-57201\" srcset=\"https:\/\/www.opinionpublica.tv\/portada\/wp-content\/uploads\/2025\/04\/Participan-180-atletas-en-carrera-Copper-Canyon-Trail-Run-en-Parque-Barrancas-1024x682.jpeg 1024w, https:\/\/www.opinionpublica.tv\/portada\/wp-content\/uploads\/2025\/04\/Participan-180-atletas-en-carrera-Copper-Canyon-Trail-Run-en-Parque-Barrancas-300x200.jpeg 300w, https:\/\/www.opinionpublica.tv\/portada\/wp-content\/uploads\/2025\/04\/Participan-180-atletas-en-carrera-Copper-Canyon-Trail-Run-en-Parque-Barrancas-768x512.jpeg 768w, https:\/\/www.opinionpublica.tv\/portada\/wp-content\/uploads\/2025\/04\/Participan-180-atletas-en-carrera-Copper-Canyon-Trail-Run-en-Parque-Barrancas-1536x1023.jpeg 1536w, https:\/\/www.opinionpublica.tv\/portada\/wp-content\/uploads\/2025\/04\/Participan-180-atletas-en-carrera-Copper-Canyon-Trail-Run-en-Parque-Barrancas.jpeg 1600w\" sizes=\"(max-width: 1024px) 100vw, 1024px\" \/><\/figure>\n\n\n\n<p class=\"wp-block-paragraph\"><em>Urique, Chih<\/em>.- Con la participaci\u00f3n de 180 atletas de todo el estado, este domingo se llev\u00f3 a cabo la carrera pedestre Copper Canyon Trail Run 2025, que se desarroll\u00f3 en las inmediaciones del Parque Barrancas, como parte del Festival Internacional de Turismo de Aventura (FITA).<\/p>\n\n\n\n<p class=\"wp-block-paragraph\">Los corredores inscritos eran originarios de municipios como Urique, Chihuahua, Cuauht\u00e9moc, Delicias, Parral, Ju\u00e1rez, Bocoyna y Aldama, quienes compitieron en las categor\u00edas de 7, 16 y 24 kil\u00f3metros.<\/p>\n\n\n\n<p class=\"wp-block-paragraph\">En los 24 kil\u00f3metros, Ernesto Yobani Moreno obtuvo el primer lugar en la rama varonil, Jos\u00e9 Eliezer Arcubia qued\u00f3 en el segundo puesto e Hilario Fr\u00edas en tercero. En la femenil, Sandra Mac\u00edas Corral se qued\u00f3 con el triunfo, seguida por Mayra Gonz\u00e1lez y Mar\u00eda Ayala Acosta.<\/p>\n\n\n\n<p class=\"wp-block-paragraph\">En los 16 kil\u00f3metros, los primeros tres puestos de la varonil fueron para Jos\u00e9 Valent\u00edn Mendoza, Luis Antonio Parral y Crisp\u00edn Estrada Merino, respectivamente; en la femenil, Micaela Cruz Quintero subi\u00f3 a lo m\u00e1s alto del podio, seguida por Irenia Moreno Torres y Dulce Leyva Garc\u00eda.<\/p>\n\n\n\n<p class=\"wp-block-paragraph\">En 7 kil\u00f3metros, los varones con los mejores tiempos fueron&nbsp; Alexandro Corrales, H\u00e9ctor Lara y Abel Cruz Quintero. Por las damas destacaron Itzel Moreno, Dulce Mar\u00eda Aguilar y Alexa Merend\u00f3n, con el primero, segundo y tercer escal\u00f3n, respectivamente.<\/p>\n\n\n\n<p class=\"wp-block-paragraph\">El FITA Chihuahua celebra actualmente su 29\u00aa edici\u00f3n con eventos de identidad tur\u00edstica al aire libre, que incluyen deportes extremos o actividades de convivencia en las distintas regiones de la entidad.<\/p>\n\n\n\n<p class=\"wp-block-paragraph\">Para m\u00e1s informaci\u00f3n sobre pr\u00f3ximas competencias, consultar el calendario oficial en las redes sociales de la Secretar\u00eda de Turismo: @turismodechihuahua y @fita.chihuahua.<\/p>\n","protected":false},"excerpt":{"rendered":"<p>Urique, Chih.- Con la participaci\u00f3n de 180 atletas de todo el estado, este domingo se llev\u00f3 a cabo la carrera pedestre Copper Canyon Trail Run 2025, que se desarroll\u00f3 en las inmediaciones del Parque Barrancas, como parte del Festival Internacional de Turismo de Aventura (FITA). Los corredores inscritos eran originarios de municipios como Urique, Chihuahua, [&hellip;]<\/p>\n","protected":false},"author":6,"featured_media":57201,"comment_status":"closed","ping_status":"closed","sticky":false,"template":"","format":"standard","meta":{"_acf_changed":false,"_monsterinsights_skip_tracking":false,"slim_seo":{"title":"Participan 180 atletas en carrera Copper Canyon Trail Run en Parque Barrancas - Opini\u00f3n P\u00fablica","description":"Urique, Chih .- Con la participaci\u00f3n de 180 atletas de todo el estado, este domingo se llev\u00f3 a cabo la carrera pedestre Copper Canyon Trail Run 2025, que se des"},"footnotes":""},"categories":[11],"tags":[],"class_list":["post-57199","post","type-post","status-publish","format-standard","has-post-thumbnail","hentry","category-tendencias"],"acf":[],"_links":{"self":[{"href":"https:\/\/www.opinionpublica.tv\/portada\/wp-json\/wp\/v2\/posts\/57199","targetHints":{"allow":["GET"]}}],"collection":[{"href":"https:\/\/www.opinionpublica.tv\/portada\/wp-json\/wp\/v2\/posts"}],"about":[{"href":"https:\/\/www.opinionpublica.tv\/portada\/wp-json\/wp\/v2\/types\/post"}],"author":[{"embeddable":true,"href":"https:\/\/www.opinionpublica.tv\/portada\/wp-json\/wp\/v2\/users\/6"}],"replies":[{"embeddable":true,"href":"https:\/\/www.opinionpublica.tv\/portada\/wp-json\/wp\/v2\/comments?post=57199"}],"version-history":[{"count":2,"href":"https:\/\/www.opinionpublica.tv\/portada\/wp-json\/wp\/v2\/posts\/57199\/revisions"}],"predecessor-version":[{"id":57203,"href":"https:\/\/www.opinionpublica.tv\/portada\/wp-json\/wp\/v2\/posts\/57199\/revisions\/57203"}],"wp:featuredmedia":[{"embeddable":true,"href":"https:\/\/www.opinionpublica.tv\/portada\/wp-json\/wp\/v2\/media\/57201"}],"wp:attachment":[{"href":"https:\/\/www.opinionpublica.tv\/portada\/wp-json\/wp\/v2\/media?parent=57199"}],"wp:term":[{"taxonomy":"category","embeddable":true,"href":"https:\/\/www.opinionpublica.tv\/portada\/wp-json\/wp\/v2\/categories?post=57199"},{"taxonomy":"post_tag","embeddable":true,"href":"https:\/\/www.opinionpublica.tv\/portada\/wp-json\/wp\/v2\/tags?post=57199"}],"curies":[{"name":"wp","href":"https:\/\/api.w.org\/{rel}","templated":true}]}}