{"id":57194,"date":"2025-04-15T00:15:21","date_gmt":"2025-04-15T06:15:21","guid":{"rendered":"https:\/\/www.opinionpublica.tv\/portada\/?p=57194"},"modified":"2025-04-15T00:16:39","modified_gmt":"2025-04-15T06:16:39","slug":"se-reune-alcalde-perez-cuellar-con-integrantes-del-consejo-coordinador-empresarial","status":"publish","type":"post","link":"https:\/\/www.opinionpublica.tv\/portada\/se-reune-alcalde-perez-cuellar-con-integrantes-del-consejo-coordinador-empresarial\/","title":{"rendered":"Se re\u00fane alcalde P\u00e9rez Cu\u00e9llar con integrantes del Consejo Coordinador Empresarial"},"content":{"rendered":"\n<figure class=\"wp-block-image size-large\"><img fetchpriority=\"high\" decoding=\"async\" width=\"1024\" height=\"682\" src=\"https:\/\/www.opinionpublica.tv\/portada\/wp-content\/uploads\/2025\/04\/Se-reune-alcalde-Perez-Cuellar-con-integrantes-del-Consejo-Coordinador-Empresarial-1024x682.jpeg\" alt=\"Se reu\u0301ne alcalde pe\u0301rez cue\u0301llar con integrantes del consejo coordinador empresarial\" class=\"wp-image-57197\" srcset=\"https:\/\/www.opinionpublica.tv\/portada\/wp-content\/uploads\/2025\/04\/Se-reune-alcalde-Perez-Cuellar-con-integrantes-del-Consejo-Coordinador-Empresarial-1024x682.jpeg 1024w, https:\/\/www.opinionpublica.tv\/portada\/wp-content\/uploads\/2025\/04\/Se-reune-alcalde-Perez-Cuellar-con-integrantes-del-Consejo-Coordinador-Empresarial-300x200.jpeg 300w, https:\/\/www.opinionpublica.tv\/portada\/wp-content\/uploads\/2025\/04\/Se-reune-alcalde-Perez-Cuellar-con-integrantes-del-Consejo-Coordinador-Empresarial-768x512.jpeg 768w, https:\/\/www.opinionpublica.tv\/portada\/wp-content\/uploads\/2025\/04\/Se-reune-alcalde-Perez-Cuellar-con-integrantes-del-Consejo-Coordinador-Empresarial-1536x1023.jpeg 1536w, https:\/\/www.opinionpublica.tv\/portada\/wp-content\/uploads\/2025\/04\/Se-reune-alcalde-Perez-Cuellar-con-integrantes-del-Consejo-Coordinador-Empresarial.jpeg 1600w\" sizes=\"(max-width: 1024px) 100vw, 1024px\" \/><\/figure>\n\n\n\n<p class=\"wp-block-paragraph\"><em>Ciudad Ju\u00e1rez, Chih<\/em>.- Al reunirse con los integrantes del Consejo Coordinador Empresarial (CCE), para dar seguimiento a temas de inter\u00e9s mutuo, el presidente municipal, Cruz P\u00e9rez Cu\u00e9llar, reiter\u00f3 el apoyo de su administraci\u00f3n al sector privado.<\/p>\n\n\n\n<p class=\"wp-block-paragraph\">\u201cGeneremos un plan, nosotros tenemos la voluntad que es lo m\u00e1s importante, ustedes son los expertos\u00bb, dijo el alcalde al ofrecer certeza y garant\u00eda en cuestiones de inversi\u00f3n.<\/p>\n\n\n\n<p class=\"wp-block-paragraph\">Se\u00f1al\u00f3 que se ha demostrado con hechos el trabajo efectuado para sacar adelante a la ciudad; en tanto, es importante tambi\u00e9n la colaboraci\u00f3n de quienes conocen del ramo, pues se trata de que contin\u00faen las alianzas y el apoyo al 100% para que haya m\u00e1s empleo y progreso en esta frontera.<\/p>\n\n\n\n<p class=\"wp-block-paragraph\">Dijo que este puede ser un buen momento para hacer una oportunidad dentro del nuevo entorno que se est\u00e1 viviendo; \u00abestamos en la mejor disposici\u00f3n de que lo que tengamos que hacer, llevarlo a cabo en la medida de nuestro presupuesto\u00bb.<\/p>\n\n\n\n<p class=\"wp-block-paragraph\">En la reuni\u00f3n, H\u00e9ctor N\u00fa\u00f1ez Polanco, presidente del CCE, comparti\u00f3 con el edil la carta que se le hizo llegar al Grupo Aeroportuario Centro Norte (OMA), con motivo de solicitar mayor inversi\u00f3n en el aeropuerto Abraham Gonz\u00e1lez.<\/p>\n\n\n\n<p class=\"wp-block-paragraph\">Se\u00f1al\u00f3 que la primera cara de la ciudad es el aeropuerto, ya que tiene un efecto en lo que este refleja, por lo que solicitaron al alcalde que se uniera a la petici\u00f3n.<\/p>\n\n\n\n<p class=\"wp-block-paragraph\">P\u00e9rez Cu\u00e9llar mencion\u00f3 que afortunadamente se est\u00e1 notando la inversi\u00f3n en dicho aeropuerto, no obstante, si existe la manera de realizar mejoras significativas, hay que hacerlo para poder estar a la altura de lo que Ju\u00e1rez requiere como potencia econ\u00f3mica.<\/p>\n\n\n\n<p class=\"wp-block-paragraph\">\u00abCuenten con nosotros y de ser necesario que firmemos o buscar alguna reuni\u00f3n con la Secretar\u00eda de Comunicaciones y Transportes en la Ciudad de M\u00e9xico, lo haremos, pues debemos de priorizar todo lo que sea en beneficio de la ciudad\u00bb, expres\u00f3 el edil juarense.<\/p>\n\n\n\n<p class=\"wp-block-paragraph\">Otro de los temas que tocaron fue la construcci\u00f3n del Centro de Convenciones, en donde el alcalde dio a conocer que en su pr\u00f3xima visita a la Ciudad de M\u00e9xico espera reunirse con la Secretaria del Bienestar, Ariadna Montiel para hablar al respecto.<\/p>\n\n\n\n<p class=\"wp-block-paragraph\">\u00abEs un proyecto que le urge a la ciudad, en tanto, quiero mostrarle el documento del decreto y buscar la autorizaci\u00f3n del Gobierno Federal para poder iniciar con la construcci\u00f3n del inmueble en el \u00e1rea de poco uso del Parque Central.<\/p>\n\n\n\n<p class=\"wp-block-paragraph\">Dijo que de acuerdo con la gobernadora Mar\u00eda Eugenia Campos Galv\u00e1n, s\u00ed es posible llevarlo a cabo all\u00ed, en tanto, el Consejo Coordinador Empresarial, Fideicomiso, Gobierno del Estado y Gobierno Municipal est\u00e1n de acuerdo, solo falta la anuencia del Gobierno Federal.<\/p>\n","protected":false},"excerpt":{"rendered":"<p>Ciudad Ju\u00e1rez, Chih.- Al reunirse con los integrantes del Consejo Coordinador Empresarial (CCE), para dar seguimiento a temas de inter\u00e9s mutuo, el presidente municipal, Cruz P\u00e9rez Cu\u00e9llar, reiter\u00f3 el apoyo de su administraci\u00f3n al sector privado. \u201cGeneremos un plan, nosotros tenemos la voluntad que es lo m\u00e1s importante, ustedes son los expertos\u00bb, dijo el alcalde [&hellip;]<\/p>\n","protected":false},"author":6,"featured_media":57197,"comment_status":"closed","ping_status":"closed","sticky":false,"template":"","format":"standard","meta":{"_acf_changed":false,"_monsterinsights_skip_tracking":false,"slim_seo":{"title":"Se re\u00fane alcalde P\u00e9rez Cu\u00e9llar con integrantes del Consejo Coordinador Empresarial - Opini\u00f3n P\u00fablica","description":"Ciudad Ju\u00e1rez, Chih .- Al reunirse con los integrantes del Consejo Coordinador Empresarial (CCE), para dar seguimiento a temas de inter\u00e9s mutuo, el presidente m"},"footnotes":""},"categories":[41],"tags":[],"class_list":["post-57194","post","type-post","status-publish","format-standard","has-post-thumbnail","hentry","category-juarez"],"acf":[],"_links":{"self":[{"href":"https:\/\/www.opinionpublica.tv\/portada\/wp-json\/wp\/v2\/posts\/57194","targetHints":{"allow":["GET"]}}],"collection":[{"href":"https:\/\/www.opinionpublica.tv\/portada\/wp-json\/wp\/v2\/posts"}],"about":[{"href":"https:\/\/www.opinionpublica.tv\/portada\/wp-json\/wp\/v2\/types\/post"}],"author":[{"embeddable":true,"href":"https:\/\/www.opinionpublica.tv\/portada\/wp-json\/wp\/v2\/users\/6"}],"replies":[{"embeddable":true,"href":"https:\/\/www.opinionpublica.tv\/portada\/wp-json\/wp\/v2\/comments?post=57194"}],"version-history":[{"count":2,"href":"https:\/\/www.opinionpublica.tv\/portada\/wp-json\/wp\/v2\/posts\/57194\/revisions"}],"predecessor-version":[{"id":57198,"href":"https:\/\/www.opinionpublica.tv\/portada\/wp-json\/wp\/v2\/posts\/57194\/revisions\/57198"}],"wp:featuredmedia":[{"embeddable":true,"href":"https:\/\/www.opinionpublica.tv\/portada\/wp-json\/wp\/v2\/media\/57197"}],"wp:attachment":[{"href":"https:\/\/www.opinionpublica.tv\/portada\/wp-json\/wp\/v2\/media?parent=57194"}],"wp:term":[{"taxonomy":"category","embeddable":true,"href":"https:\/\/www.opinionpublica.tv\/portada\/wp-json\/wp\/v2\/categories?post=57194"},{"taxonomy":"post_tag","embeddable":true,"href":"https:\/\/www.opinionpublica.tv\/portada\/wp-json\/wp\/v2\/tags?post=57194"}],"curies":[{"name":"wp","href":"https:\/\/api.w.org\/{rel}","templated":true}]}}