{"id":57173,"date":"2025-04-15T00:01:00","date_gmt":"2025-04-15T06:01:00","guid":{"rendered":"https:\/\/www.opinionpublica.tv\/portada\/?p=57173"},"modified":"2025-04-14T23:38:31","modified_gmt":"2025-04-15T05:38:31","slug":"efemerides-15-de-abril-6","status":"publish","type":"post","link":"https:\/\/www.opinionpublica.tv\/portada\/efemerides-15-de-abril-6\/","title":{"rendered":"Efem\u00e9rides 15 de abril"},"content":{"rendered":"\n<p class=\"wp-block-paragraph\"><em>Un d\u00eda 15 de abril como hoy, pero de 2019, la catedral de Notre Dame de Par\u00eds sufre un grave incendio que provoca la ca\u00edda de la aguja central y afecta gravemente a su tejado<\/em>.<\/p>\n\n\n\n<figure class=\"wp-block-image size-full\"><img fetchpriority=\"high\" decoding=\"async\" width=\"640\" height=\"360\" src=\"https:\/\/www.opinionpublica.tv\/portada\/wp-content\/uploads\/2025\/04\/la-catedral-de-Notre-Dame-de-Paris-sufre-un-grave-incendio-que-provoca-la-caida-de-la-aguja-central.webp\" alt=\"La catedral de notre dame de pari\u0301s sufre un grave incendio que provoca la cai\u0301da de la aguja central\" class=\"wp-image-57174\" srcset=\"https:\/\/www.opinionpublica.tv\/portada\/wp-content\/uploads\/2025\/04\/la-catedral-de-Notre-Dame-de-Paris-sufre-un-grave-incendio-que-provoca-la-caida-de-la-aguja-central.webp 640w, https:\/\/www.opinionpublica.tv\/portada\/wp-content\/uploads\/2025\/04\/la-catedral-de-Notre-Dame-de-Paris-sufre-un-grave-incendio-que-provoca-la-caida-de-la-aguja-central-300x169.webp 300w\" sizes=\"(max-width: 640px) 100vw, 640px\" \/><\/figure>\n\n\n\n<p class=\"wp-block-paragraph\"><strong>Otras efem\u00e9rides<\/strong><\/p>\n\n\n\n<p class=\"wp-block-paragraph\">1817.- Se libra la Batalla de La Tablada en las cercan\u00edas de Tarija (actual Bolivia), en el marco de la guerra de independencia de Bolivia.<\/p>\n\n\n\n<p class=\"wp-block-paragraph\">1856.- Sangrienta jornada en Panam\u00e1 contra los mercenarios del aventurero norteamericano William Walker en el llamado \u00abcaso de la tajada de sand\u00eda\u00bb, que termina con 17 muertos y 28 heridos.<\/p>\n\n\n\n<p class=\"wp-block-paragraph\">1865.- Muere el presidente de Estados Unidos Abraham Lincoln tras recibir un disparo la noche anterior.<\/p>\n\n\n\n<p class=\"wp-block-paragraph\">1900.- Inauguraci\u00f3n en Par\u00eds de la Exposici\u00f3n Universal.<\/p>\n\n\n\n<p class=\"wp-block-paragraph\">1915.- Estreno de \u00abEl amor brujo\u00bb, de Manuel de Falla, en el teatro Lara de Madrid.<\/p>\n\n\n\n<p class=\"wp-block-paragraph\">1911.- Tropas norteamericanas cruzan en M\u00e9xico el R\u00edo Grande y combaten contra los insurgentes.<\/p>\n\n\n\n<p class=\"wp-block-paragraph\">1920.- Nace el Partido Comunista de Espa\u00f1a, de la escisi\u00f3n de los socialistas espa\u00f1oles.<\/p>\n\n\n\n<p class=\"wp-block-paragraph\">1961.- Aviones camuflados bombardean objetivos en Cuba, incidente considerado como un preludio de la invasi\u00f3n de Bah\u00eda de Cochinos.<\/p>\n\n\n\n<p class=\"wp-block-paragraph\">1986.- Aviones de la VI Flota estadounidense bombardean Tr\u00edpoli, capital de Libia.<\/p>\n\n\n\n<p class=\"wp-block-paragraph\">1989.- Mueren 95 personas en el estadio brit\u00e1nico de Sheffield, tras la irrupci\u00f3n de 2.000 hinchas en el partido Liverpool-Nottingham, en la semifinal de la Copa inglesa.<\/p>\n\n\n\n<p class=\"wp-block-paragraph\">1989.- Comienza la revuelta de la plaza de Tiananmen en Pek\u00edn (China), tras la muerte del exsecretario general del Partido Comunista Chino Hu Yaobang.<\/p>\n\n\n\n<p class=\"wp-block-paragraph\">1990.- Es liberado el empresario taurino espa\u00f1ol Pablo Mart\u00edn Berrocal, secuestrado por la guerrilla colombiana el 9 de agosto de 1989 en Quito (Ecuador).<\/p>\n\n\n\n<p class=\"wp-block-paragraph\">1994.- Jos\u00e9 Angel Talavera, jefe de la \u00abrecontra\u00bb, alias \u00abChacal\u00bb, y sus 300 seguidores entregan las armas, \u00faltimo episodio de la guerra civil en Nicaragua.<\/p>\n\n\n\n<p class=\"wp-block-paragraph\">1997.- Mueren 343 peregrinos musulmanes y 2.000 resultan heridos en un incendio en un campamento en La Meca.<\/p>\n\n\n\n<p class=\"wp-block-paragraph\">1999.- Un equipo internacional descubre en las costas de Namibia la bacteria m\u00e1s grande conocida hasta ese momento y que es bautizada como \u00abLa perla de azufre\u00bb.<\/p>\n\n\n\n<p class=\"wp-block-paragraph\">2003.- Es detenido en Bagdad Abu Abbas, uno de los terroristas palestinos m\u00e1s buscados.<\/p>\n\n\n\n<p class=\"wp-block-paragraph\">2004.- El f\u00edsico brit\u00e1nico Tim Berners-Lee, creador de la World Wide Web (www), primer ganador del Premio de Tecnolog\u00eda del Milenio.<\/p>\n\n\n\n<p class=\"wp-block-paragraph\">2005.- 25 muertos (mitad ni\u00f1os), en su mayor\u00eda inmigrantes, en el incendio que destruy\u00f3 totalmente en Par\u00eds el c\u00e9ntrico hotel Par\u00eds Opera.<\/p>\n\n\n\n<p class=\"wp-block-paragraph\">2012.- VI Cumbre de la Am\u00e9ricas en Cartagena de Indias (Colombia). Concluye con el apoyo latinoamericano para que Cuba est\u00e9 presente, pero sin declaraci\u00f3n final por falta de consenso.<\/p>\n\n\n\n<p class=\"wp-block-paragraph\">2013.- Tres muertos y m\u00e1s de 200 heridos en un atentado con explosivos durante la marat\u00f3n de Boston.<\/p>\n\n\n\n<p class=\"wp-block-paragraph\">2015.- Mueren 11 militares colombianos en un ataque de las FARC, lo que rompe el alto el fuego en las negociaciones de paz con el gobierno.<\/p>\n\n\n\n<p class=\"wp-block-paragraph\">2021.- El Supremo de Brasil ratifica la anulaci\u00f3n de las penas de prisi\u00f3n contra el expresidente Luiz In\u00e1cio Lula da Silva.<\/p>\n\n\n\n<p class=\"wp-block-paragraph\">2023.- Alemania apaga sus \u00faltimos reactores nucleares.<\/p>\n\n\n\n<p class=\"wp-block-paragraph\"><strong>Nacimientos<\/strong><\/p>\n\n\n\n<p class=\"wp-block-paragraph\">1452.- Leonardo da Vinci, artista e ingeniero renacentista italiano.<\/p>\n\n\n\n<p class=\"wp-block-paragraph\">1707.- Leonhard Euler, matem\u00e1tico y astr\u00f3nomo suizo.<\/p>\n\n\n\n<p class=\"wp-block-paragraph\">1907.- Nokolaas Tinbergen, m\u00e9dico holand\u00e9s, Premio Nobel en 1973.<\/p>\n\n\n\n<p class=\"wp-block-paragraph\">1936.- Raymond Poulidor, campe\u00f3n ciclista franc\u00e9s.<\/p>\n\n\n\n<p class=\"wp-block-paragraph\">1938.- Claudia Cardinale, actriz italiana.<\/p>\n\n\n\n<p class=\"wp-block-paragraph\">1939.- Jaime Paz Zamora, pol\u00edtico boliviano.<\/p>\n\n\n\n<p class=\"wp-block-paragraph\">1959.- Emma Thompson, actriz brit\u00e1nica.<\/p>\n\n\n\n<p class=\"wp-block-paragraph\">1978.- Luis Alfonso Rodr\u00edguez, Luis Fonsi, m\u00fasico puertorrique\u00f1o.<\/p>\n\n\n\n<p class=\"wp-block-paragraph\">1990.- Emma Watson, actriz franco-brit\u00e1nica.<\/p>\n\n\n\n<p class=\"wp-block-paragraph\"><strong>Defunciones<\/strong><\/p>\n\n\n\n<p class=\"wp-block-paragraph\">1446.- Filippo Brunelleschi, orfebre, arquitecto y escultor italiano.<\/p>\n\n\n\n<p class=\"wp-block-paragraph\">1764.- Jeanne-Antoinette Poisson, marquesa de Pompadour.<\/p>\n\n\n\n<p class=\"wp-block-paragraph\">1889.- Jos\u00e9 de Veuster, misionero belga conocido como padre Dami\u00e1n.<\/p>\n\n\n\n<p class=\"wp-block-paragraph\">1938.- C\u00e9sar Vallejo, poeta peruano.<\/p>\n\n\n\n<p class=\"wp-block-paragraph\">1957.- Pedro Infante, cantante y actor mexicano.<\/p>\n\n\n\n<p class=\"wp-block-paragraph\">1980.- Jean-Paul Sartre, escritor y fil\u00f3sofo franc\u00e9s.<\/p>\n\n\n\n<p class=\"wp-block-paragraph\">1990.- Greta Garbo, actriz sueca.<\/p>\n\n\n\n<p class=\"wp-block-paragraph\">1996.- Stavros Niarchos, armador griego.<\/p>\n\n\n\n<p class=\"wp-block-paragraph\">2014.- Antonio Morales, Junior, cantante espa\u00f1ol. 2022.- Elizabeth Ann Sheridan, \u00abLiz Sheridan\u00bb, actriz estadounidense.<\/p>\n","protected":false},"excerpt":{"rendered":"<p>Un d\u00eda 15 de abril como hoy, pero de 2019, la catedral de Notre Dame de Par\u00eds sufre un grave incendio que provoca la ca\u00edda de la aguja central y afecta gravemente a su tejado. Otras efem\u00e9rides 1817.- Se libra la Batalla de La Tablada en las cercan\u00edas de Tarija (actual Bolivia), en el marco [&hellip;]<\/p>\n","protected":false},"author":6,"featured_media":57174,"comment_status":"closed","ping_status":"closed","sticky":false,"template":"","format":"standard","meta":{"_acf_changed":false,"_monsterinsights_skip_tracking":false,"slim_seo":{"title":"Efem\u00e9rides 15 de abril - Opini\u00f3n P\u00fablica","description":"Un d\u00eda 15 de abril como hoy, pero de 2019, la catedral de Notre Dame de Par\u00eds sufre un grave incendio que provoca la ca\u00edda de la aguja central y afecta gravemen"},"footnotes":""},"categories":[27],"tags":[],"class_list":["post-57173","post","type-post","status-publish","format-standard","has-post-thumbnail","hentry","category-un-dia-como-hoy"],"acf":[],"_links":{"self":[{"href":"https:\/\/www.opinionpublica.tv\/portada\/wp-json\/wp\/v2\/posts\/57173","targetHints":{"allow":["GET"]}}],"collection":[{"href":"https:\/\/www.opinionpublica.tv\/portada\/wp-json\/wp\/v2\/posts"}],"about":[{"href":"https:\/\/www.opinionpublica.tv\/portada\/wp-json\/wp\/v2\/types\/post"}],"author":[{"embeddable":true,"href":"https:\/\/www.opinionpublica.tv\/portada\/wp-json\/wp\/v2\/users\/6"}],"replies":[{"embeddable":true,"href":"https:\/\/www.opinionpublica.tv\/portada\/wp-json\/wp\/v2\/comments?post=57173"}],"version-history":[{"count":1,"href":"https:\/\/www.opinionpublica.tv\/portada\/wp-json\/wp\/v2\/posts\/57173\/revisions"}],"predecessor-version":[{"id":57175,"href":"https:\/\/www.opinionpublica.tv\/portada\/wp-json\/wp\/v2\/posts\/57173\/revisions\/57175"}],"wp:featuredmedia":[{"embeddable":true,"href":"https:\/\/www.opinionpublica.tv\/portada\/wp-json\/wp\/v2\/media\/57174"}],"wp:attachment":[{"href":"https:\/\/www.opinionpublica.tv\/portada\/wp-json\/wp\/v2\/media?parent=57173"}],"wp:term":[{"taxonomy":"category","embeddable":true,"href":"https:\/\/www.opinionpublica.tv\/portada\/wp-json\/wp\/v2\/categories?post=57173"},{"taxonomy":"post_tag","embeddable":true,"href":"https:\/\/www.opinionpublica.tv\/portada\/wp-json\/wp\/v2\/tags?post=57173"}],"curies":[{"name":"wp","href":"https:\/\/api.w.org\/{rel}","templated":true}]}}