{"id":57114,"date":"2025-04-13T00:01:00","date_gmt":"2025-04-13T06:01:00","guid":{"rendered":"https:\/\/www.opinionpublica.tv\/portada\/?p=57114"},"modified":"2025-04-12T19:08:33","modified_gmt":"2025-04-13T01:08:33","slug":"presentan-examen-mas-de-150-aspirantes-que-buscan-capacitarse-en-taiwan","status":"publish","type":"post","link":"https:\/\/www.opinionpublica.tv\/portada\/presentan-examen-mas-de-150-aspirantes-que-buscan-capacitarse-en-taiwan\/","title":{"rendered":"Presentan examen m\u00e1s de 150 aspirantes que buscan capacitarse en Taiw\u00e1n"},"content":{"rendered":"\n<figure class=\"wp-block-image size-large\"><img fetchpriority=\"high\" decoding=\"async\" width=\"1024\" height=\"682\" src=\"https:\/\/www.opinionpublica.tv\/portada\/wp-content\/uploads\/2025\/04\/Presentan-examen-mas-de-150-aspirantes-que-buscan-capacitarse-en-Taiwan-1024x682.jpeg\" alt=\"Presentan examen ma\u0301s de 150 aspirantes que buscan capacitarse en taiwa\u0301n\" class=\"wp-image-57116\" srcset=\"https:\/\/www.opinionpublica.tv\/portada\/wp-content\/uploads\/2025\/04\/Presentan-examen-mas-de-150-aspirantes-que-buscan-capacitarse-en-Taiwan-1024x682.jpeg 1024w, https:\/\/www.opinionpublica.tv\/portada\/wp-content\/uploads\/2025\/04\/Presentan-examen-mas-de-150-aspirantes-que-buscan-capacitarse-en-Taiwan-300x200.jpeg 300w, https:\/\/www.opinionpublica.tv\/portada\/wp-content\/uploads\/2025\/04\/Presentan-examen-mas-de-150-aspirantes-que-buscan-capacitarse-en-Taiwan-768x512.jpeg 768w, https:\/\/www.opinionpublica.tv\/portada\/wp-content\/uploads\/2025\/04\/Presentan-examen-mas-de-150-aspirantes-que-buscan-capacitarse-en-Taiwan-1536x1023.jpeg 1536w, https:\/\/www.opinionpublica.tv\/portada\/wp-content\/uploads\/2025\/04\/Presentan-examen-mas-de-150-aspirantes-que-buscan-capacitarse-en-Taiwan.jpeg 1600w\" sizes=\"(max-width: 1024px) 100vw, 1024px\" \/><\/figure>\n\n\n\n<p class=\"wp-block-paragraph\"><em>Chihuahua, Chih<\/em>.- M\u00e1s de 150 aspirantes presentaron el examen del Instituto de Investigaci\u00f3n de Tecnolog\u00eda Industrial (ITRI), como parte del proceso de selecci\u00f3n del Programa de Capacitaci\u00f3n y Entrenamiento en Taiw\u00e1n.<\/p>\n\n\n\n<p class=\"wp-block-paragraph\">Los 20 seleccionados tendr\u00e1n la oportunidad de especializarse por el ITRI, en los rubros de semiconductores, veh\u00edculos el\u00e9ctricos y automatizaci\u00f3n, adem\u00e1s recibir\u00e1n una beca completa que cubre el entrenamiento, boleto de avi\u00f3n, transporte local, seguro m\u00e9dico, alimentaci\u00f3n y alojamiento.<\/p>\n\n\n\n<p class=\"wp-block-paragraph\">Asimismo, podr\u00e1n obtener una certificaci\u00f3n internacional y establecer una red de contactos en la industria tecnol\u00f3gica.<\/p>\n\n\n\n<p class=\"wp-block-paragraph\">El examen se llev\u00f3 a cabo en los Centros de Entrenamiento en Alta Tecnolog\u00eda (Cenaltec\u2019s) de Chihuahua, Ju\u00e1rez, Cuauht\u00e9moc y Parral. A nivel estatal, se tuvo registro de m\u00e1s de 460 postulantes provenientes de m\u00e1s de 12 instituciones de educaci\u00f3n Superior.<\/p>\n\n\n\n<p class=\"wp-block-paragraph\">Durante la jornada, los j\u00f3venes pusieron a prueba sus conocimientos y habilidades en \u00e1reas estrat\u00e9gicas como matem\u00e1ticas, ingl\u00e9s, electr\u00f3nica y habilidades blandas, aspectos fundamentales para el desarrollo profesional y acad\u00e9mico que se requiere para representar al estado en un contexto internacional.<\/p>\n\n\n\n<p class=\"wp-block-paragraph\">Edal\u00ed Vaca Murillo, alumna de Ingenier\u00eda Electromec\u00e1nica en el Instituto Tecnol\u00f3gico de Chihuahua, destac\u00f3: \u201cMe parece incre\u00edble que nos brinden esta oportunidad para representar a Chihuahua y a M\u00e9xico, como estudiante de \u00faltimo semestre, capacitarme en otro pa\u00eds es fundamental, adem\u00e1s, quiero aprender m\u00e1s sobre los semiconductores, que son esenciales para el desarrollo de nuestro estado\u201d.<\/p>\n\n\n\n<p class=\"wp-block-paragraph\">Por su parte, Jos\u00e9 Luis Chavarr\u00eda, estudiante de Ingenier\u00eda Mec\u00e1nica en el Tecnol\u00f3gico de Monterrey, expres\u00f3 que esta oportunidad de ir a especializarse a Taiw\u00e1n es \u00fanica, y detall\u00f3 que el examen fue exigente, pero conf\u00eda en que cualquier seleccionado los representar\u00e1 de la mejor forma.<\/p>\n\n\n\n<p class=\"wp-block-paragraph\">Actualmente, el proceso se encuentra en periodo de revisi\u00f3n, que se extender\u00e1 hasta el 30 de abril, por lo que se invita a todos los participantes a estar atentos a la notificaci\u00f3n de resultados, que se llevar\u00e1 a cabo del 5 al 9 de mayo de 2025 a trav\u00e9s de los canales oficiales.<\/p>\n\n\n\n<p class=\"wp-block-paragraph\">Este programa es resultado de los acuerdos alcanzados durante la gira de trabajo de la gobernadora Maru Campos en Taiw\u00e1n en octubre de 2024, lo que refuerza la colaboraci\u00f3n internacional para el desarrollo de talento en Chihuahua.<\/p>\n","protected":false},"excerpt":{"rendered":"<p>Chihuahua, Chih.- M\u00e1s de 150 aspirantes presentaron el examen del Instituto de Investigaci\u00f3n de Tecnolog\u00eda Industrial (ITRI), como parte del proceso de selecci\u00f3n del Programa de Capacitaci\u00f3n y Entrenamiento en Taiw\u00e1n. Los 20 seleccionados tendr\u00e1n la oportunidad de especializarse por el ITRI, en los rubros de semiconductores, veh\u00edculos el\u00e9ctricos y automatizaci\u00f3n, adem\u00e1s recibir\u00e1n una beca [&hellip;]<\/p>\n","protected":false},"author":6,"featured_media":57116,"comment_status":"closed","ping_status":"closed","sticky":false,"template":"","format":"standard","meta":{"_acf_changed":false,"_monsterinsights_skip_tracking":false,"slim_seo":{"title":"Presentan examen m\u00e1s de 150 aspirantes que buscan capacitarse en Taiw\u00e1n - Opini\u00f3n P\u00fablica","description":"Chihuahua, Chih .- M\u00e1s de 150 aspirantes presentaron el examen del Instituto de Investigaci\u00f3n de Tecnolog\u00eda Industrial (ITRI), como parte del proceso de selecci"},"footnotes":""},"categories":[11],"tags":[],"class_list":["post-57114","post","type-post","status-publish","format-standard","has-post-thumbnail","hentry","category-tendencias"],"acf":[],"_links":{"self":[{"href":"https:\/\/www.opinionpublica.tv\/portada\/wp-json\/wp\/v2\/posts\/57114","targetHints":{"allow":["GET"]}}],"collection":[{"href":"https:\/\/www.opinionpublica.tv\/portada\/wp-json\/wp\/v2\/posts"}],"about":[{"href":"https:\/\/www.opinionpublica.tv\/portada\/wp-json\/wp\/v2\/types\/post"}],"author":[{"embeddable":true,"href":"https:\/\/www.opinionpublica.tv\/portada\/wp-json\/wp\/v2\/users\/6"}],"replies":[{"embeddable":true,"href":"https:\/\/www.opinionpublica.tv\/portada\/wp-json\/wp\/v2\/comments?post=57114"}],"version-history":[{"count":2,"href":"https:\/\/www.opinionpublica.tv\/portada\/wp-json\/wp\/v2\/posts\/57114\/revisions"}],"predecessor-version":[{"id":57117,"href":"https:\/\/www.opinionpublica.tv\/portada\/wp-json\/wp\/v2\/posts\/57114\/revisions\/57117"}],"wp:featuredmedia":[{"embeddable":true,"href":"https:\/\/www.opinionpublica.tv\/portada\/wp-json\/wp\/v2\/media\/57116"}],"wp:attachment":[{"href":"https:\/\/www.opinionpublica.tv\/portada\/wp-json\/wp\/v2\/media?parent=57114"}],"wp:term":[{"taxonomy":"category","embeddable":true,"href":"https:\/\/www.opinionpublica.tv\/portada\/wp-json\/wp\/v2\/categories?post=57114"},{"taxonomy":"post_tag","embeddable":true,"href":"https:\/\/www.opinionpublica.tv\/portada\/wp-json\/wp\/v2\/tags?post=57114"}],"curies":[{"name":"wp","href":"https:\/\/api.w.org\/{rel}","templated":true}]}}