{"id":57095,"date":"2025-04-13T00:01:00","date_gmt":"2025-04-13T06:01:00","guid":{"rendered":"https:\/\/www.opinionpublica.tv\/portada\/?p=57095"},"modified":"2025-04-12T18:54:47","modified_gmt":"2025-04-13T00:54:47","slug":"entrega-alcalde-clinica-de-primera-nivel-a-centro-comunitario-de-riberas-del-bravo","status":"publish","type":"post","link":"https:\/\/www.opinionpublica.tv\/portada\/entrega-alcalde-clinica-de-primera-nivel-a-centro-comunitario-de-riberas-del-bravo\/","title":{"rendered":"Entrega P\u00e9rez Cu\u00e9llar cl\u00ednica de primer nivel a habitantes de sector Riberas del Bravo"},"content":{"rendered":"\n<figure class=\"wp-block-image size-large\"><img fetchpriority=\"high\" decoding=\"async\" width=\"1024\" height=\"682\" src=\"https:\/\/www.opinionpublica.tv\/portada\/wp-content\/uploads\/2025\/04\/Entrega-Perez-Cuellar-clinica-de-primer-nivel-a-habitantes-de-Riberas-del-Bravo-1024x682.jpeg\" alt=\"Entrega pe\u0301rez cue\u0301llar cli\u0301nica de primer nivel a habitantes de riberas del bravo\" class=\"wp-image-57100\" srcset=\"https:\/\/www.opinionpublica.tv\/portada\/wp-content\/uploads\/2025\/04\/Entrega-Perez-Cuellar-clinica-de-primer-nivel-a-habitantes-de-Riberas-del-Bravo-1024x682.jpeg 1024w, https:\/\/www.opinionpublica.tv\/portada\/wp-content\/uploads\/2025\/04\/Entrega-Perez-Cuellar-clinica-de-primer-nivel-a-habitantes-de-Riberas-del-Bravo-300x200.jpeg 300w, https:\/\/www.opinionpublica.tv\/portada\/wp-content\/uploads\/2025\/04\/Entrega-Perez-Cuellar-clinica-de-primer-nivel-a-habitantes-de-Riberas-del-Bravo-768x512.jpeg 768w, https:\/\/www.opinionpublica.tv\/portada\/wp-content\/uploads\/2025\/04\/Entrega-Perez-Cuellar-clinica-de-primer-nivel-a-habitantes-de-Riberas-del-Bravo-1536x1023.jpeg 1536w, https:\/\/www.opinionpublica.tv\/portada\/wp-content\/uploads\/2025\/04\/Entrega-Perez-Cuellar-clinica-de-primer-nivel-a-habitantes-de-Riberas-del-Bravo.jpeg 1600w\" sizes=\"(max-width: 1024px) 100vw, 1024px\" \/><\/figure>\n\n\n\n<p class=\"wp-block-paragraph\"><em>Ciudad Ju\u00e1rez, Chih<\/em>.- Para elevar la calidad de vida de los habitantes del sector de Riberas del Bravo, el alcalde, Cruz P\u00e9rez Cu\u00e9llar, entreg\u00f3 la Cl\u00ednica de Primer Nivel del Centro Comunitario Riberas del Bravo.<\/p>\n\n\n\n<p class=\"wp-block-paragraph\">Destac\u00f3 que \u00e9sta es una primera etapa de la cl\u00ednica, la cual ser\u00e1 operada por parte de la Direcci\u00f3n General de Centros Comunitarios, quien se encargar\u00e1 de su equipamiento y funcionamiento.<\/p>\n\n\n\n<p class=\"wp-block-paragraph\">Dijo que este lugar cuenta con diferentes habitaciones para que se utilicen como consultorios, adem\u00e1s de que cuentan con las instalaciones el\u00e9ctricas para que se equipen con aparatos de Rayos X y otras m\u00e1quinas de atenci\u00f3n a la salud.<\/p>\n\n\n\n<p class=\"wp-block-paragraph\">Coment\u00f3 que existe el compromiso de seguir fortaleciendo un centro para el uso y beneficio de los habitantes de Riberas del Bravo y otras colonias cercanas, ya que lugares como este hacen m\u00e1s fuerte el tejido social.<\/p>\n\n\n\n<p class=\"wp-block-paragraph\">La directora general de Desarrollo Social, Claudia Morales Medina, inform\u00f3 que se construyeron 500 metros cuadrados utilizando un sistema estructural eficiente, con muros de carga y columnas de tabique aparente que soportan una losa de concreto, pensado para optimizar tiempos y recursos sin comprometer calidad ni seguridad.<\/p>\n\n\n\n<p class=\"wp-block-paragraph\">Esta obra es resultado del convenio de colaboraci\u00f3n entre Regeneraci\u00f3n Comunitaria Infonavit (RCI) y la Direcci\u00f3n General de Desarrollo Urbano, donde se invirtieron 6.1 millones de pesos y beneficiar\u00e1 a m\u00e1s de 42 mil habitantes de las zonas de Riberas, as\u00ed como diferentes colonias aleda\u00f1as.<\/p>\n\n\n\n<p class=\"wp-block-paragraph\">El director general de Centros Comunitarios asegur\u00f3 que con esto se refrenda el compromiso de hacer lugares estrat\u00e9gicos de reuni\u00f3n de las comunidades y familias de la ciudad.<\/p>\n\n\n\n<p class=\"wp-block-paragraph\">La se\u00f1ora Juana Mar\u00eda Rodr\u00edguez, representante de los vecinos, agradeci\u00f3 la obra, ya que era una necesidad que se ten\u00eda durante a\u00f1os y con este Gobierno Municipal se sienten atendidos y comprendidos.<\/p>\n","protected":false},"excerpt":{"rendered":"<p>Ciudad Ju\u00e1rez, Chih.- Para elevar la calidad de vida de los habitantes del sector de Riberas del Bravo, el alcalde, Cruz P\u00e9rez Cu\u00e9llar, entreg\u00f3 la Cl\u00ednica de Primer Nivel del Centro Comunitario Riberas del Bravo. Destac\u00f3 que \u00e9sta es una primera etapa de la cl\u00ednica, la cual ser\u00e1 operada por parte de la Direcci\u00f3n General [&hellip;]<\/p>\n","protected":false},"author":6,"featured_media":57100,"comment_status":"closed","ping_status":"closed","sticky":false,"template":"","format":"standard","meta":{"_acf_changed":false,"_monsterinsights_skip_tracking":false,"slim_seo":{"title":"Entrega P\u00e9rez Cu\u00e9llar cl\u00ednica de primer nivel a habitantes de sector Riberas del Bravo - Opini\u00f3n P\u00fablica","description":"Ciudad Ju\u00e1rez, Chih .- Para elevar la calidad de vida de los habitantes del sector de Riberas del Bravo, el alcalde, Cruz P\u00e9rez Cu\u00e9llar, entreg\u00f3 la Cl\u00ednica de P"},"footnotes":""},"categories":[41],"tags":[],"class_list":["post-57095","post","type-post","status-publish","format-standard","has-post-thumbnail","hentry","category-juarez"],"acf":[],"_links":{"self":[{"href":"https:\/\/www.opinionpublica.tv\/portada\/wp-json\/wp\/v2\/posts\/57095","targetHints":{"allow":["GET"]}}],"collection":[{"href":"https:\/\/www.opinionpublica.tv\/portada\/wp-json\/wp\/v2\/posts"}],"about":[{"href":"https:\/\/www.opinionpublica.tv\/portada\/wp-json\/wp\/v2\/types\/post"}],"author":[{"embeddable":true,"href":"https:\/\/www.opinionpublica.tv\/portada\/wp-json\/wp\/v2\/users\/6"}],"replies":[{"embeddable":true,"href":"https:\/\/www.opinionpublica.tv\/portada\/wp-json\/wp\/v2\/comments?post=57095"}],"version-history":[{"count":5,"href":"https:\/\/www.opinionpublica.tv\/portada\/wp-json\/wp\/v2\/posts\/57095\/revisions"}],"predecessor-version":[{"id":57102,"href":"https:\/\/www.opinionpublica.tv\/portada\/wp-json\/wp\/v2\/posts\/57095\/revisions\/57102"}],"wp:featuredmedia":[{"embeddable":true,"href":"https:\/\/www.opinionpublica.tv\/portada\/wp-json\/wp\/v2\/media\/57100"}],"wp:attachment":[{"href":"https:\/\/www.opinionpublica.tv\/portada\/wp-json\/wp\/v2\/media?parent=57095"}],"wp:term":[{"taxonomy":"category","embeddable":true,"href":"https:\/\/www.opinionpublica.tv\/portada\/wp-json\/wp\/v2\/categories?post=57095"},{"taxonomy":"post_tag","embeddable":true,"href":"https:\/\/www.opinionpublica.tv\/portada\/wp-json\/wp\/v2\/tags?post=57095"}],"curies":[{"name":"wp","href":"https:\/\/api.w.org\/{rel}","templated":true}]}}