{"id":57090,"date":"2025-04-13T00:01:00","date_gmt":"2025-04-13T06:01:00","guid":{"rendered":"https:\/\/www.opinionpublica.tv\/portada\/?p=57090"},"modified":"2025-04-12T18:46:58","modified_gmt":"2025-04-13T00:46:58","slug":"anuncian-evento-5-de-mayo-en-avenida-juarez-trasmitiran-pelea-de-canelo-alvarez","status":"publish","type":"post","link":"https:\/\/www.opinionpublica.tv\/portada\/anuncian-evento-5-de-mayo-en-avenida-juarez-trasmitiran-pelea-de-canelo-alvarez\/","title":{"rendered":"Anuncian evento \u00ab5 de Mayo\u00bb en avenida Ju\u00e1rez, trasmitir\u00e1n pelea del \u201cCanelo\u201d \u00c1lvarez"},"content":{"rendered":"\n<figure class=\"wp-block-image size-large\"><img fetchpriority=\"high\" decoding=\"async\" width=\"1024\" height=\"682\" src=\"https:\/\/www.opinionpublica.tv\/portada\/wp-content\/uploads\/2025\/04\/Anuncian-evento-225-de-Mayo22-en-avenida-Juarez-trasmitiran-pelea-del-Canelo-Alvarez-1024x682.jpeg\" alt=\"Anuncian evento %225 de mayo%22 en avenida jua\u0301rez, trasmitira\u0301n pelea del \u201ccanelo\u201d a\u0301lvarez\" class=\"wp-image-57093\" srcset=\"https:\/\/www.opinionpublica.tv\/portada\/wp-content\/uploads\/2025\/04\/Anuncian-evento-225-de-Mayo22-en-avenida-Juarez-trasmitiran-pelea-del-Canelo-Alvarez-1024x682.jpeg 1024w, https:\/\/www.opinionpublica.tv\/portada\/wp-content\/uploads\/2025\/04\/Anuncian-evento-225-de-Mayo22-en-avenida-Juarez-trasmitiran-pelea-del-Canelo-Alvarez-300x200.jpeg 300w, https:\/\/www.opinionpublica.tv\/portada\/wp-content\/uploads\/2025\/04\/Anuncian-evento-225-de-Mayo22-en-avenida-Juarez-trasmitiran-pelea-del-Canelo-Alvarez-768x512.jpeg 768w, https:\/\/www.opinionpublica.tv\/portada\/wp-content\/uploads\/2025\/04\/Anuncian-evento-225-de-Mayo22-en-avenida-Juarez-trasmitiran-pelea-del-Canelo-Alvarez-1536x1023.jpeg 1536w, https:\/\/www.opinionpublica.tv\/portada\/wp-content\/uploads\/2025\/04\/Anuncian-evento-225-de-Mayo22-en-avenida-Juarez-trasmitiran-pelea-del-Canelo-Alvarez.jpeg 1600w\" sizes=\"(max-width: 1024px) 100vw, 1024px\" \/><\/figure>\n\n\n\n<p class=\"wp-block-paragraph\"><em>Ciudad Ju\u00e1rez, Chih<\/em>.- Con base en el \u00e9xito del festival \u201cJu\u00e1rez en la Ju\u00e1rez\u201d realizado el pasado mes de marzo, el Gobierno Municipal, por instrucci\u00f3n del Presidente Cruz P\u00e9rez Cu\u00e9llar, realizar\u00e1 un nuevo evento cultural y gastron\u00f3mico con motivo de los festejos del 5 de Mayo.<\/p>\n\n\n\n<p class=\"wp-block-paragraph\">Tania Maldonado Gardu\u00f1o, directora general de Desarrollo Econ\u00f3mico y Francisco Moreno Villafuerte, director de Turismo, invitaron a la ciudadan\u00eda a disfrutar de esta celebraci\u00f3n el pr\u00f3ximo s\u00e1bado 3 de mayo, a partir de las 4:00 de la tarde, sobre la avenida Benito Ju\u00e1rez, desde la calle Mej\u00eda hasta la calle Azucenas.<\/p>\n\n\n\n<p class=\"wp-block-paragraph\">Maldonado explic\u00f3 que el objetivo es continuar reactivando esta emblem\u00e1tica zona con eventos para las familias juarenses y visitantes. Destac\u00f3 que, adem\u00e1s del acto protocolario a las 6:00 de la tarde, se transmitir\u00e1 en vivo la pelea entre \u201cCanelo\u201d \u00c1lvarez y Scully, desde Riad, Arabia Saudita, como parte de las actividades programadas.<\/p>\n\n\n\n<p class=\"wp-block-paragraph\">Por su parte, Moreno agradeci\u00f3 el apoyo de las dependencias municipales y los empresarios que nuevamente se sumar\u00e1n con una amplia oferta gastron\u00f3mica.<\/p>\n\n\n\n<p class=\"wp-block-paragraph\">Anunci\u00f3 que para esta edici\u00f3n se contar\u00e1 con mayor infraestructura, incluyendo sanitarios especiales, espacios de estacionamiento y transporte p\u00fablico.<\/p>\n\n\n\n<p class=\"wp-block-paragraph\">El evento busca fortalecer el sentido de comunidad y la apropiaci\u00f3n de los espacios p\u00fablicos, por lo que se extiende la invitaci\u00f3n a toda la poblaci\u00f3n juarense, as\u00ed como a los vecinos de El Paso, Texas y poblados de los alrededores.<\/p>\n","protected":false},"excerpt":{"rendered":"<p>Ciudad Ju\u00e1rez, Chih.- Con base en el \u00e9xito del festival \u201cJu\u00e1rez en la Ju\u00e1rez\u201d realizado el pasado mes de marzo, el Gobierno Municipal, por instrucci\u00f3n del Presidente Cruz P\u00e9rez Cu\u00e9llar, realizar\u00e1 un nuevo evento cultural y gastron\u00f3mico con motivo de los festejos del 5 de Mayo. Tania Maldonado Gardu\u00f1o, directora general de Desarrollo Econ\u00f3mico y [&hellip;]<\/p>\n","protected":false},"author":6,"featured_media":57093,"comment_status":"closed","ping_status":"closed","sticky":false,"template":"","format":"standard","meta":{"_acf_changed":false,"_monsterinsights_skip_tracking":false,"slim_seo":{"title":"Anuncian evento \"5 de Mayo\" en avenida Ju\u00e1rez, trasmitir\u00e1n pelea del \u201cCanelo\u201d \u00c1lvarez - Opini\u00f3n P\u00fablica","description":"Ciudad Ju\u00e1rez, Chih .- Con base en el \u00e9xito del festival \u201cJu\u00e1rez en la Ju\u00e1rez\u201d realizado el pasado mes de marzo, el Gobierno Municipal, por instrucci\u00f3n del Pres"},"footnotes":""},"categories":[41],"tags":[],"class_list":["post-57090","post","type-post","status-publish","format-standard","has-post-thumbnail","hentry","category-juarez"],"acf":[],"_links":{"self":[{"href":"https:\/\/www.opinionpublica.tv\/portada\/wp-json\/wp\/v2\/posts\/57090","targetHints":{"allow":["GET"]}}],"collection":[{"href":"https:\/\/www.opinionpublica.tv\/portada\/wp-json\/wp\/v2\/posts"}],"about":[{"href":"https:\/\/www.opinionpublica.tv\/portada\/wp-json\/wp\/v2\/types\/post"}],"author":[{"embeddable":true,"href":"https:\/\/www.opinionpublica.tv\/portada\/wp-json\/wp\/v2\/users\/6"}],"replies":[{"embeddable":true,"href":"https:\/\/www.opinionpublica.tv\/portada\/wp-json\/wp\/v2\/comments?post=57090"}],"version-history":[{"count":2,"href":"https:\/\/www.opinionpublica.tv\/portada\/wp-json\/wp\/v2\/posts\/57090\/revisions"}],"predecessor-version":[{"id":57094,"href":"https:\/\/www.opinionpublica.tv\/portada\/wp-json\/wp\/v2\/posts\/57090\/revisions\/57094"}],"wp:featuredmedia":[{"embeddable":true,"href":"https:\/\/www.opinionpublica.tv\/portada\/wp-json\/wp\/v2\/media\/57093"}],"wp:attachment":[{"href":"https:\/\/www.opinionpublica.tv\/portada\/wp-json\/wp\/v2\/media?parent=57090"}],"wp:term":[{"taxonomy":"category","embeddable":true,"href":"https:\/\/www.opinionpublica.tv\/portada\/wp-json\/wp\/v2\/categories?post=57090"},{"taxonomy":"post_tag","embeddable":true,"href":"https:\/\/www.opinionpublica.tv\/portada\/wp-json\/wp\/v2\/tags?post=57090"}],"curies":[{"name":"wp","href":"https:\/\/api.w.org\/{rel}","templated":true}]}}