{"id":57084,"date":"2025-04-13T00:01:00","date_gmt":"2025-04-13T06:01:00","guid":{"rendered":"https:\/\/www.opinionpublica.tv\/portada\/?p=57084"},"modified":"2025-04-12T18:40:54","modified_gmt":"2025-04-13T00:40:54","slug":"que-acciones-tomara-mexico-para-evadir-los-aranceles-de-trump-en-el-sector-automotriz","status":"publish","type":"post","link":"https:\/\/www.opinionpublica.tv\/portada\/que-acciones-tomara-mexico-para-evadir-los-aranceles-de-trump-en-el-sector-automotriz\/","title":{"rendered":"\u00bfQu\u00e9 acciones tomar\u00e1 M\u00e9xico para evadir los aranceles del presidente Trump contra el sector automotriz?"},"content":{"rendered":"\n<figure class=\"wp-block-image size-full\"><img fetchpriority=\"high\" decoding=\"async\" width=\"1200\" height=\"675\" src=\"https:\/\/www.opinionpublica.tv\/portada\/wp-content\/uploads\/2025\/04\/\u00bfQue-acciones-tomara-Mexico-para-evadir-los-aranceles-del-presidente-Trump-contra-el-sector-automotriz.avif\" alt=\"\u00bfque\u0301 acciones tomara\u0301 me\u0301xico para evadir los aranceles del presidente trump contra el sector automotriz?\" class=\"wp-image-57088\"\/><\/figure>\n\n\n\n<p class=\"wp-block-paragraph\">M\u00e9xico quiere que una mayor proporci\u00f3n de cada autom\u00f3vil fabricado en el pa\u00eds pueda optar al estatus de origen de Estados Unidos, una medida que reducir\u00eda el impacto de las pol\u00edticas arancelarias del presidente Donald Trump, dijo el subsecretario de Comercio Exterior, Luis Rosendo Guti\u00e9rrez.<\/p>\n\n\n\n<p class=\"wp-block-paragraph\">Ante los aranceles del 25 por ciento sobre una amplia gama de productos, la segunda econom\u00eda m\u00e1s grande de Am\u00e9rica Latina est\u00e1 actuando r\u00e1pidamente para proteger sus env\u00edos de veh\u00edculos a EU, una de sus exportaciones m\u00e1s importantes en virtud del acuerdo regional de libre comercio que incluye a esta naci\u00f3n y Canad\u00e1.<\/p>\n\n\n\n<p class=\"wp-block-paragraph\">Guti\u00e9rrez dijo el jueves en la Cumbre de Innovaci\u00f3n y Perspectivas de Bloomberg en Ciudad de M\u00e9xico que en lo que respecta a los autom\u00f3viles, est\u00e1n buscando que se tengan en cuenta algunos aspectos del proceso de producci\u00f3n para aumentar el contenido estadounidense y la deducci\u00f3n en el marco del r\u00e9gimen arancelario existente.<\/p>\n\n\n\n<p class=\"wp-block-paragraph\">Guti\u00e9rrez predijo que el tratado de libre comercio entre EU, M\u00e9xico y Canad\u00e1 que Trump firm\u00f3 en su primer mandato se reforzar\u00eda, pero dijo que M\u00e9xico quiere que se establezca un proceso de resoluci\u00f3n de disputas m\u00e1s eficaz. Anteriormente, hab\u00eda dicho que el proceso de revisi\u00f3n del acuerdo para 2026, conocido como T-MEC, podr\u00eda acelerarse bajo Trump.<\/p>\n\n\n\n<p class=\"wp-block-paragraph\">Ebrard ya negoci\u00f3 tres aspectos para reducir impacto de aranceles a la industria automotriz<\/p>\n\n\n\n<p class=\"wp-block-paragraph\">El 27 de marzo, desde EU, el secretario de Econom\u00eda, Marcelo Ebrard, explic\u00f3 en la conferencia matutina de la presidenta Claudia Sheinbaum, tres aspectos que negoci\u00f3 con el Gobierno de Donald Trump para reducir el impacto de los aranceles a la industria automotriz.<\/p>\n\n\n\n<p class=\"wp-block-paragraph\">Explic\u00f3 que han sostenido ya seis reuniones con el secretario de Comercio para lograr un objetivo y es buscar un trato preferente para M\u00e9xico, de manera que se tengan las condiciones de proteger los empleos de nuestro pa\u00eds.<\/p>\n\n\n\n<p class=\"wp-block-paragraph\">Los tres puntos que Ebrard negoci\u00f3 para la aplicaci\u00f3n de aranceles a los autos hechos en M\u00e9xico fueron:<\/p>\n\n\n\n<p class=\"wp-block-paragraph\">Los veh\u00edculos fabricados en M\u00e9xico han ido incrementando sus componentes hechos en EU, por lo tanto, van a tener un descuento, dependiendo de su integraci\u00f3n. Este aspecto lo public\u00f3 Trump.<\/p>\n\n\n\n<p class=\"wp-block-paragraph\">El segundo punto importante son las autopartes que se producen en M\u00e9xico, no se les impondr\u00e1 tarifa al 2 de abril. \u201cEstamos en una mesa para cuidarlas\u201d, detall\u00f3 Ebrard.<\/p>\n\n\n\n<p class=\"wp-block-paragraph\">Adem\u00e1s, no se cobrar\u00e1 varias veces tarifas a los fabricantes que est\u00e1n en M\u00e9xico cuando cruzan la frontera.<\/p>\n\n\n\n<p class=\"wp-block-paragraph\"><em>Con informaci\u00f3n de El Financiero<\/em>.<\/p>\n","protected":false},"excerpt":{"rendered":"<p>M\u00e9xico quiere que una mayor proporci\u00f3n de cada autom\u00f3vil fabricado en el pa\u00eds pueda optar al estatus de origen de Estados Unidos, una medida que reducir\u00eda el impacto de las pol\u00edticas arancelarias del presidente Donald Trump, dijo el subsecretario de Comercio Exterior, Luis Rosendo Guti\u00e9rrez. Ante los aranceles del 25 por ciento sobre una amplia [&hellip;]<\/p>\n","protected":false},"author":6,"featured_media":57088,"comment_status":"closed","ping_status":"closed","sticky":false,"template":"","format":"standard","meta":{"_acf_changed":false,"_monsterinsights_skip_tracking":false,"slim_seo":{"title":"\u00bfQu\u00e9 acciones tomar\u00e1 M\u00e9xico para evadir los aranceles del presidente Trump contra el sector automotriz? - Opini\u00f3n P\u00fablica","description":"M\u00e9xico quiere que una mayor proporci\u00f3n de cada autom\u00f3vil fabricado en el pa\u00eds pueda optar al estatus de origen de Estados Unidos, una medida que reducir\u00eda el im"},"footnotes":""},"categories":[3],"tags":[],"class_list":["post-57084","post","type-post","status-publish","format-standard","has-post-thumbnail","hentry","category-principal"],"acf":[],"_links":{"self":[{"href":"https:\/\/www.opinionpublica.tv\/portada\/wp-json\/wp\/v2\/posts\/57084","targetHints":{"allow":["GET"]}}],"collection":[{"href":"https:\/\/www.opinionpublica.tv\/portada\/wp-json\/wp\/v2\/posts"}],"about":[{"href":"https:\/\/www.opinionpublica.tv\/portada\/wp-json\/wp\/v2\/types\/post"}],"author":[{"embeddable":true,"href":"https:\/\/www.opinionpublica.tv\/portada\/wp-json\/wp\/v2\/users\/6"}],"replies":[{"embeddable":true,"href":"https:\/\/www.opinionpublica.tv\/portada\/wp-json\/wp\/v2\/comments?post=57084"}],"version-history":[{"count":3,"href":"https:\/\/www.opinionpublica.tv\/portada\/wp-json\/wp\/v2\/posts\/57084\/revisions"}],"predecessor-version":[{"id":57089,"href":"https:\/\/www.opinionpublica.tv\/portada\/wp-json\/wp\/v2\/posts\/57084\/revisions\/57089"}],"wp:featuredmedia":[{"embeddable":true,"href":"https:\/\/www.opinionpublica.tv\/portada\/wp-json\/wp\/v2\/media\/57088"}],"wp:attachment":[{"href":"https:\/\/www.opinionpublica.tv\/portada\/wp-json\/wp\/v2\/media?parent=57084"}],"wp:term":[{"taxonomy":"category","embeddable":true,"href":"https:\/\/www.opinionpublica.tv\/portada\/wp-json\/wp\/v2\/categories?post=57084"},{"taxonomy":"post_tag","embeddable":true,"href":"https:\/\/www.opinionpublica.tv\/portada\/wp-json\/wp\/v2\/tags?post=57084"}],"curies":[{"name":"wp","href":"https:\/\/api.w.org\/{rel}","templated":true}]}}